{"id":37782,"date":"2024-08-27T14:29:06","date_gmt":"2024-08-27T19:29:06","guid":{"rendered":"https:\/\/www.fiscaliadecuentas.gob.pa\/?p=37782"},"modified":"2024-12-19T08:53:33","modified_gmt":"2024-12-19T13:53:33","slug":"representantes-de-la-oim-sostienen-encuentro-con-el-fiscal-general-de-cuentas","status":"publish","type":"post","link":"https:\/\/www.fiscaliadecuentas.gob.pa\/?p=37782","title":{"rendered":"Representantes de la OIM sostienen encuentro con el Fiscal General de Cuentas"},"content":{"rendered":"\n<figure class=\"wp-block-image size-large\"><a href=\"https:\/\/www.fiscaliadecuentas.gob.pa\/wp-content\/uploads\/2024\/08\/OIM-3-scaled.jpg\"><img loading=\"lazy\" decoding=\"async\" width=\"1030\" height=\"685\" src=\"https:\/\/www.fiscaliadecuentas.gob.pa\/wp-content\/uploads\/2024\/08\/OIM-3-1030x685.jpg\" alt=\"\" class=\"wp-image-37784\" srcset=\"https:\/\/www.fiscaliadecuentas.gob.pa\/wp-content\/uploads\/2024\/08\/OIM-3-1030x685.jpg 1030w, https:\/\/www.fiscaliadecuentas.gob.pa\/wp-content\/uploads\/2024\/08\/OIM-3-300x200.jpg 300w, https:\/\/www.fiscaliadecuentas.gob.pa\/wp-content\/uploads\/2024\/08\/OIM-3-768x511.jpg 768w, https:\/\/www.fiscaliadecuentas.gob.pa\/wp-content\/uploads\/2024\/08\/OIM-3-1536x1022.jpg 1536w, https:\/\/www.fiscaliadecuentas.gob.pa\/wp-content\/uploads\/2024\/08\/OIM-3-2048x1363.jpg 2048w, https:\/\/www.fiscaliadecuentas.gob.pa\/wp-content\/uploads\/2024\/08\/OIM-3-500x333.jpg 500w, https:\/\/www.fiscaliadecuentas.gob.pa\/wp-content\/uploads\/2024\/08\/OIM-3-800x532.jpg 800w, https:\/\/www.fiscaliadecuentas.gob.pa\/wp-content\/uploads\/2024\/08\/OIM-3-1280x852.jpg 1280w, https:\/\/www.fiscaliadecuentas.gob.pa\/wp-content\/uploads\/2024\/08\/OIM-3-1920x1278.jpg 1920w, https:\/\/www.fiscaliadecuentas.gob.pa\/wp-content\/uploads\/2024\/08\/OIM-3-1500x998.jpg 1500w, https:\/\/www.fiscaliadecuentas.gob.pa\/wp-content\/uploads\/2024\/08\/OIM-3-705x469.jpg 705w\" sizes=\"auto, (max-width: 1030px) 100vw, 1030px\" \/><\/a><\/figure>\n\n\n<p style=\"text-align: justify;\"><br \/>Representantes de la Organizaci\u00f3n Internacional para las Migraciones (OIM), sostuvieron un encuentro con el Fiscal General de Cuentas, con la finalidad de presentar los avances de la organizaci\u00f3n de la IV Edici\u00f3n del Torneo de Debate, Pro Cultura de Legalidad, que este a\u00f1o tiene como lema, \u201cMigraci\u00f3n y ODS: Hacia un Enfoque Integral de la Gobernanza en Panam\u00e1\u201d.<\/p>\n<p style=\"text-align: justify;\">Jaime Barroso, fiscal general; Yamileth Atencio, secretaria general y Abelardo Mu\u00f1oz, jefe de la Oficina de Recursos Humanos de la instituci\u00f3n, se reunieron con Giuseppe Loprete, jefe de la Misi\u00f3n de la OIM en Panam\u00e1, quien revel\u00f3 el desarrollo de la organizaci\u00f3n del evento, el cual va dirigido a estudiantes de secundaria y universitario.<\/p>\n<p style=\"text-align: justify;\">\u201cTenemos ya casi 500 j\u00f3venes registrados para el torneo de debate previsto realizarse entre los meses de septiembre y octubre, involucrando a otras agencias y a la Fiscal\u00eda General de Cuentas\u201d, manifest\u00f3 Loprete, quien estuvo acompa\u00f1ado de Idian Osorio y Abdiel Mena.<\/p>\n<p style=\"text-align: justify;\">El grupo de la OIM detall\u00f3 al Fiscal General todo lo relacionado con el tema t\u00e9cnico del evento, como la capacitaci\u00f3n a los jueces y talleres para los participantes, aspectos relevantes para la final programada \u201ctentativamente\u201d para el 24 de octubre de 2024, D\u00eda de las Naciones Unidas.<\/p>\n\n\n<figure class=\"wp-block-image size-large\"><a href=\"https:\/\/www.fiscaliadecuentas.gob.pa\/wp-content\/uploads\/2024\/08\/WhatsApp-Image-2024-08-27-at-11.39.16-AM.jpeg\"><img loading=\"lazy\" decoding=\"async\" width=\"1030\" height=\"685\" src=\"https:\/\/www.fiscaliadecuentas.gob.pa\/wp-content\/uploads\/2024\/08\/WhatsApp-Image-2024-08-27-at-11.39.16-AM-1030x685.jpeg\" alt=\"\" class=\"wp-image-37786\" style=\"object-fit:cover\" srcset=\"https:\/\/www.fiscaliadecuentas.gob.pa\/wp-content\/uploads\/2024\/08\/WhatsApp-Image-2024-08-27-at-11.39.16-AM-1030x685.jpeg 1030w, https:\/\/www.fiscaliadecuentas.gob.pa\/wp-content\/uploads\/2024\/08\/WhatsApp-Image-2024-08-27-at-11.39.16-AM-300x200.jpeg 300w, https:\/\/www.fiscaliadecuentas.gob.pa\/wp-content\/uploads\/2024\/08\/WhatsApp-Image-2024-08-27-at-11.39.16-AM-768x511.jpeg 768w, https:\/\/www.fiscaliadecuentas.gob.pa\/wp-content\/uploads\/2024\/08\/WhatsApp-Image-2024-08-27-at-11.39.16-AM-1536x1021.jpeg 1536w, https:\/\/www.fiscaliadecuentas.gob.pa\/wp-content\/uploads\/2024\/08\/WhatsApp-Image-2024-08-27-at-11.39.16-AM-500x333.jpeg 500w, https:\/\/www.fiscaliadecuentas.gob.pa\/wp-content\/uploads\/2024\/08\/WhatsApp-Image-2024-08-27-at-11.39.16-AM-800x532.jpeg 800w, https:\/\/www.fiscaliadecuentas.gob.pa\/wp-content\/uploads\/2024\/08\/WhatsApp-Image-2024-08-27-at-11.39.16-AM-1280x851.jpeg 1280w, https:\/\/www.fiscaliadecuentas.gob.pa\/wp-content\/uploads\/2024\/08\/WhatsApp-Image-2024-08-27-at-11.39.16-AM-1500x998.jpeg 1500w, https:\/\/www.fiscaliadecuentas.gob.pa\/wp-content\/uploads\/2024\/08\/WhatsApp-Image-2024-08-27-at-11.39.16-AM-705x469.jpeg 705w, https:\/\/www.fiscaliadecuentas.gob.pa\/wp-content\/uploads\/2024\/08\/WhatsApp-Image-2024-08-27-at-11.39.16-AM.jpeg 1600w\" sizes=\"auto, (max-width: 1030px) 100vw, 1030px\" \/><\/a><\/figure>\n\n\n\n<figure class=\"wp-block-image size-large\"><a href=\"https:\/\/www.fiscaliadecuentas.gob.pa\/wp-content\/uploads\/2024\/08\/WhatsApp-Image-2024-08-27-at-11.39.15-AM-1.jpeg\"><img loading=\"lazy\" decoding=\"async\" width=\"1030\" height=\"685\" src=\"https:\/\/www.fiscaliadecuentas.gob.pa\/wp-content\/uploads\/2024\/08\/WhatsApp-Image-2024-08-27-at-11.39.15-AM-1-1030x685.jpeg\" alt=\"\" class=\"wp-image-37787\" style=\"object-fit:cover\" srcset=\"https:\/\/www.fiscaliadecuentas.gob.pa\/wp-content\/uploads\/2024\/08\/WhatsApp-Image-2024-08-27-at-11.39.15-AM-1-1030x685.jpeg 1030w, https:\/\/www.fiscaliadecuentas.gob.pa\/wp-content\/uploads\/2024\/08\/WhatsApp-Image-2024-08-27-at-11.39.15-AM-1-300x200.jpeg 300w, https:\/\/www.fiscaliadecuentas.gob.pa\/wp-content\/uploads\/2024\/08\/WhatsApp-Image-2024-08-27-at-11.39.15-AM-1-768x511.jpeg 768w, https:\/\/www.fiscaliadecuentas.gob.pa\/wp-content\/uploads\/2024\/08\/WhatsApp-Image-2024-08-27-at-11.39.15-AM-1-1536x1021.jpeg 1536w, https:\/\/www.fiscaliadecuentas.gob.pa\/wp-content\/uploads\/2024\/08\/WhatsApp-Image-2024-08-27-at-11.39.15-AM-1-500x333.jpeg 500w, https:\/\/www.fiscaliadecuentas.gob.pa\/wp-content\/uploads\/2024\/08\/WhatsApp-Image-2024-08-27-at-11.39.15-AM-1-800x532.jpeg 800w, https:\/\/www.fiscaliadecuentas.gob.pa\/wp-content\/uploads\/2024\/08\/WhatsApp-Image-2024-08-27-at-11.39.15-AM-1-1280x851.jpeg 1280w, https:\/\/www.fiscaliadecuentas.gob.pa\/wp-content\/uploads\/2024\/08\/WhatsApp-Image-2024-08-27-at-11.39.15-AM-1-1500x998.jpeg 1500w, https:\/\/www.fiscaliadecuentas.gob.pa\/wp-content\/uploads\/2024\/08\/WhatsApp-Image-2024-08-27-at-11.39.15-AM-1-705x469.jpeg 705w, https:\/\/www.fiscaliadecuentas.gob.pa\/wp-content\/uploads\/2024\/08\/WhatsApp-Image-2024-08-27-at-11.39.15-AM-1.jpeg 1600w\" sizes=\"auto, (max-width: 1030px) 100vw, 1030px\" \/><\/a><\/figure>\n\n\n\n<figure class=\"wp-block-image size-large\"><a href=\"https:\/\/www.fiscaliadecuentas.gob.pa\/wp-content\/uploads\/2024\/08\/WhatsApp-Image-2024-08-27-at-11.39.15-AM.jpeg\"><img loading=\"lazy\" decoding=\"async\" width=\"1030\" height=\"685\" src=\"https:\/\/www.fiscaliadecuentas.gob.pa\/wp-content\/uploads\/2024\/08\/WhatsApp-Image-2024-08-27-at-11.39.15-AM-1030x685.jpeg\" alt=\"\" class=\"wp-image-37788\" srcset=\"https:\/\/www.fiscaliadecuentas.gob.pa\/wp-content\/uploads\/2024\/08\/WhatsApp-Image-2024-08-27-at-11.39.15-AM-1030x685.jpeg 1030w, https:\/\/www.fiscaliadecuentas.gob.pa\/wp-content\/uploads\/2024\/08\/WhatsApp-Image-2024-08-27-at-11.39.15-AM-300x200.jpeg 300w, https:\/\/www.fiscaliadecuentas.gob.pa\/wp-content\/uploads\/2024\/08\/WhatsApp-Image-2024-08-27-at-11.39.15-AM-768x511.jpeg 768w, https:\/\/www.fiscaliadecuentas.gob.pa\/wp-content\/uploads\/2024\/08\/WhatsApp-Image-2024-08-27-at-11.39.15-AM-1536x1021.jpeg 1536w, https:\/\/www.fiscaliadecuentas.gob.pa\/wp-content\/uploads\/2024\/08\/WhatsApp-Image-2024-08-27-at-11.39.15-AM-500x333.jpeg 500w, https:\/\/www.fiscaliadecuentas.gob.pa\/wp-content\/uploads\/2024\/08\/WhatsApp-Image-2024-08-27-at-11.39.15-AM-800x532.jpeg 800w, https:\/\/www.fiscaliadecuentas.gob.pa\/wp-content\/uploads\/2024\/08\/WhatsApp-Image-2024-08-27-at-11.39.15-AM-1280x851.jpeg 1280w, https:\/\/www.fiscaliadecuentas.gob.pa\/wp-content\/uploads\/2024\/08\/WhatsApp-Image-2024-08-27-at-11.39.15-AM-1500x998.jpeg 1500w, https:\/\/www.fiscaliadecuentas.gob.pa\/wp-content\/uploads\/2024\/08\/WhatsApp-Image-2024-08-27-at-11.39.15-AM-705x469.jpeg 705w, https:\/\/www.fiscaliadecuentas.gob.pa\/wp-content\/uploads\/2024\/08\/WhatsApp-Image-2024-08-27-at-11.39.15-AM.jpeg 1600w\" sizes=\"auto, (max-width: 1030px) 100vw, 1030px\" \/><\/a><\/figure>\n\n\n\n<figure class=\"wp-block-image size-large\"><a href=\"https:\/\/www.fiscaliadecuentas.gob.pa\/wp-content\/uploads\/2024\/08\/WhatsApp-Image-2024-08-27-at-11.39.16-AM-3.jpeg\"><img loading=\"lazy\" decoding=\"async\" width=\"1030\" height=\"685\" src=\"https:\/\/www.fiscaliadecuentas.gob.pa\/wp-content\/uploads\/2024\/08\/WhatsApp-Image-2024-08-27-at-11.39.16-AM-3-1030x685.jpeg\" alt=\"\" class=\"wp-image-37789\" srcset=\"https:\/\/www.fiscaliadecuentas.gob.pa\/wp-content\/uploads\/2024\/08\/WhatsApp-Image-2024-08-27-at-11.39.16-AM-3-1030x685.jpeg 1030w, https:\/\/www.fiscaliadecuentas.gob.pa\/wp-content\/uploads\/2024\/08\/WhatsApp-Image-2024-08-27-at-11.39.16-AM-3-300x200.jpeg 300w, https:\/\/www.fiscaliadecuentas.gob.pa\/wp-content\/uploads\/2024\/08\/WhatsApp-Image-2024-08-27-at-11.39.16-AM-3-768x511.jpeg 768w, https:\/\/www.fiscaliadecuentas.gob.pa\/wp-content\/uploads\/2024\/08\/WhatsApp-Image-2024-08-27-at-11.39.16-AM-3-1536x1021.jpeg 1536w, https:\/\/www.fiscaliadecuentas.gob.pa\/wp-content\/uploads\/2024\/08\/WhatsApp-Image-2024-08-27-at-11.39.16-AM-3-500x333.jpeg 500w, https:\/\/www.fiscaliadecuentas.gob.pa\/wp-content\/uploads\/2024\/08\/WhatsApp-Image-2024-08-27-at-11.39.16-AM-3-800x532.jpeg 800w, https:\/\/www.fiscaliadecuentas.gob.pa\/wp-content\/uploads\/2024\/08\/WhatsApp-Image-2024-08-27-at-11.39.16-AM-3-1280x851.jpeg 1280w, https:\/\/www.fiscaliadecuentas.gob.pa\/wp-content\/uploads\/2024\/08\/WhatsApp-Image-2024-08-27-at-11.39.16-AM-3-1500x998.jpeg 1500w, https:\/\/www.fiscaliadecuentas.gob.pa\/wp-content\/uploads\/2024\/08\/WhatsApp-Image-2024-08-27-at-11.39.16-AM-3-705x469.jpeg 705w, https:\/\/www.fiscaliadecuentas.gob.pa\/wp-content\/uploads\/2024\/08\/WhatsApp-Image-2024-08-27-at-11.39.16-AM-3.jpeg 1600w\" sizes=\"auto, (max-width: 1030px) 100vw, 1030px\" \/><\/a><\/figure>\n","protected":false},"excerpt":{"rendered":"<p>Representantes de la Organizaci\u00f3n Internacional para las Migraciones (OIM), sostuvieron un encuentro con el Fiscal General de Cuentas, con la finalidad de presentar los avances de la organizaci\u00f3n de la [&hellip;]<\/p>\n","protected":false},"author":4,"featured_media":37778,"comment_status":"closed","ping_status":"closed","sticky":false,"template":"","format":"standard","meta":{"_EventAllDay":false,"_EventTimezone":"","_EventStartDate":"","_EventEndDate":"","_EventStartDateUTC":"","_EventEndDateUTC":"","_EventShowMap":false,"_EventShowMapLink":false,"_EventURL":"","_EventCost":"","_EventCostDescription":"","_EventCurrencySymbol":"","_EventCurrencyCode":"","_EventCurrencyPosition":"","_EventDateTimeSeparator":"","_EventTimeRangeSeparator":"","_EventOrganizerID":[],"_EventVenueID":[],"_OrganizerEmail":"","_OrganizerPhone":"","_OrganizerWebsite":"","_VenueAddress":"","_VenueCity":"","_VenueCountry":"","_VenueProvince":"","_VenueState":"","_VenueZip":"","_VenuePhone":"","_VenueURL":"","_VenueStateProvince":"","_VenueLat":"","_VenueLng":"","_VenueShowMap":false,"_VenueShowMapLink":false,"footnotes":""},"categories":[1],"tags":[],"class_list":["post-37782","post","type-post","status-publish","format-standard","has-post-thumbnail","hentry","category-noticias"],"_links":{"self":[{"href":"https:\/\/www.fiscaliadecuentas.gob.pa\/index.php?rest_route=\/wp\/v2\/posts\/37782","targetHints":{"allow":["GET"]}}],"collection":[{"href":"https:\/\/www.fiscaliadecuentas.gob.pa\/index.php?rest_route=\/wp\/v2\/posts"}],"about":[{"href":"https:\/\/www.fiscaliadecuentas.gob.pa\/index.php?rest_route=\/wp\/v2\/types\/post"}],"author":[{"embeddable":true,"href":"https:\/\/www.fiscaliadecuentas.gob.pa\/index.php?rest_route=\/wp\/v2\/users\/4"}],"replies":[{"embeddable":true,"href":"https:\/\/www.fiscaliadecuentas.gob.pa\/index.php?rest_route=%2Fwp%2Fv2%2Fcomments&post=37782"}],"version-history":[{"count":4,"href":"https:\/\/www.fiscaliadecuentas.gob.pa\/index.php?rest_route=\/wp\/v2\/posts\/37782\/revisions"}],"predecessor-version":[{"id":37793,"href":"https:\/\/www.fiscaliadecuentas.gob.pa\/index.php?rest_route=\/wp\/v2\/posts\/37782\/revisions\/37793"}],"wp:featuredmedia":[{"embeddable":true,"href":"https:\/\/www.fiscaliadecuentas.gob.pa\/index.php?rest_route=\/wp\/v2\/media\/37778"}],"wp:attachment":[{"href":"https:\/\/www.fiscaliadecuentas.gob.pa\/index.php?rest_route=%2Fwp%2Fv2%2Fmedia&parent=37782"}],"wp:term":[{"taxonomy":"category","embeddable":true,"href":"https:\/\/www.fiscaliadecuentas.gob.pa\/index.php?rest_route=%2Fwp%2Fv2%2Fcategories&post=37782"},{"taxonomy":"post_tag","embeddable":true,"href":"https:\/\/www.fiscaliadecuentas.gob.pa\/index.php?rest_route=%2Fwp%2Fv2%2Ftags&post=37782"}],"curies":[{"name":"wp","href":"https:\/\/api.w.org\/{rel}","templated":true}]}}