{"id":37794,"date":"2024-08-27T16:57:29","date_gmt":"2024-08-27T21:57:29","guid":{"rendered":"https:\/\/www.fiscaliadecuentas.gob.pa\/?p=37794"},"modified":"2024-12-19T08:57:11","modified_gmt":"2024-12-19T13:57:11","slug":"fiscalia-general-de-cuentas-se-une-a-la-campana-del-mes-mundial-del-alzheimer","status":"publish","type":"post","link":"https:\/\/www.fiscaliadecuentas.gob.pa\/?p=37794","title":{"rendered":"Fiscal\u00eda General de Cuentas se une a la campa\u00f1a del mes mundial del Alzheimer"},"content":{"rendered":"\n<figure class=\"wp-block-image size-large\"><a href=\"https:\/\/www.fiscaliadecuentas.gob.pa\/wp-content\/uploads\/2024\/08\/WhatsApp-Image-2024-08-27-at-4.48.58-PM.jpeg\"><img loading=\"lazy\" decoding=\"async\" width=\"1030\" height=\"685\" src=\"https:\/\/www.fiscaliadecuentas.gob.pa\/wp-content\/uploads\/2024\/08\/WhatsApp-Image-2024-08-27-at-4.48.58-PM-1030x685.jpeg\" alt=\"\" class=\"wp-image-37795\" srcset=\"https:\/\/www.fiscaliadecuentas.gob.pa\/wp-content\/uploads\/2024\/08\/WhatsApp-Image-2024-08-27-at-4.48.58-PM-1030x685.jpeg 1030w, https:\/\/www.fiscaliadecuentas.gob.pa\/wp-content\/uploads\/2024\/08\/WhatsApp-Image-2024-08-27-at-4.48.58-PM-300x200.jpeg 300w, https:\/\/www.fiscaliadecuentas.gob.pa\/wp-content\/uploads\/2024\/08\/WhatsApp-Image-2024-08-27-at-4.48.58-PM-768x511.jpeg 768w, https:\/\/www.fiscaliadecuentas.gob.pa\/wp-content\/uploads\/2024\/08\/WhatsApp-Image-2024-08-27-at-4.48.58-PM-1536x1021.jpeg 1536w, https:\/\/www.fiscaliadecuentas.gob.pa\/wp-content\/uploads\/2024\/08\/WhatsApp-Image-2024-08-27-at-4.48.58-PM-500x333.jpeg 500w, https:\/\/www.fiscaliadecuentas.gob.pa\/wp-content\/uploads\/2024\/08\/WhatsApp-Image-2024-08-27-at-4.48.58-PM-800x532.jpeg 800w, https:\/\/www.fiscaliadecuentas.gob.pa\/wp-content\/uploads\/2024\/08\/WhatsApp-Image-2024-08-27-at-4.48.58-PM-1280x851.jpeg 1280w, https:\/\/www.fiscaliadecuentas.gob.pa\/wp-content\/uploads\/2024\/08\/WhatsApp-Image-2024-08-27-at-4.48.58-PM-1500x998.jpeg 1500w, https:\/\/www.fiscaliadecuentas.gob.pa\/wp-content\/uploads\/2024\/08\/WhatsApp-Image-2024-08-27-at-4.48.58-PM-705x469.jpeg 705w, https:\/\/www.fiscaliadecuentas.gob.pa\/wp-content\/uploads\/2024\/08\/WhatsApp-Image-2024-08-27-at-4.48.58-PM.jpeg 1600w\" sizes=\"auto, (max-width: 1030px) 100vw, 1030px\" \/><\/a><\/figure>\n\n\n<p style=\"text-align: justify;\">Por tercer a\u00f1o consecutivo la Fiscal\u00eda General de Cuentas se apresta a participar de la campa\u00f1a de sensibilizaci\u00f3n del mes mundial del Alzheimer.<\/p>\n<p style=\"text-align: justify;\">Con ese fin, y siendo esta entidad \u201cDementia Friends\u201d; Yamileth Atencio y Abelardo Mu\u00f1oz, secretaria general y jefe de la Oficina de Recursos Humanos de la instituci\u00f3n respectivamente, llevaron a cabo una reuni\u00f3n informativa con Ingrid Wellington, fundadora de la Asociaci\u00f3n de Apoyo a los Familiares de Pacientes con Alzheimer y Otras Enfermedades Demenciales (AFAPADEA).<\/p>\n<p style=\"text-align: justify;\">Wellington explic\u00f3 a las autoridades de la Fiscal\u00eda General de Cuentas, aspectos relacionados con la campa\u00f1a, que se realiza durante el mes de septiembre y que para este a\u00f1o lleva el lema, \u201cActitudes Hacia la Demencia\u201d, adem\u00e1s, de la presentaci\u00f3n del informe mundial sobre esta enfermedad.<\/p>\n\n\n<figure class=\"wp-block-image size-large\"><a href=\"https:\/\/www.fiscaliadecuentas.gob.pa\/wp-content\/uploads\/2024\/08\/WhatsApp-Image-2024-08-27-at-4.48.58-PM-1.jpeg\"><img loading=\"lazy\" decoding=\"async\" width=\"1030\" height=\"685\" src=\"https:\/\/www.fiscaliadecuentas.gob.pa\/wp-content\/uploads\/2024\/08\/WhatsApp-Image-2024-08-27-at-4.48.58-PM-1-1030x685.jpeg\" alt=\"\" class=\"wp-image-37796\" srcset=\"https:\/\/www.fiscaliadecuentas.gob.pa\/wp-content\/uploads\/2024\/08\/WhatsApp-Image-2024-08-27-at-4.48.58-PM-1-1030x685.jpeg 1030w, https:\/\/www.fiscaliadecuentas.gob.pa\/wp-content\/uploads\/2024\/08\/WhatsApp-Image-2024-08-27-at-4.48.58-PM-1-300x200.jpeg 300w, https:\/\/www.fiscaliadecuentas.gob.pa\/wp-content\/uploads\/2024\/08\/WhatsApp-Image-2024-08-27-at-4.48.58-PM-1-768x511.jpeg 768w, https:\/\/www.fiscaliadecuentas.gob.pa\/wp-content\/uploads\/2024\/08\/WhatsApp-Image-2024-08-27-at-4.48.58-PM-1-1536x1021.jpeg 1536w, https:\/\/www.fiscaliadecuentas.gob.pa\/wp-content\/uploads\/2024\/08\/WhatsApp-Image-2024-08-27-at-4.48.58-PM-1-500x333.jpeg 500w, https:\/\/www.fiscaliadecuentas.gob.pa\/wp-content\/uploads\/2024\/08\/WhatsApp-Image-2024-08-27-at-4.48.58-PM-1-800x532.jpeg 800w, https:\/\/www.fiscaliadecuentas.gob.pa\/wp-content\/uploads\/2024\/08\/WhatsApp-Image-2024-08-27-at-4.48.58-PM-1-1280x851.jpeg 1280w, https:\/\/www.fiscaliadecuentas.gob.pa\/wp-content\/uploads\/2024\/08\/WhatsApp-Image-2024-08-27-at-4.48.58-PM-1-1500x998.jpeg 1500w, https:\/\/www.fiscaliadecuentas.gob.pa\/wp-content\/uploads\/2024\/08\/WhatsApp-Image-2024-08-27-at-4.48.58-PM-1-705x469.jpeg 705w, https:\/\/www.fiscaliadecuentas.gob.pa\/wp-content\/uploads\/2024\/08\/WhatsApp-Image-2024-08-27-at-4.48.58-PM-1.jpeg 1600w\" sizes=\"auto, (max-width: 1030px) 100vw, 1030px\" \/><\/a><\/figure>\n\n\n\n<figure class=\"wp-block-image size-large\"><a href=\"https:\/\/www.fiscaliadecuentas.gob.pa\/wp-content\/uploads\/2024\/08\/WhatsApp-Image-2024-08-27-at-4.48.59-PM.jpeg\"><img loading=\"lazy\" decoding=\"async\" width=\"1030\" height=\"685\" src=\"https:\/\/www.fiscaliadecuentas.gob.pa\/wp-content\/uploads\/2024\/08\/WhatsApp-Image-2024-08-27-at-4.48.59-PM-1030x685.jpeg\" alt=\"\" class=\"wp-image-37798\" srcset=\"https:\/\/www.fiscaliadecuentas.gob.pa\/wp-content\/uploads\/2024\/08\/WhatsApp-Image-2024-08-27-at-4.48.59-PM-1030x685.jpeg 1030w, https:\/\/www.fiscaliadecuentas.gob.pa\/wp-content\/uploads\/2024\/08\/WhatsApp-Image-2024-08-27-at-4.48.59-PM-300x200.jpeg 300w, https:\/\/www.fiscaliadecuentas.gob.pa\/wp-content\/uploads\/2024\/08\/WhatsApp-Image-2024-08-27-at-4.48.59-PM-768x511.jpeg 768w, https:\/\/www.fiscaliadecuentas.gob.pa\/wp-content\/uploads\/2024\/08\/WhatsApp-Image-2024-08-27-at-4.48.59-PM-1536x1021.jpeg 1536w, https:\/\/www.fiscaliadecuentas.gob.pa\/wp-content\/uploads\/2024\/08\/WhatsApp-Image-2024-08-27-at-4.48.59-PM-500x333.jpeg 500w, https:\/\/www.fiscaliadecuentas.gob.pa\/wp-content\/uploads\/2024\/08\/WhatsApp-Image-2024-08-27-at-4.48.59-PM-800x532.jpeg 800w, https:\/\/www.fiscaliadecuentas.gob.pa\/wp-content\/uploads\/2024\/08\/WhatsApp-Image-2024-08-27-at-4.48.59-PM-1280x851.jpeg 1280w, https:\/\/www.fiscaliadecuentas.gob.pa\/wp-content\/uploads\/2024\/08\/WhatsApp-Image-2024-08-27-at-4.48.59-PM-1500x998.jpeg 1500w, https:\/\/www.fiscaliadecuentas.gob.pa\/wp-content\/uploads\/2024\/08\/WhatsApp-Image-2024-08-27-at-4.48.59-PM-705x469.jpeg 705w, https:\/\/www.fiscaliadecuentas.gob.pa\/wp-content\/uploads\/2024\/08\/WhatsApp-Image-2024-08-27-at-4.48.59-PM.jpeg 1600w\" sizes=\"auto, (max-width: 1030px) 100vw, 1030px\" \/><\/a><\/figure>\n","protected":false},"excerpt":{"rendered":"<p>Por tercer a\u00f1o consecutivo la Fiscal\u00eda General de Cuentas se apresta a participar de la campa\u00f1a de sensibilizaci\u00f3n del mes mundial del Alzheimer. Con ese fin, y siendo esta entidad [&hellip;]<\/p>\n","protected":false},"author":4,"featured_media":37795,"comment_status":"closed","ping_status":"closed","sticky":false,"template":"","format":"standard","meta":{"_EventAllDay":false,"_EventTimezone":"","_EventStartDate":"","_EventEndDate":"","_EventStartDateUTC":"","_EventEndDateUTC":"","_EventShowMap":false,"_EventShowMapLink":false,"_EventURL":"","_EventCost":"","_EventCostDescription":"","_EventCurrencySymbol":"","_EventCurrencyCode":"","_EventCurrencyPosition":"","_EventDateTimeSeparator":"","_EventTimeRangeSeparator":"","_EventOrganizerID":[],"_EventVenueID":[],"_OrganizerEmail":"","_OrganizerPhone":"","_OrganizerWebsite":"","_VenueAddress":"","_VenueCity":"","_VenueCountry":"","_VenueProvince":"","_VenueState":"","_VenueZip":"","_VenuePhone":"","_VenueURL":"","_VenueStateProvince":"","_VenueLat":"","_VenueLng":"","_VenueShowMap":false,"_VenueShowMapLink":false,"footnotes":""},"categories":[3],"tags":[],"class_list":["post-37794","post","type-post","status-publish","format-standard","has-post-thumbnail","hentry","category-actividades"],"_links":{"self":[{"href":"https:\/\/www.fiscaliadecuentas.gob.pa\/index.php?rest_route=\/wp\/v2\/posts\/37794","targetHints":{"allow":["GET"]}}],"collection":[{"href":"https:\/\/www.fiscaliadecuentas.gob.pa\/index.php?rest_route=\/wp\/v2\/posts"}],"about":[{"href":"https:\/\/www.fiscaliadecuentas.gob.pa\/index.php?rest_route=\/wp\/v2\/types\/post"}],"author":[{"embeddable":true,"href":"https:\/\/www.fiscaliadecuentas.gob.pa\/index.php?rest_route=\/wp\/v2\/users\/4"}],"replies":[{"embeddable":true,"href":"https:\/\/www.fiscaliadecuentas.gob.pa\/index.php?rest_route=%2Fwp%2Fv2%2Fcomments&post=37794"}],"version-history":[{"count":2,"href":"https:\/\/www.fiscaliadecuentas.gob.pa\/index.php?rest_route=\/wp\/v2\/posts\/37794\/revisions"}],"predecessor-version":[{"id":37800,"href":"https:\/\/www.fiscaliadecuentas.gob.pa\/index.php?rest_route=\/wp\/v2\/posts\/37794\/revisions\/37800"}],"wp:featuredmedia":[{"embeddable":true,"href":"https:\/\/www.fiscaliadecuentas.gob.pa\/index.php?rest_route=\/wp\/v2\/media\/37795"}],"wp:attachment":[{"href":"https:\/\/www.fiscaliadecuentas.gob.pa\/index.php?rest_route=%2Fwp%2Fv2%2Fmedia&parent=37794"}],"wp:term":[{"taxonomy":"category","embeddable":true,"href":"https:\/\/www.fiscaliadecuentas.gob.pa\/index.php?rest_route=%2Fwp%2Fv2%2Fcategories&post=37794"},{"taxonomy":"post_tag","embeddable":true,"href":"https:\/\/www.fiscaliadecuentas.gob.pa\/index.php?rest_route=%2Fwp%2Fv2%2Ftags&post=37794"}],"curies":[{"name":"wp","href":"https:\/\/api.w.org\/{rel}","templated":true}]}}