{"id":37856,"date":"2024-09-05T19:09:04","date_gmt":"2024-09-06T00:09:04","guid":{"rendered":"https:\/\/www.fiscaliadecuentas.gob.pa\/?p=37856"},"modified":"2024-12-19T09:32:23","modified_gmt":"2024-12-19T14:32:23","slug":"nuevas-autoridades-de-la-fiscalia-general-de-cuentas","status":"publish","type":"post","link":"https:\/\/www.fiscaliadecuentas.gob.pa\/?p=37856","title":{"rendered":"Nuevas autoridades de la Fiscal\u00eda General de Cuentas"},"content":{"rendered":"\n<figure class=\"wp-block-image size-large\"><a href=\"https:\/\/www.fiscaliadecuentas.gob.pa\/wp-content\/uploads\/2024\/09\/Foto-Autoridades.png\"><img loading=\"lazy\" decoding=\"async\" width=\"1030\" height=\"687\" src=\"https:\/\/www.fiscaliadecuentas.gob.pa\/wp-content\/uploads\/2024\/09\/Foto-Autoridades-1030x687.png\" alt=\"\" class=\"wp-image-37857\" srcset=\"https:\/\/www.fiscaliadecuentas.gob.pa\/wp-content\/uploads\/2024\/09\/Foto-Autoridades-1030x687.png 1030w, https:\/\/www.fiscaliadecuentas.gob.pa\/wp-content\/uploads\/2024\/09\/Foto-Autoridades-300x200.png 300w, https:\/\/www.fiscaliadecuentas.gob.pa\/wp-content\/uploads\/2024\/09\/Foto-Autoridades-768x512.png 768w, https:\/\/www.fiscaliadecuentas.gob.pa\/wp-content\/uploads\/2024\/09\/Foto-Autoridades-1536x1024.png 1536w, https:\/\/www.fiscaliadecuentas.gob.pa\/wp-content\/uploads\/2024\/09\/Foto-Autoridades-500x333.png 500w, https:\/\/www.fiscaliadecuentas.gob.pa\/wp-content\/uploads\/2024\/09\/Foto-Autoridades-800x533.png 800w, https:\/\/www.fiscaliadecuentas.gob.pa\/wp-content\/uploads\/2024\/09\/Foto-Autoridades-1280x853.png 1280w, https:\/\/www.fiscaliadecuentas.gob.pa\/wp-content\/uploads\/2024\/09\/Foto-Autoridades-1500x1000.png 1500w, https:\/\/www.fiscaliadecuentas.gob.pa\/wp-content\/uploads\/2024\/09\/Foto-Autoridades-705x470.png 705w, https:\/\/www.fiscaliadecuentas.gob.pa\/wp-content\/uploads\/2024\/09\/Foto-Autoridades.png 1920w\" sizes=\"auto, (max-width: 1030px) 100vw, 1030px\" \/><\/a><\/figure>\n\n\n<p style=\"text-align: justify;\">El Licenciado Jaime Barroso asumi\u00f3 el cargo de Fiscal General de Cuenta de Panam\u00e1, con una trayectoria profesional de m\u00e1s de 32 a\u00f1os en el ejercicio del Derecho.<\/p>\n<p style=\"text-align: justify;\">Tiene a su haber un Diplomado en Derecho Procesal Constitucional de la Universidad Latina de Panam\u00e1, Diplomado en Derecho Administrativo de la Universidad de Panam\u00e1 y una Maestr\u00eda en Derecho de Familia de lSAE Universidad, entre otros.<\/p>\n<p style=\"text-align: justify;\">A su vez, la Licenciada Yamileth Yariela Atencio Cede\u00f1o, fue designada como Secretaria General de la instituci\u00f3n, con 15 a\u00f1os como profesional del Derecho, es Egresada de la Universidad Cat\u00f3lica Santa Mar\u00eda La Antigua con Licenciatura en Derecho y Ciencias Pol\u00edticas, posee una Maestr\u00eda en Derecho Procesal con \u00e9nfasis en Principios del Debido Proceso y Tutela Judicial de la Universidad Latina de Panam\u00e1.<\/p>","protected":false},"excerpt":{"rendered":"<p>El Licenciado Jaime Barroso asumi\u00f3 el cargo de Fiscal General de Cuenta de Panam\u00e1, con una trayectoria profesional de m\u00e1s de 32 a\u00f1os en el ejercicio del Derecho. Tiene a [&hellip;]<\/p>\n","protected":false},"author":4,"featured_media":37857,"comment_status":"closed","ping_status":"closed","sticky":false,"template":"","format":"standard","meta":{"_EventAllDay":false,"_EventTimezone":"","_EventStartDate":"","_EventEndDate":"","_EventStartDateUTC":"","_EventEndDateUTC":"","_EventShowMap":false,"_EventShowMapLink":false,"_EventURL":"","_EventCost":"","_EventCostDescription":"","_EventCurrencySymbol":"","_EventCurrencyCode":"","_EventCurrencyPosition":"","_EventDateTimeSeparator":"","_EventTimeRangeSeparator":"","_EventOrganizerID":[],"_EventVenueID":[],"_OrganizerEmail":"","_OrganizerPhone":"","_OrganizerWebsite":"","_VenueAddress":"","_VenueCity":"","_VenueCountry":"","_VenueProvince":"","_VenueState":"","_VenueZip":"","_VenuePhone":"","_VenueURL":"","_VenueStateProvince":"","_VenueLat":"","_VenueLng":"","_VenueShowMap":false,"_VenueShowMapLink":false,"footnotes":""},"categories":[1],"tags":[],"class_list":["post-37856","post","type-post","status-publish","format-standard","has-post-thumbnail","hentry","category-noticias"],"_links":{"self":[{"href":"https:\/\/www.fiscaliadecuentas.gob.pa\/index.php?rest_route=\/wp\/v2\/posts\/37856","targetHints":{"allow":["GET"]}}],"collection":[{"href":"https:\/\/www.fiscaliadecuentas.gob.pa\/index.php?rest_route=\/wp\/v2\/posts"}],"about":[{"href":"https:\/\/www.fiscaliadecuentas.gob.pa\/index.php?rest_route=\/wp\/v2\/types\/post"}],"author":[{"embeddable":true,"href":"https:\/\/www.fiscaliadecuentas.gob.pa\/index.php?rest_route=\/wp\/v2\/users\/4"}],"replies":[{"embeddable":true,"href":"https:\/\/www.fiscaliadecuentas.gob.pa\/index.php?rest_route=%2Fwp%2Fv2%2Fcomments&post=37856"}],"version-history":[{"count":2,"href":"https:\/\/www.fiscaliadecuentas.gob.pa\/index.php?rest_route=\/wp\/v2\/posts\/37856\/revisions"}],"predecessor-version":[{"id":37859,"href":"https:\/\/www.fiscaliadecuentas.gob.pa\/index.php?rest_route=\/wp\/v2\/posts\/37856\/revisions\/37859"}],"wp:featuredmedia":[{"embeddable":true,"href":"https:\/\/www.fiscaliadecuentas.gob.pa\/index.php?rest_route=\/wp\/v2\/media\/37857"}],"wp:attachment":[{"href":"https:\/\/www.fiscaliadecuentas.gob.pa\/index.php?rest_route=%2Fwp%2Fv2%2Fmedia&parent=37856"}],"wp:term":[{"taxonomy":"category","embeddable":true,"href":"https:\/\/www.fiscaliadecuentas.gob.pa\/index.php?rest_route=%2Fwp%2Fv2%2Fcategories&post=37856"},{"taxonomy":"post_tag","embeddable":true,"href":"https:\/\/www.fiscaliadecuentas.gob.pa\/index.php?rest_route=%2Fwp%2Fv2%2Ftags&post=37856"}],"curies":[{"name":"wp","href":"https:\/\/api.w.org\/{rel}","templated":true}]}}