{"id":38578,"date":"2024-10-04T15:23:28","date_gmt":"2024-10-04T20:23:28","guid":{"rendered":"https:\/\/www.fiscaliadecuentas.gob.pa\/?p=38578"},"modified":"2024-12-19T09:30:36","modified_gmt":"2024-12-19T14:30:36","slug":"fgc-informa-04-10-24","status":"publish","type":"post","link":"https:\/\/www.fiscaliadecuentas.gob.pa\/?p=38578","title":{"rendered":"FGC Informa 04-10-24"},"content":{"rendered":"<div  class='avia-video av-ia38pe-bb3850faad6bb7eb448dcd03fad663bd avia-video-16-9 av-no-preview-image avia-video-load-always av-lazyload-immediate av-lazyload-video-embed'  itemprop=\"video\" itemtype=\"https:\/\/schema.org\/VideoObject\"  data-original_url='https:\/\/youtu.be\/tGYdE0aePLk'><script type='text\/html' class='av-video-tmpl'><div class='avia-iframe-wrap'><iframe loading=\"lazy\" title=\"FGC Informa04-10-24\" width=\"1500\" height=\"844\" src=\"https:\/\/www.youtube.com\/embed\/tGYdE0aePLk?feature=oembed&autoplay=0&loop=0&controls=1&mute=0\" frameborder=\"0\" allow=\"accelerometer; autoplay; clipboard-write; encrypted-media; gyroscope; picture-in-picture; web-share\" referrerpolicy=\"strict-origin-when-cross-origin\" allowfullscreen><\/iframe><\/div><\/script><div class='av-click-to-play-overlay'><div class=\"avia_playpause_icon\"><\/div><\/div><\/div>\n<p><strong>*En marcha investigaci\u00f3n en la Junta Comunal de San Mart\u00edn de Porres<\/strong><\/p>\n<p><strong>*Prosigue campa\u00f1a de prevenci\u00f3n<\/strong><\/p>\n<p><strong>*FGC se ilumina de rosado y celeste<\/strong><\/p>\n","protected":false},"excerpt":{"rendered":"<p>*En marcha investigaci\u00f3n en la Junta Comunal de San Mart\u00edn de Porres *Prosigue campa\u00f1a de prevenci\u00f3n *FGC se ilumina de rosado y celeste<\/p>\n","protected":false},"author":4,"featured_media":38581,"comment_status":"closed","ping_status":"closed","sticky":false,"template":"","format":"standard","meta":{"_EventAllDay":false,"_EventTimezone":"","_EventStartDate":"","_EventEndDate":"","_EventStartDateUTC":"","_EventEndDateUTC":"","_EventShowMap":false,"_EventShowMapLink":false,"_EventURL":"","_EventCost":"","_EventCostDescription":"","_EventCurrencySymbol":"","_EventCurrencyCode":"","_EventCurrencyPosition":"","_EventDateTimeSeparator":"","_EventTimeRangeSeparator":"","_EventOrganizerID":[],"_EventVenueID":[],"_OrganizerEmail":"","_OrganizerPhone":"","_OrganizerWebsite":"","_VenueAddress":"","_VenueCity":"","_VenueCountry":"","_VenueProvince":"","_VenueState":"","_VenueZip":"","_VenuePhone":"","_VenueURL":"","_VenueStateProvince":"","_VenueLat":"","_VenueLng":"","_VenueShowMap":false,"_VenueShowMapLink":false,"footnotes":""},"categories":[6],"tags":[],"class_list":["post-38578","post","type-post","status-publish","format-standard","has-post-thumbnail","hentry","category-videos"],"_links":{"self":[{"href":"https:\/\/www.fiscaliadecuentas.gob.pa\/index.php?rest_route=\/wp\/v2\/posts\/38578","targetHints":{"allow":["GET"]}}],"collection":[{"href":"https:\/\/www.fiscaliadecuentas.gob.pa\/index.php?rest_route=\/wp\/v2\/posts"}],"about":[{"href":"https:\/\/www.fiscaliadecuentas.gob.pa\/index.php?rest_route=\/wp\/v2\/types\/post"}],"author":[{"embeddable":true,"href":"https:\/\/www.fiscaliadecuentas.gob.pa\/index.php?rest_route=\/wp\/v2\/users\/4"}],"replies":[{"embeddable":true,"href":"https:\/\/www.fiscaliadecuentas.gob.pa\/index.php?rest_route=%2Fwp%2Fv2%2Fcomments&post=38578"}],"version-history":[{"count":8,"href":"https:\/\/www.fiscaliadecuentas.gob.pa\/index.php?rest_route=\/wp\/v2\/posts\/38578\/revisions"}],"predecessor-version":[{"id":38592,"href":"https:\/\/www.fiscaliadecuentas.gob.pa\/index.php?rest_route=\/wp\/v2\/posts\/38578\/revisions\/38592"}],"wp:featuredmedia":[{"embeddable":true,"href":"https:\/\/www.fiscaliadecuentas.gob.pa\/index.php?rest_route=\/wp\/v2\/media\/38581"}],"wp:attachment":[{"href":"https:\/\/www.fiscaliadecuentas.gob.pa\/index.php?rest_route=%2Fwp%2Fv2%2Fmedia&parent=38578"}],"wp:term":[{"taxonomy":"category","embeddable":true,"href":"https:\/\/www.fiscaliadecuentas.gob.pa\/index.php?rest_route=%2Fwp%2Fv2%2Fcategories&post=38578"},{"taxonomy":"post_tag","embeddable":true,"href":"https:\/\/www.fiscaliadecuentas.gob.pa\/index.php?rest_route=%2Fwp%2Fv2%2Ftags&post=38578"}],"curies":[{"name":"wp","href":"https:\/\/api.w.org\/{rel}","templated":true}]}}