{"id":38629,"date":"2024-10-10T19:35:47","date_gmt":"2024-10-11T00:35:47","guid":{"rendered":"https:\/\/www.fiscaliadecuentas.gob.pa\/?p=38629"},"modified":"2024-12-19T09:30:20","modified_gmt":"2024-12-19T14:30:20","slug":"realizan-seguimiento-al-proyecto-de-la-ciudad-de-cuentas","status":"publish","type":"post","link":"https:\/\/www.fiscaliadecuentas.gob.pa\/?p=38629","title":{"rendered":"Realizan seguimiento al proyecto de la Ciudad de Cuentas"},"content":{"rendered":"\n<figure class=\"wp-block-image size-large\"><a href=\"https:\/\/www.fiscaliadecuentas.gob.pa\/wp-content\/uploads\/2024\/10\/TC1.jpg\"><img loading=\"lazy\" decoding=\"async\" width=\"1030\" height=\"579\" src=\"https:\/\/www.fiscaliadecuentas.gob.pa\/wp-content\/uploads\/2024\/10\/TC1-1030x579.jpg\" alt=\"\" class=\"wp-image-38630\" srcset=\"https:\/\/www.fiscaliadecuentas.gob.pa\/wp-content\/uploads\/2024\/10\/TC1-1030x579.jpg 1030w, https:\/\/www.fiscaliadecuentas.gob.pa\/wp-content\/uploads\/2024\/10\/TC1-300x169.jpg 300w, https:\/\/www.fiscaliadecuentas.gob.pa\/wp-content\/uploads\/2024\/10\/TC1-768x432.jpg 768w, https:\/\/www.fiscaliadecuentas.gob.pa\/wp-content\/uploads\/2024\/10\/TC1-1536x864.jpg 1536w, https:\/\/www.fiscaliadecuentas.gob.pa\/wp-content\/uploads\/2024\/10\/TC1-500x281.jpg 500w, https:\/\/www.fiscaliadecuentas.gob.pa\/wp-content\/uploads\/2024\/10\/TC1-800x450.jpg 800w, https:\/\/www.fiscaliadecuentas.gob.pa\/wp-content\/uploads\/2024\/10\/TC1-1280x720.jpg 1280w, https:\/\/www.fiscaliadecuentas.gob.pa\/wp-content\/uploads\/2024\/10\/TC1-1920x1080.jpg 1920w, https:\/\/www.fiscaliadecuentas.gob.pa\/wp-content\/uploads\/2024\/10\/TC1-1500x844.jpg 1500w, https:\/\/www.fiscaliadecuentas.gob.pa\/wp-content\/uploads\/2024\/10\/TC1-705x397.jpg 705w, https:\/\/www.fiscaliadecuentas.gob.pa\/wp-content\/uploads\/2024\/10\/TC1.jpg 2048w\" sizes=\"auto, (max-width: 1030px) 100vw, 1030px\" \/><\/a><\/figure>\n\n\n<p style=\"text-align: justify;\">La Comisi\u00f3n Interinstitucional creada para dar seguimiento al Proyecto de la Ciudad de Cuentas, sostuvo hoy una reuni\u00f3n de trabajo.<\/p>\n<p style=\"text-align: justify;\">Jaime Barroso, fiscal general de cuentas y \u00c1lvaro Visuetti, magistrado presidente del Tribunal de Cuentas, lideraron el encuentro, conjuntamente con representantes de la Oficina de las Naciones Unidas contra la Droga y el Delito (UNODC).<\/p>\n<p style=\"text-align: justify;\">Adem\u00e1s, en la reuni\u00f3n participaron Yamileth Atencio, secretaria general; Biodys Cede\u00f1o, secretaria administrativa y Ronny Vargas, jefe de asesor\u00eda legal.<\/p>\n<p style=\"text-align: justify;\">Una mesa de trabajo que tuvo como prop\u00f3sito dar seguimiento a la ejecuci\u00f3n del proyecto, tras el convenio tripartito suscrito entre la Fiscal\u00eda General de Cuentas, Tribunal de Cuentas y UNODC para la consecuci\u00f3n de la obra que busca albergar en una misma sede a las dos entidades m\u00e1s importantes de la Jurisdicci\u00f3n de Cuentas.<\/p>\n\n\n<figure class=\"wp-block-image size-large\"><a href=\"https:\/\/www.fiscaliadecuentas.gob.pa\/wp-content\/uploads\/2024\/10\/TC2.jpg\"><img loading=\"lazy\" decoding=\"async\" width=\"1030\" height=\"579\" src=\"https:\/\/www.fiscaliadecuentas.gob.pa\/wp-content\/uploads\/2024\/10\/TC2-1030x579.jpg\" alt=\"\" class=\"wp-image-38631\" srcset=\"https:\/\/www.fiscaliadecuentas.gob.pa\/wp-content\/uploads\/2024\/10\/TC2-1030x579.jpg 1030w, https:\/\/www.fiscaliadecuentas.gob.pa\/wp-content\/uploads\/2024\/10\/TC2-300x169.jpg 300w, https:\/\/www.fiscaliadecuentas.gob.pa\/wp-content\/uploads\/2024\/10\/TC2-768x432.jpg 768w, https:\/\/www.fiscaliadecuentas.gob.pa\/wp-content\/uploads\/2024\/10\/TC2-1536x864.jpg 1536w, https:\/\/www.fiscaliadecuentas.gob.pa\/wp-content\/uploads\/2024\/10\/TC2-500x281.jpg 500w, https:\/\/www.fiscaliadecuentas.gob.pa\/wp-content\/uploads\/2024\/10\/TC2-800x450.jpg 800w, https:\/\/www.fiscaliadecuentas.gob.pa\/wp-content\/uploads\/2024\/10\/TC2-1280x720.jpg 1280w, https:\/\/www.fiscaliadecuentas.gob.pa\/wp-content\/uploads\/2024\/10\/TC2-1920x1080.jpg 1920w, https:\/\/www.fiscaliadecuentas.gob.pa\/wp-content\/uploads\/2024\/10\/TC2-1500x844.jpg 1500w, https:\/\/www.fiscaliadecuentas.gob.pa\/wp-content\/uploads\/2024\/10\/TC2-705x397.jpg 705w, https:\/\/www.fiscaliadecuentas.gob.pa\/wp-content\/uploads\/2024\/10\/TC2.jpg 2048w\" sizes=\"auto, (max-width: 1030px) 100vw, 1030px\" \/><\/a><\/figure>\n\n\n\n<figure class=\"wp-block-image size-large\"><a href=\"https:\/\/www.fiscaliadecuentas.gob.pa\/wp-content\/uploads\/2024\/10\/TC3.jpg\"><img loading=\"lazy\" decoding=\"async\" width=\"1030\" height=\"579\" src=\"https:\/\/www.fiscaliadecuentas.gob.pa\/wp-content\/uploads\/2024\/10\/TC3-1030x579.jpg\" alt=\"\" class=\"wp-image-38632\" srcset=\"https:\/\/www.fiscaliadecuentas.gob.pa\/wp-content\/uploads\/2024\/10\/TC3-1030x579.jpg 1030w, https:\/\/www.fiscaliadecuentas.gob.pa\/wp-content\/uploads\/2024\/10\/TC3-300x169.jpg 300w, https:\/\/www.fiscaliadecuentas.gob.pa\/wp-content\/uploads\/2024\/10\/TC3-768x432.jpg 768w, https:\/\/www.fiscaliadecuentas.gob.pa\/wp-content\/uploads\/2024\/10\/TC3-1536x864.jpg 1536w, https:\/\/www.fiscaliadecuentas.gob.pa\/wp-content\/uploads\/2024\/10\/TC3-500x281.jpg 500w, https:\/\/www.fiscaliadecuentas.gob.pa\/wp-content\/uploads\/2024\/10\/TC3-800x450.jpg 800w, https:\/\/www.fiscaliadecuentas.gob.pa\/wp-content\/uploads\/2024\/10\/TC3-1280x720.jpg 1280w, https:\/\/www.fiscaliadecuentas.gob.pa\/wp-content\/uploads\/2024\/10\/TC3-1920x1080.jpg 1920w, https:\/\/www.fiscaliadecuentas.gob.pa\/wp-content\/uploads\/2024\/10\/TC3-1500x844.jpg 1500w, https:\/\/www.fiscaliadecuentas.gob.pa\/wp-content\/uploads\/2024\/10\/TC3-705x397.jpg 705w, https:\/\/www.fiscaliadecuentas.gob.pa\/wp-content\/uploads\/2024\/10\/TC3.jpg 2048w\" sizes=\"auto, (max-width: 1030px) 100vw, 1030px\" \/><\/a><\/figure>\n","protected":false},"excerpt":{"rendered":"<p>La Comisi\u00f3n Interinstitucional creada para dar seguimiento al Proyecto de la Ciudad de Cuentas, sostuvo hoy una reuni\u00f3n de trabajo. Jaime Barroso, fiscal general de cuentas y \u00c1lvaro Visuetti, magistrado [&hellip;]<\/p>\n","protected":false},"author":4,"featured_media":38630,"comment_status":"closed","ping_status":"closed","sticky":false,"template":"","format":"standard","meta":{"_EventAllDay":false,"_EventTimezone":"","_EventStartDate":"","_EventEndDate":"","_EventStartDateUTC":"","_EventEndDateUTC":"","_EventShowMap":false,"_EventShowMapLink":false,"_EventURL":"","_EventCost":"","_EventCostDescription":"","_EventCurrencySymbol":"","_EventCurrencyCode":"","_EventCurrencyPosition":"","_EventDateTimeSeparator":"","_EventTimeRangeSeparator":"","_EventOrganizerID":[],"_EventVenueID":[],"_OrganizerEmail":"","_OrganizerPhone":"","_OrganizerWebsite":"","_VenueAddress":"","_VenueCity":"","_VenueCountry":"","_VenueProvince":"","_VenueState":"","_VenueZip":"","_VenuePhone":"","_VenueURL":"","_VenueStateProvince":"","_VenueLat":"","_VenueLng":"","_VenueShowMap":false,"_VenueShowMapLink":false,"footnotes":""},"categories":[1],"tags":[],"class_list":["post-38629","post","type-post","status-publish","format-standard","has-post-thumbnail","hentry","category-noticias"],"_links":{"self":[{"href":"https:\/\/www.fiscaliadecuentas.gob.pa\/index.php?rest_route=\/wp\/v2\/posts\/38629","targetHints":{"allow":["GET"]}}],"collection":[{"href":"https:\/\/www.fiscaliadecuentas.gob.pa\/index.php?rest_route=\/wp\/v2\/posts"}],"about":[{"href":"https:\/\/www.fiscaliadecuentas.gob.pa\/index.php?rest_route=\/wp\/v2\/types\/post"}],"author":[{"embeddable":true,"href":"https:\/\/www.fiscaliadecuentas.gob.pa\/index.php?rest_route=\/wp\/v2\/users\/4"}],"replies":[{"embeddable":true,"href":"https:\/\/www.fiscaliadecuentas.gob.pa\/index.php?rest_route=%2Fwp%2Fv2%2Fcomments&post=38629"}],"version-history":[{"count":1,"href":"https:\/\/www.fiscaliadecuentas.gob.pa\/index.php?rest_route=\/wp\/v2\/posts\/38629\/revisions"}],"predecessor-version":[{"id":38633,"href":"https:\/\/www.fiscaliadecuentas.gob.pa\/index.php?rest_route=\/wp\/v2\/posts\/38629\/revisions\/38633"}],"wp:featuredmedia":[{"embeddable":true,"href":"https:\/\/www.fiscaliadecuentas.gob.pa\/index.php?rest_route=\/wp\/v2\/media\/38630"}],"wp:attachment":[{"href":"https:\/\/www.fiscaliadecuentas.gob.pa\/index.php?rest_route=%2Fwp%2Fv2%2Fmedia&parent=38629"}],"wp:term":[{"taxonomy":"category","embeddable":true,"href":"https:\/\/www.fiscaliadecuentas.gob.pa\/index.php?rest_route=%2Fwp%2Fv2%2Fcategories&post=38629"},{"taxonomy":"post_tag","embeddable":true,"href":"https:\/\/www.fiscaliadecuentas.gob.pa\/index.php?rest_route=%2Fwp%2Fv2%2Ftags&post=38629"}],"curies":[{"name":"wp","href":"https:\/\/api.w.org\/{rel}","templated":true}]}}