{"id":38670,"date":"2024-10-20T10:53:45","date_gmt":"2024-10-20T15:53:45","guid":{"rendered":"https:\/\/www.fiscaliadecuentas.gob.pa\/?p=38670"},"modified":"2024-12-19T09:29:46","modified_gmt":"2024-12-19T14:29:46","slug":"fgc-informa-18-10-24","status":"publish","type":"post","link":"https:\/\/www.fiscaliadecuentas.gob.pa\/?p=38670","title":{"rendered":"FGC Informa 18-10-24"},"content":{"rendered":"\n<div  class='avia-video av-ia38pe-1d47d5a7641e1a2dffa34be64c777738 avia-video-16-9 av-no-preview-image avia-video-load-always av-lazyload-immediate av-lazyload-video-embed'  itemprop=\"video\" itemtype=\"https:\/\/schema.org\/VideoObject\"  data-original_url='<a href=\"https:\/\/youtu.be\/sT-2cmgKfM0\">https:\/\/youtu.be\/tGYdE0aePLk<\/a>'><script type='text\/html' class='av-video-tmpl'><a href=\"\">&lt;a href=&quot;https:\/\/youtu.be\/sT-2cmgKfM0&quot;&gt;https:\/\/youtu.be\/tGYdE0aePLk&lt;\/a&gt;<\/a><\/script><div class='av-click-to-play-overlay'><div class=\"avia_playpause_icon\"><\/div><\/div><\/div>\n\n\n\n<p>*Fiscal\u00eda General de Cuentas adelanta investigaciones por posible perjuicio en el MINSA<br>*Se inicia proceso patrimonial en asociaci\u00f3n de educadores<br>*Funcionarios realizan ejercicio de evacuaci\u00f3n en el D\u00eda Nacional del Simulacro<\/p>\n\n\n\n<p><\/p>\n","protected":false},"excerpt":{"rendered":"<p>*Fiscal\u00eda General de Cuentas adelanta investigaciones por posible perjuicio en el MINSA*Se inicia proceso patrimonial en asociaci\u00f3n de educadores*Funcionarios realizan ejercicio de evacuaci\u00f3n en el D\u00eda Nacional del Simulacro<\/p>\n","protected":false},"author":4,"featured_media":38674,"comment_status":"closed","ping_status":"closed","sticky":false,"template":"","format":"video","meta":{"_EventAllDay":false,"_EventTimezone":"","_EventStartDate":"","_EventEndDate":"","_EventStartDateUTC":"","_EventEndDateUTC":"","_EventShowMap":false,"_EventShowMapLink":false,"_EventURL":"","_EventCost":"","_EventCostDescription":"","_EventCurrencySymbol":"","_EventCurrencyCode":"","_EventCurrencyPosition":"","_EventDateTimeSeparator":"","_EventTimeRangeSeparator":"","_EventOrganizerID":[],"_EventVenueID":[],"_OrganizerEmail":"","_OrganizerPhone":"","_OrganizerWebsite":"","_VenueAddress":"","_VenueCity":"","_VenueCountry":"","_VenueProvince":"","_VenueState":"","_VenueZip":"","_VenuePhone":"","_VenueURL":"","_VenueStateProvince":"","_VenueLat":"","_VenueLng":"","_VenueShowMap":false,"_VenueShowMapLink":false,"footnotes":""},"categories":[6],"tags":[],"class_list":["post-38670","post","type-post","status-publish","format-video","has-post-thumbnail","hentry","category-videos","post_format-post-format-video"],"_links":{"self":[{"href":"https:\/\/www.fiscaliadecuentas.gob.pa\/index.php?rest_route=\/wp\/v2\/posts\/38670","targetHints":{"allow":["GET"]}}],"collection":[{"href":"https:\/\/www.fiscaliadecuentas.gob.pa\/index.php?rest_route=\/wp\/v2\/posts"}],"about":[{"href":"https:\/\/www.fiscaliadecuentas.gob.pa\/index.php?rest_route=\/wp\/v2\/types\/post"}],"author":[{"embeddable":true,"href":"https:\/\/www.fiscaliadecuentas.gob.pa\/index.php?rest_route=\/wp\/v2\/users\/4"}],"replies":[{"embeddable":true,"href":"https:\/\/www.fiscaliadecuentas.gob.pa\/index.php?rest_route=%2Fwp%2Fv2%2Fcomments&post=38670"}],"version-history":[{"count":11,"href":"https:\/\/www.fiscaliadecuentas.gob.pa\/index.php?rest_route=\/wp\/v2\/posts\/38670\/revisions"}],"predecessor-version":[{"id":38689,"href":"https:\/\/www.fiscaliadecuentas.gob.pa\/index.php?rest_route=\/wp\/v2\/posts\/38670\/revisions\/38689"}],"wp:featuredmedia":[{"embeddable":true,"href":"https:\/\/www.fiscaliadecuentas.gob.pa\/index.php?rest_route=\/wp\/v2\/media\/38674"}],"wp:attachment":[{"href":"https:\/\/www.fiscaliadecuentas.gob.pa\/index.php?rest_route=%2Fwp%2Fv2%2Fmedia&parent=38670"}],"wp:term":[{"taxonomy":"category","embeddable":true,"href":"https:\/\/www.fiscaliadecuentas.gob.pa\/index.php?rest_route=%2Fwp%2Fv2%2Fcategories&post=38670"},{"taxonomy":"post_tag","embeddable":true,"href":"https:\/\/www.fiscaliadecuentas.gob.pa\/index.php?rest_route=%2Fwp%2Fv2%2Ftags&post=38670"}],"curies":[{"name":"wp","href":"https:\/\/api.w.org\/{rel}","templated":true}]}}