{"id":38691,"date":"2024-10-21T14:00:00","date_gmt":"2024-10-21T19:00:00","guid":{"rendered":"https:\/\/www.fiscaliadecuentas.gob.pa\/?p=38691"},"modified":"2024-12-19T09:29:31","modified_gmt":"2024-12-19T14:29:31","slug":"se-conmemora-en-la-fgc-el-dia-del-trabajador-manual-2","status":"publish","type":"post","link":"https:\/\/www.fiscaliadecuentas.gob.pa\/?p=38691","title":{"rendered":"Se conmemora en la FGC el D\u00eda del Trabajador Manual"},"content":{"rendered":"\n<figure class=\"wp-block-image size-large\"><a href=\"https:\/\/www.fiscaliadecuentas.gob.pa\/wp-content\/uploads\/2024\/10\/WhatsApp-Image-2024-10-23-at-9.48.25-AM-1-scaled.jpeg\"><img loading=\"lazy\" decoding=\"async\" width=\"1030\" height=\"685\" src=\"https:\/\/www.fiscaliadecuentas.gob.pa\/wp-content\/uploads\/2024\/10\/WhatsApp-Image-2024-10-23-at-9.48.25-AM-1-1030x685.jpeg\" alt=\"\" class=\"wp-image-38692\" srcset=\"https:\/\/www.fiscaliadecuentas.gob.pa\/wp-content\/uploads\/2024\/10\/WhatsApp-Image-2024-10-23-at-9.48.25-AM-1-1030x685.jpeg 1030w, https:\/\/www.fiscaliadecuentas.gob.pa\/wp-content\/uploads\/2024\/10\/WhatsApp-Image-2024-10-23-at-9.48.25-AM-1-300x200.jpeg 300w, https:\/\/www.fiscaliadecuentas.gob.pa\/wp-content\/uploads\/2024\/10\/WhatsApp-Image-2024-10-23-at-9.48.25-AM-1-768x511.jpeg 768w, https:\/\/www.fiscaliadecuentas.gob.pa\/wp-content\/uploads\/2024\/10\/WhatsApp-Image-2024-10-23-at-9.48.25-AM-1-1536x1022.jpeg 1536w, https:\/\/www.fiscaliadecuentas.gob.pa\/wp-content\/uploads\/2024\/10\/WhatsApp-Image-2024-10-23-at-9.48.25-AM-1-2048x1363.jpeg 2048w, https:\/\/www.fiscaliadecuentas.gob.pa\/wp-content\/uploads\/2024\/10\/WhatsApp-Image-2024-10-23-at-9.48.25-AM-1-500x333.jpeg 500w, https:\/\/www.fiscaliadecuentas.gob.pa\/wp-content\/uploads\/2024\/10\/WhatsApp-Image-2024-10-23-at-9.48.25-AM-1-800x532.jpeg 800w, https:\/\/www.fiscaliadecuentas.gob.pa\/wp-content\/uploads\/2024\/10\/WhatsApp-Image-2024-10-23-at-9.48.25-AM-1-1280x852.jpeg 1280w, https:\/\/www.fiscaliadecuentas.gob.pa\/wp-content\/uploads\/2024\/10\/WhatsApp-Image-2024-10-23-at-9.48.25-AM-1-1920x1278.jpeg 1920w, https:\/\/www.fiscaliadecuentas.gob.pa\/wp-content\/uploads\/2024\/10\/WhatsApp-Image-2024-10-23-at-9.48.25-AM-1-1500x998.jpeg 1500w, https:\/\/www.fiscaliadecuentas.gob.pa\/wp-content\/uploads\/2024\/10\/WhatsApp-Image-2024-10-23-at-9.48.25-AM-1-705x469.jpeg 705w\" sizes=\"auto, (max-width: 1030px) 100vw, 1030px\" \/><\/a><\/figure>\n\n\n<p style=\"text-align: justify;\">Los servidores p\u00fablicos que forman parte del departamento de Servicios Generales de la Fiscal\u00eda General de Cuentas, participaron de la capacitaci\u00f3n denominada, \u201cMejores Pr\u00e1cticas para el Cuidado del Trabajador en el Entorno Laboral\u201d, al celebrarse hoy el D\u00eda del Trabajador Manual en Panam\u00e1.<\/p>\n<p style=\"text-align: justify;\">La capacitaci\u00f3n que fue organizada por la Oficina Institucional de Recursos Humanos, fue dirigida por Ricardo Francis de la Universidad Especializada de las Am\u00e9ricas (UDELAS), y tuvo como prop\u00f3sito informar e involucrar a los funcionarios en la discusi\u00f3n sobre la seguridad en el entorno laboral.<\/p>\n<p style=\"text-align: justify;\">Encargados de la limpieza, mantenimiento y conductores, participaron de la docencia dictada por Francis, quien abarc\u00f3 temas como la evaluaci\u00f3n y gesti\u00f3n de riesgos al inicio de la relaci\u00f3n laboral, medidas preventivas, riesgos relacionados con la higiene industrial y el manejo de qu\u00edmicos.<\/p>\n<p style=\"text-align: justify;\">En tanto que, para los conductores la charla fue dirigida a la seguridad vial, las condiciones de la carretera, condiciones clim\u00e1ticas, mantenimiento del veh\u00edculo, conducci\u00f3n responsable y defensiva y evitar distracciones.<\/p>\n\n\n<figure class=\"wp-block-image size-large\"><a href=\"https:\/\/www.fiscaliadecuentas.gob.pa\/wp-content\/uploads\/2024\/10\/WhatsApp-Image-2024-10-23-at-9.48.26-AM-scaled.jpeg\"><img loading=\"lazy\" decoding=\"async\" width=\"1030\" height=\"685\" src=\"https:\/\/www.fiscaliadecuentas.gob.pa\/wp-content\/uploads\/2024\/10\/WhatsApp-Image-2024-10-23-at-9.48.26-AM-1030x685.jpeg\" alt=\"\" class=\"wp-image-38693\" srcset=\"https:\/\/www.fiscaliadecuentas.gob.pa\/wp-content\/uploads\/2024\/10\/WhatsApp-Image-2024-10-23-at-9.48.26-AM-1030x685.jpeg 1030w, https:\/\/www.fiscaliadecuentas.gob.pa\/wp-content\/uploads\/2024\/10\/WhatsApp-Image-2024-10-23-at-9.48.26-AM-300x200.jpeg 300w, https:\/\/www.fiscaliadecuentas.gob.pa\/wp-content\/uploads\/2024\/10\/WhatsApp-Image-2024-10-23-at-9.48.26-AM-768x511.jpeg 768w, https:\/\/www.fiscaliadecuentas.gob.pa\/wp-content\/uploads\/2024\/10\/WhatsApp-Image-2024-10-23-at-9.48.26-AM-1536x1022.jpeg 1536w, https:\/\/www.fiscaliadecuentas.gob.pa\/wp-content\/uploads\/2024\/10\/WhatsApp-Image-2024-10-23-at-9.48.26-AM-2048x1363.jpeg 2048w, https:\/\/www.fiscaliadecuentas.gob.pa\/wp-content\/uploads\/2024\/10\/WhatsApp-Image-2024-10-23-at-9.48.26-AM-500x333.jpeg 500w, https:\/\/www.fiscaliadecuentas.gob.pa\/wp-content\/uploads\/2024\/10\/WhatsApp-Image-2024-10-23-at-9.48.26-AM-800x532.jpeg 800w, https:\/\/www.fiscaliadecuentas.gob.pa\/wp-content\/uploads\/2024\/10\/WhatsApp-Image-2024-10-23-at-9.48.26-AM-1280x852.jpeg 1280w, https:\/\/www.fiscaliadecuentas.gob.pa\/wp-content\/uploads\/2024\/10\/WhatsApp-Image-2024-10-23-at-9.48.26-AM-1920x1278.jpeg 1920w, https:\/\/www.fiscaliadecuentas.gob.pa\/wp-content\/uploads\/2024\/10\/WhatsApp-Image-2024-10-23-at-9.48.26-AM-1500x998.jpeg 1500w, https:\/\/www.fiscaliadecuentas.gob.pa\/wp-content\/uploads\/2024\/10\/WhatsApp-Image-2024-10-23-at-9.48.26-AM-705x469.jpeg 705w\" sizes=\"auto, (max-width: 1030px) 100vw, 1030px\" \/><\/a><\/figure>\n\n\n\n<figure class=\"wp-block-image size-large\"><a href=\"https:\/\/www.fiscaliadecuentas.gob.pa\/wp-content\/uploads\/2024\/10\/WhatsApp-Image-2024-10-23-at-9.48.25-AM-3-scaled.jpeg\"><img loading=\"lazy\" decoding=\"async\" width=\"1030\" height=\"685\" src=\"https:\/\/www.fiscaliadecuentas.gob.pa\/wp-content\/uploads\/2024\/10\/WhatsApp-Image-2024-10-23-at-9.48.25-AM-3-1030x685.jpeg\" alt=\"\" class=\"wp-image-38694\" srcset=\"https:\/\/www.fiscaliadecuentas.gob.pa\/wp-content\/uploads\/2024\/10\/WhatsApp-Image-2024-10-23-at-9.48.25-AM-3-1030x685.jpeg 1030w, https:\/\/www.fiscaliadecuentas.gob.pa\/wp-content\/uploads\/2024\/10\/WhatsApp-Image-2024-10-23-at-9.48.25-AM-3-300x200.jpeg 300w, https:\/\/www.fiscaliadecuentas.gob.pa\/wp-content\/uploads\/2024\/10\/WhatsApp-Image-2024-10-23-at-9.48.25-AM-3-768x511.jpeg 768w, https:\/\/www.fiscaliadecuentas.gob.pa\/wp-content\/uploads\/2024\/10\/WhatsApp-Image-2024-10-23-at-9.48.25-AM-3-1536x1022.jpeg 1536w, https:\/\/www.fiscaliadecuentas.gob.pa\/wp-content\/uploads\/2024\/10\/WhatsApp-Image-2024-10-23-at-9.48.25-AM-3-2048x1363.jpeg 2048w, https:\/\/www.fiscaliadecuentas.gob.pa\/wp-content\/uploads\/2024\/10\/WhatsApp-Image-2024-10-23-at-9.48.25-AM-3-500x333.jpeg 500w, https:\/\/www.fiscaliadecuentas.gob.pa\/wp-content\/uploads\/2024\/10\/WhatsApp-Image-2024-10-23-at-9.48.25-AM-3-800x532.jpeg 800w, https:\/\/www.fiscaliadecuentas.gob.pa\/wp-content\/uploads\/2024\/10\/WhatsApp-Image-2024-10-23-at-9.48.25-AM-3-1280x852.jpeg 1280w, https:\/\/www.fiscaliadecuentas.gob.pa\/wp-content\/uploads\/2024\/10\/WhatsApp-Image-2024-10-23-at-9.48.25-AM-3-1920x1278.jpeg 1920w, https:\/\/www.fiscaliadecuentas.gob.pa\/wp-content\/uploads\/2024\/10\/WhatsApp-Image-2024-10-23-at-9.48.25-AM-3-1500x998.jpeg 1500w, https:\/\/www.fiscaliadecuentas.gob.pa\/wp-content\/uploads\/2024\/10\/WhatsApp-Image-2024-10-23-at-9.48.25-AM-3-705x469.jpeg 705w\" sizes=\"auto, (max-width: 1030px) 100vw, 1030px\" \/><\/a><\/figure>\n\n\n\n<p><\/p>\n\n\n\n<figure class=\"wp-block-image size-large\"><a href=\"https:\/\/www.fiscaliadecuentas.gob.pa\/wp-content\/uploads\/2024\/10\/WhatsApp-Image-2024-10-23-at-9.48.25-AM-2-scaled.jpeg\"><img loading=\"lazy\" decoding=\"async\" width=\"1030\" height=\"685\" src=\"https:\/\/www.fiscaliadecuentas.gob.pa\/wp-content\/uploads\/2024\/10\/WhatsApp-Image-2024-10-23-at-9.48.25-AM-2-1030x685.jpeg\" alt=\"\" class=\"wp-image-38695\" srcset=\"https:\/\/www.fiscaliadecuentas.gob.pa\/wp-content\/uploads\/2024\/10\/WhatsApp-Image-2024-10-23-at-9.48.25-AM-2-1030x685.jpeg 1030w, https:\/\/www.fiscaliadecuentas.gob.pa\/wp-content\/uploads\/2024\/10\/WhatsApp-Image-2024-10-23-at-9.48.25-AM-2-300x200.jpeg 300w, https:\/\/www.fiscaliadecuentas.gob.pa\/wp-content\/uploads\/2024\/10\/WhatsApp-Image-2024-10-23-at-9.48.25-AM-2-768x511.jpeg 768w, https:\/\/www.fiscaliadecuentas.gob.pa\/wp-content\/uploads\/2024\/10\/WhatsApp-Image-2024-10-23-at-9.48.25-AM-2-1536x1022.jpeg 1536w, https:\/\/www.fiscaliadecuentas.gob.pa\/wp-content\/uploads\/2024\/10\/WhatsApp-Image-2024-10-23-at-9.48.25-AM-2-2048x1363.jpeg 2048w, https:\/\/www.fiscaliadecuentas.gob.pa\/wp-content\/uploads\/2024\/10\/WhatsApp-Image-2024-10-23-at-9.48.25-AM-2-500x333.jpeg 500w, https:\/\/www.fiscaliadecuentas.gob.pa\/wp-content\/uploads\/2024\/10\/WhatsApp-Image-2024-10-23-at-9.48.25-AM-2-800x532.jpeg 800w, https:\/\/www.fiscaliadecuentas.gob.pa\/wp-content\/uploads\/2024\/10\/WhatsApp-Image-2024-10-23-at-9.48.25-AM-2-1280x852.jpeg 1280w, https:\/\/www.fiscaliadecuentas.gob.pa\/wp-content\/uploads\/2024\/10\/WhatsApp-Image-2024-10-23-at-9.48.25-AM-2-1920x1278.jpeg 1920w, https:\/\/www.fiscaliadecuentas.gob.pa\/wp-content\/uploads\/2024\/10\/WhatsApp-Image-2024-10-23-at-9.48.25-AM-2-1500x998.jpeg 1500w, https:\/\/www.fiscaliadecuentas.gob.pa\/wp-content\/uploads\/2024\/10\/WhatsApp-Image-2024-10-23-at-9.48.25-AM-2-705x469.jpeg 705w\" sizes=\"auto, (max-width: 1030px) 100vw, 1030px\" \/><\/a><\/figure>\n\n\n\n<p><\/p>\n\n\n\n<figure class=\"wp-block-image size-large\"><a href=\"https:\/\/www.fiscaliadecuentas.gob.pa\/wp-content\/uploads\/2024\/10\/WhatsApp-Image-2024-10-23-at-9.48.25-AM-scaled.jpeg\"><img loading=\"lazy\" decoding=\"async\" width=\"1030\" height=\"685\" src=\"https:\/\/www.fiscaliadecuentas.gob.pa\/wp-content\/uploads\/2024\/10\/WhatsApp-Image-2024-10-23-at-9.48.25-AM-1030x685.jpeg\" alt=\"\" class=\"wp-image-38696\" srcset=\"https:\/\/www.fiscaliadecuentas.gob.pa\/wp-content\/uploads\/2024\/10\/WhatsApp-Image-2024-10-23-at-9.48.25-AM-1030x685.jpeg 1030w, https:\/\/www.fiscaliadecuentas.gob.pa\/wp-content\/uploads\/2024\/10\/WhatsApp-Image-2024-10-23-at-9.48.25-AM-300x200.jpeg 300w, https:\/\/www.fiscaliadecuentas.gob.pa\/wp-content\/uploads\/2024\/10\/WhatsApp-Image-2024-10-23-at-9.48.25-AM-768x511.jpeg 768w, https:\/\/www.fiscaliadecuentas.gob.pa\/wp-content\/uploads\/2024\/10\/WhatsApp-Image-2024-10-23-at-9.48.25-AM-1536x1022.jpeg 1536w, https:\/\/www.fiscaliadecuentas.gob.pa\/wp-content\/uploads\/2024\/10\/WhatsApp-Image-2024-10-23-at-9.48.25-AM-2048x1363.jpeg 2048w, https:\/\/www.fiscaliadecuentas.gob.pa\/wp-content\/uploads\/2024\/10\/WhatsApp-Image-2024-10-23-at-9.48.25-AM-500x333.jpeg 500w, https:\/\/www.fiscaliadecuentas.gob.pa\/wp-content\/uploads\/2024\/10\/WhatsApp-Image-2024-10-23-at-9.48.25-AM-800x532.jpeg 800w, https:\/\/www.fiscaliadecuentas.gob.pa\/wp-content\/uploads\/2024\/10\/WhatsApp-Image-2024-10-23-at-9.48.25-AM-1280x852.jpeg 1280w, https:\/\/www.fiscaliadecuentas.gob.pa\/wp-content\/uploads\/2024\/10\/WhatsApp-Image-2024-10-23-at-9.48.25-AM-1920x1278.jpeg 1920w, https:\/\/www.fiscaliadecuentas.gob.pa\/wp-content\/uploads\/2024\/10\/WhatsApp-Image-2024-10-23-at-9.48.25-AM-1500x998.jpeg 1500w, https:\/\/www.fiscaliadecuentas.gob.pa\/wp-content\/uploads\/2024\/10\/WhatsApp-Image-2024-10-23-at-9.48.25-AM-705x469.jpeg 705w\" sizes=\"auto, (max-width: 1030px) 100vw, 1030px\" \/><\/a><\/figure>\n\n\n\n<figure class=\"wp-block-image size-large\"><a href=\"https:\/\/www.fiscaliadecuentas.gob.pa\/wp-content\/uploads\/2024\/10\/WhatsApp-Image-2024-10-23-at-9.48.26-AM-1-scaled.jpeg\"><img loading=\"lazy\" decoding=\"async\" width=\"1030\" height=\"685\" src=\"https:\/\/www.fiscaliadecuentas.gob.pa\/wp-content\/uploads\/2024\/10\/WhatsApp-Image-2024-10-23-at-9.48.26-AM-1-1030x685.jpeg\" alt=\"\" class=\"wp-image-38697\" srcset=\"https:\/\/www.fiscaliadecuentas.gob.pa\/wp-content\/uploads\/2024\/10\/WhatsApp-Image-2024-10-23-at-9.48.26-AM-1-1030x685.jpeg 1030w, https:\/\/www.fiscaliadecuentas.gob.pa\/wp-content\/uploads\/2024\/10\/WhatsApp-Image-2024-10-23-at-9.48.26-AM-1-300x200.jpeg 300w, https:\/\/www.fiscaliadecuentas.gob.pa\/wp-content\/uploads\/2024\/10\/WhatsApp-Image-2024-10-23-at-9.48.26-AM-1-768x511.jpeg 768w, https:\/\/www.fiscaliadecuentas.gob.pa\/wp-content\/uploads\/2024\/10\/WhatsApp-Image-2024-10-23-at-9.48.26-AM-1-1536x1022.jpeg 1536w, https:\/\/www.fiscaliadecuentas.gob.pa\/wp-content\/uploads\/2024\/10\/WhatsApp-Image-2024-10-23-at-9.48.26-AM-1-2048x1363.jpeg 2048w, https:\/\/www.fiscaliadecuentas.gob.pa\/wp-content\/uploads\/2024\/10\/WhatsApp-Image-2024-10-23-at-9.48.26-AM-1-500x333.jpeg 500w, https:\/\/www.fiscaliadecuentas.gob.pa\/wp-content\/uploads\/2024\/10\/WhatsApp-Image-2024-10-23-at-9.48.26-AM-1-800x532.jpeg 800w, https:\/\/www.fiscaliadecuentas.gob.pa\/wp-content\/uploads\/2024\/10\/WhatsApp-Image-2024-10-23-at-9.48.26-AM-1-1280x852.jpeg 1280w, https:\/\/www.fiscaliadecuentas.gob.pa\/wp-content\/uploads\/2024\/10\/WhatsApp-Image-2024-10-23-at-9.48.26-AM-1-1920x1278.jpeg 1920w, https:\/\/www.fiscaliadecuentas.gob.pa\/wp-content\/uploads\/2024\/10\/WhatsApp-Image-2024-10-23-at-9.48.26-AM-1-1500x998.jpeg 1500w, https:\/\/www.fiscaliadecuentas.gob.pa\/wp-content\/uploads\/2024\/10\/WhatsApp-Image-2024-10-23-at-9.48.26-AM-1-705x469.jpeg 705w\" sizes=\"auto, (max-width: 1030px) 100vw, 1030px\" \/><\/a><\/figure>\n","protected":false},"excerpt":{"rendered":"<p>Los servidores p\u00fablicos que forman parte del departamento de Servicios Generales de la Fiscal\u00eda General de Cuentas, participaron de la capacitaci\u00f3n denominada, \u201cMejores Pr\u00e1cticas para el Cuidado del Trabajador en [&hellip;]<\/p>\n","protected":false},"author":4,"featured_media":38692,"comment_status":"closed","ping_status":"closed","sticky":false,"template":"","format":"standard","meta":{"_EventAllDay":false,"_EventTimezone":"","_EventStartDate":"","_EventEndDate":"","_EventStartDateUTC":"","_EventEndDateUTC":"","_EventShowMap":false,"_EventShowMapLink":false,"_EventURL":"","_EventCost":"","_EventCostDescription":"","_EventCurrencySymbol":"","_EventCurrencyCode":"","_EventCurrencyPosition":"","_EventDateTimeSeparator":"","_EventTimeRangeSeparator":"","_EventOrganizerID":[],"_EventVenueID":[],"_OrganizerEmail":"","_OrganizerPhone":"","_OrganizerWebsite":"","_VenueAddress":"","_VenueCity":"","_VenueCountry":"","_VenueProvince":"","_VenueState":"","_VenueZip":"","_VenuePhone":"","_VenueURL":"","_VenueStateProvince":"","_VenueLat":"","_VenueLng":"","_VenueShowMap":false,"_VenueShowMapLink":false,"footnotes":""},"categories":[3],"tags":[],"class_list":["post-38691","post","type-post","status-publish","format-standard","has-post-thumbnail","hentry","category-actividades"],"_links":{"self":[{"href":"https:\/\/www.fiscaliadecuentas.gob.pa\/index.php?rest_route=\/wp\/v2\/posts\/38691","targetHints":{"allow":["GET"]}}],"collection":[{"href":"https:\/\/www.fiscaliadecuentas.gob.pa\/index.php?rest_route=\/wp\/v2\/posts"}],"about":[{"href":"https:\/\/www.fiscaliadecuentas.gob.pa\/index.php?rest_route=\/wp\/v2\/types\/post"}],"author":[{"embeddable":true,"href":"https:\/\/www.fiscaliadecuentas.gob.pa\/index.php?rest_route=\/wp\/v2\/users\/4"}],"replies":[{"embeddable":true,"href":"https:\/\/www.fiscaliadecuentas.gob.pa\/index.php?rest_route=%2Fwp%2Fv2%2Fcomments&post=38691"}],"version-history":[{"count":1,"href":"https:\/\/www.fiscaliadecuentas.gob.pa\/index.php?rest_route=\/wp\/v2\/posts\/38691\/revisions"}],"predecessor-version":[{"id":38698,"href":"https:\/\/www.fiscaliadecuentas.gob.pa\/index.php?rest_route=\/wp\/v2\/posts\/38691\/revisions\/38698"}],"wp:featuredmedia":[{"embeddable":true,"href":"https:\/\/www.fiscaliadecuentas.gob.pa\/index.php?rest_route=\/wp\/v2\/media\/38692"}],"wp:attachment":[{"href":"https:\/\/www.fiscaliadecuentas.gob.pa\/index.php?rest_route=%2Fwp%2Fv2%2Fmedia&parent=38691"}],"wp:term":[{"taxonomy":"category","embeddable":true,"href":"https:\/\/www.fiscaliadecuentas.gob.pa\/index.php?rest_route=%2Fwp%2Fv2%2Fcategories&post=38691"},{"taxonomy":"post_tag","embeddable":true,"href":"https:\/\/www.fiscaliadecuentas.gob.pa\/index.php?rest_route=%2Fwp%2Fv2%2Ftags&post=38691"}],"curies":[{"name":"wp","href":"https:\/\/api.w.org\/{rel}","templated":true}]}}