{"id":38723,"date":"2024-10-29T16:19:21","date_gmt":"2024-10-29T21:19:21","guid":{"rendered":"https:\/\/www.fiscaliadecuentas.gob.pa\/?p=38723"},"modified":"2024-12-19T09:28:26","modified_gmt":"2024-12-19T14:28:26","slug":"nueva-ronda-de-conversaciones-para-el-proyecto-de-la-ciudad-de-cuentas","status":"publish","type":"post","link":"https:\/\/www.fiscaliadecuentas.gob.pa\/?p=38723","title":{"rendered":"Nueva ronda de conversaciones para el proyecto de la \u201cCiudad de Cuentas\u201d"},"content":{"rendered":"\n<figure class=\"wp-block-image size-large\"><a href=\"https:\/\/www.fiscaliadecuentas.gob.pa\/wp-content\/uploads\/2024\/10\/WhatsApp-Image-2024-10-29-at-12.26.11-PM.jpeg\"><img loading=\"lazy\" decoding=\"async\" width=\"1030\" height=\"685\" src=\"https:\/\/www.fiscaliadecuentas.gob.pa\/wp-content\/uploads\/2024\/10\/WhatsApp-Image-2024-10-29-at-12.26.11-PM-1030x685.jpeg\" alt=\"\" class=\"wp-image-38724\" srcset=\"https:\/\/www.fiscaliadecuentas.gob.pa\/wp-content\/uploads\/2024\/10\/WhatsApp-Image-2024-10-29-at-12.26.11-PM-1030x685.jpeg 1030w, https:\/\/www.fiscaliadecuentas.gob.pa\/wp-content\/uploads\/2024\/10\/WhatsApp-Image-2024-10-29-at-12.26.11-PM-300x200.jpeg 300w, https:\/\/www.fiscaliadecuentas.gob.pa\/wp-content\/uploads\/2024\/10\/WhatsApp-Image-2024-10-29-at-12.26.11-PM-768x511.jpeg 768w, https:\/\/www.fiscaliadecuentas.gob.pa\/wp-content\/uploads\/2024\/10\/WhatsApp-Image-2024-10-29-at-12.26.11-PM-1536x1021.jpeg 1536w, https:\/\/www.fiscaliadecuentas.gob.pa\/wp-content\/uploads\/2024\/10\/WhatsApp-Image-2024-10-29-at-12.26.11-PM-500x333.jpeg 500w, https:\/\/www.fiscaliadecuentas.gob.pa\/wp-content\/uploads\/2024\/10\/WhatsApp-Image-2024-10-29-at-12.26.11-PM-800x532.jpeg 800w, https:\/\/www.fiscaliadecuentas.gob.pa\/wp-content\/uploads\/2024\/10\/WhatsApp-Image-2024-10-29-at-12.26.11-PM-1280x851.jpeg 1280w, https:\/\/www.fiscaliadecuentas.gob.pa\/wp-content\/uploads\/2024\/10\/WhatsApp-Image-2024-10-29-at-12.26.11-PM-1500x998.jpeg 1500w, https:\/\/www.fiscaliadecuentas.gob.pa\/wp-content\/uploads\/2024\/10\/WhatsApp-Image-2024-10-29-at-12.26.11-PM-705x469.jpeg 705w, https:\/\/www.fiscaliadecuentas.gob.pa\/wp-content\/uploads\/2024\/10\/WhatsApp-Image-2024-10-29-at-12.26.11-PM.jpeg 1600w\" sizes=\"auto, (max-width: 1030px) 100vw, 1030px\" \/><\/a><\/figure>\n\n\n<p style=\"text-align: justify;\">La Fiscal\u00eda General de Cuentas y el Tribunal de Cuentas sostuvieron una nueva ronda de conversaciones para la consecuci\u00f3n del proyecto de la Ciudad de Cuentas.<\/p>\n<p style=\"text-align: justify;\">La comisi\u00f3n interinstitucional creada para tal fin, realiz\u00f3 una nueva mesa de trabajo, bajo la direcci\u00f3n de Jaime Barroso, fiscal general de cuentas y \u00c1lvaro Visuetti, magistrado presidente de la m\u00e1xima esfera de la Jurisdicci\u00f3n de Cuentas, con el objetivo de analizar las acciones a seguir una vez fueron asignados los fondos de las dos entidades involucradas en la obra.<\/p>\n<p style=\"text-align: justify;\">Una reuni\u00f3n que se celebr\u00f3 igualmente para intercambiar opiniones y aclarar detalles para que la obra se ejecute de manera efectiva, dentro de los plazos establecidos y con los est\u00e1ndares de calidad requeridos, ahora que los fondos fueron autorizados por el Ministerio de Econom\u00eda y Finanzas<\/p>\n<p style=\"text-align: justify;\">Adem\u00e1s, en la reuni\u00f3n participaron Yamileth Atencio, secretaria general; Biodys Cede\u00f1o, secretaria administrativa, Abelardo Mu\u00f1oz, jefe de la Oficina de Recursos Humanos, Ronny Vargas, jefe de asesor\u00eda legal y C\u00e9sar Castillo del Departamento de Planificaci\u00f3n.<\/p>\n<p style=\"text-align: justify;\">Estas reuniones de trabajo se llevan a cabo, en cumplimiento del convenio tripartito suscrito entre la Fiscal\u00eda General de Cuentas, Tribunal de Cuentas y UNODC para la consecuci\u00f3n de la obra que busca albergar en una misma sede a las dos entidades m\u00e1s importantes de esta jurisdicci\u00f3n.<\/p>\n\n\n<figure class=\"wp-block-image size-large\"><a href=\"https:\/\/www.fiscaliadecuentas.gob.pa\/wp-content\/uploads\/2024\/10\/WhatsApp-Image-2024-10-29-at-12.26.08-PM.jpeg\"><img loading=\"lazy\" decoding=\"async\" width=\"1030\" height=\"685\" src=\"https:\/\/www.fiscaliadecuentas.gob.pa\/wp-content\/uploads\/2024\/10\/WhatsApp-Image-2024-10-29-at-12.26.08-PM-1030x685.jpeg\" alt=\"\" class=\"wp-image-38725\" srcset=\"https:\/\/www.fiscaliadecuentas.gob.pa\/wp-content\/uploads\/2024\/10\/WhatsApp-Image-2024-10-29-at-12.26.08-PM-1030x685.jpeg 1030w, https:\/\/www.fiscaliadecuentas.gob.pa\/wp-content\/uploads\/2024\/10\/WhatsApp-Image-2024-10-29-at-12.26.08-PM-300x200.jpeg 300w, https:\/\/www.fiscaliadecuentas.gob.pa\/wp-content\/uploads\/2024\/10\/WhatsApp-Image-2024-10-29-at-12.26.08-PM-768x511.jpeg 768w, https:\/\/www.fiscaliadecuentas.gob.pa\/wp-content\/uploads\/2024\/10\/WhatsApp-Image-2024-10-29-at-12.26.08-PM-1536x1021.jpeg 1536w, https:\/\/www.fiscaliadecuentas.gob.pa\/wp-content\/uploads\/2024\/10\/WhatsApp-Image-2024-10-29-at-12.26.08-PM-500x333.jpeg 500w, https:\/\/www.fiscaliadecuentas.gob.pa\/wp-content\/uploads\/2024\/10\/WhatsApp-Image-2024-10-29-at-12.26.08-PM-800x532.jpeg 800w, https:\/\/www.fiscaliadecuentas.gob.pa\/wp-content\/uploads\/2024\/10\/WhatsApp-Image-2024-10-29-at-12.26.08-PM-1280x851.jpeg 1280w, https:\/\/www.fiscaliadecuentas.gob.pa\/wp-content\/uploads\/2024\/10\/WhatsApp-Image-2024-10-29-at-12.26.08-PM-1500x998.jpeg 1500w, https:\/\/www.fiscaliadecuentas.gob.pa\/wp-content\/uploads\/2024\/10\/WhatsApp-Image-2024-10-29-at-12.26.08-PM-705x469.jpeg 705w, https:\/\/www.fiscaliadecuentas.gob.pa\/wp-content\/uploads\/2024\/10\/WhatsApp-Image-2024-10-29-at-12.26.08-PM.jpeg 1600w\" sizes=\"auto, (max-width: 1030px) 100vw, 1030px\" \/><\/a><\/figure>\n\n\n\n<figure class=\"wp-block-image size-large\"><a href=\"https:\/\/www.fiscaliadecuentas.gob.pa\/wp-content\/uploads\/2024\/10\/WhatsApp-Image-2024-10-29-at-12.26.10-PM-1.jpeg\"><img loading=\"lazy\" decoding=\"async\" width=\"1030\" height=\"726\" src=\"https:\/\/www.fiscaliadecuentas.gob.pa\/wp-content\/uploads\/2024\/10\/WhatsApp-Image-2024-10-29-at-12.26.10-PM-1-1030x726.jpeg\" alt=\"\" class=\"wp-image-38726\" srcset=\"https:\/\/www.fiscaliadecuentas.gob.pa\/wp-content\/uploads\/2024\/10\/WhatsApp-Image-2024-10-29-at-12.26.10-PM-1-1030x726.jpeg 1030w, https:\/\/www.fiscaliadecuentas.gob.pa\/wp-content\/uploads\/2024\/10\/WhatsApp-Image-2024-10-29-at-12.26.10-PM-1-300x212.jpeg 300w, https:\/\/www.fiscaliadecuentas.gob.pa\/wp-content\/uploads\/2024\/10\/WhatsApp-Image-2024-10-29-at-12.26.10-PM-1-768x541.jpeg 768w, https:\/\/www.fiscaliadecuentas.gob.pa\/wp-content\/uploads\/2024\/10\/WhatsApp-Image-2024-10-29-at-12.26.10-PM-1-1536x1083.jpeg 1536w, https:\/\/www.fiscaliadecuentas.gob.pa\/wp-content\/uploads\/2024\/10\/WhatsApp-Image-2024-10-29-at-12.26.10-PM-1-500x353.jpeg 500w, https:\/\/www.fiscaliadecuentas.gob.pa\/wp-content\/uploads\/2024\/10\/WhatsApp-Image-2024-10-29-at-12.26.10-PM-1-800x564.jpeg 800w, https:\/\/www.fiscaliadecuentas.gob.pa\/wp-content\/uploads\/2024\/10\/WhatsApp-Image-2024-10-29-at-12.26.10-PM-1-1280x902.jpeg 1280w, https:\/\/www.fiscaliadecuentas.gob.pa\/wp-content\/uploads\/2024\/10\/WhatsApp-Image-2024-10-29-at-12.26.10-PM-1-1500x1058.jpeg 1500w, https:\/\/www.fiscaliadecuentas.gob.pa\/wp-content\/uploads\/2024\/10\/WhatsApp-Image-2024-10-29-at-12.26.10-PM-1-705x497.jpeg 705w, https:\/\/www.fiscaliadecuentas.gob.pa\/wp-content\/uploads\/2024\/10\/WhatsApp-Image-2024-10-29-at-12.26.10-PM-1.jpeg 1600w\" sizes=\"auto, (max-width: 1030px) 100vw, 1030px\" \/><\/a><\/figure>\n\n\n\n<figure class=\"wp-block-image size-large\"><a href=\"https:\/\/www.fiscaliadecuentas.gob.pa\/wp-content\/uploads\/2024\/10\/WhatsApp-Image-2024-10-29-at-12.26.12-PM-1.jpeg\"><img loading=\"lazy\" decoding=\"async\" width=\"1030\" height=\"685\" src=\"https:\/\/www.fiscaliadecuentas.gob.pa\/wp-content\/uploads\/2024\/10\/WhatsApp-Image-2024-10-29-at-12.26.12-PM-1-1030x685.jpeg\" alt=\"\" class=\"wp-image-38732\" srcset=\"https:\/\/www.fiscaliadecuentas.gob.pa\/wp-content\/uploads\/2024\/10\/WhatsApp-Image-2024-10-29-at-12.26.12-PM-1-1030x685.jpeg 1030w, https:\/\/www.fiscaliadecuentas.gob.pa\/wp-content\/uploads\/2024\/10\/WhatsApp-Image-2024-10-29-at-12.26.12-PM-1-300x200.jpeg 300w, https:\/\/www.fiscaliadecuentas.gob.pa\/wp-content\/uploads\/2024\/10\/WhatsApp-Image-2024-10-29-at-12.26.12-PM-1-768x511.jpeg 768w, https:\/\/www.fiscaliadecuentas.gob.pa\/wp-content\/uploads\/2024\/10\/WhatsApp-Image-2024-10-29-at-12.26.12-PM-1-1536x1021.jpeg 1536w, https:\/\/www.fiscaliadecuentas.gob.pa\/wp-content\/uploads\/2024\/10\/WhatsApp-Image-2024-10-29-at-12.26.12-PM-1-500x333.jpeg 500w, https:\/\/www.fiscaliadecuentas.gob.pa\/wp-content\/uploads\/2024\/10\/WhatsApp-Image-2024-10-29-at-12.26.12-PM-1-800x532.jpeg 800w, https:\/\/www.fiscaliadecuentas.gob.pa\/wp-content\/uploads\/2024\/10\/WhatsApp-Image-2024-10-29-at-12.26.12-PM-1-1280x851.jpeg 1280w, https:\/\/www.fiscaliadecuentas.gob.pa\/wp-content\/uploads\/2024\/10\/WhatsApp-Image-2024-10-29-at-12.26.12-PM-1-1500x998.jpeg 1500w, https:\/\/www.fiscaliadecuentas.gob.pa\/wp-content\/uploads\/2024\/10\/WhatsApp-Image-2024-10-29-at-12.26.12-PM-1-705x469.jpeg 705w, https:\/\/www.fiscaliadecuentas.gob.pa\/wp-content\/uploads\/2024\/10\/WhatsApp-Image-2024-10-29-at-12.26.12-PM-1.jpeg 1600w\" sizes=\"auto, (max-width: 1030px) 100vw, 1030px\" \/><\/a><\/figure>\n\n\n\n<figure class=\"wp-block-image size-large\"><a href=\"https:\/\/www.fiscaliadecuentas.gob.pa\/wp-content\/uploads\/2024\/10\/WhatsApp-Image-2024-10-29-at-12.26.09-PM.jpeg\"><img loading=\"lazy\" decoding=\"async\" width=\"1030\" height=\"685\" src=\"https:\/\/www.fiscaliadecuentas.gob.pa\/wp-content\/uploads\/2024\/10\/WhatsApp-Image-2024-10-29-at-12.26.09-PM-1030x685.jpeg\" alt=\"\" class=\"wp-image-38727\" srcset=\"https:\/\/www.fiscaliadecuentas.gob.pa\/wp-content\/uploads\/2024\/10\/WhatsApp-Image-2024-10-29-at-12.26.09-PM-1030x685.jpeg 1030w, https:\/\/www.fiscaliadecuentas.gob.pa\/wp-content\/uploads\/2024\/10\/WhatsApp-Image-2024-10-29-at-12.26.09-PM-300x200.jpeg 300w, https:\/\/www.fiscaliadecuentas.gob.pa\/wp-content\/uploads\/2024\/10\/WhatsApp-Image-2024-10-29-at-12.26.09-PM-768x511.jpeg 768w, https:\/\/www.fiscaliadecuentas.gob.pa\/wp-content\/uploads\/2024\/10\/WhatsApp-Image-2024-10-29-at-12.26.09-PM-1536x1021.jpeg 1536w, https:\/\/www.fiscaliadecuentas.gob.pa\/wp-content\/uploads\/2024\/10\/WhatsApp-Image-2024-10-29-at-12.26.09-PM-500x333.jpeg 500w, https:\/\/www.fiscaliadecuentas.gob.pa\/wp-content\/uploads\/2024\/10\/WhatsApp-Image-2024-10-29-at-12.26.09-PM-800x532.jpeg 800w, https:\/\/www.fiscaliadecuentas.gob.pa\/wp-content\/uploads\/2024\/10\/WhatsApp-Image-2024-10-29-at-12.26.09-PM-1280x851.jpeg 1280w, https:\/\/www.fiscaliadecuentas.gob.pa\/wp-content\/uploads\/2024\/10\/WhatsApp-Image-2024-10-29-at-12.26.09-PM-1500x998.jpeg 1500w, https:\/\/www.fiscaliadecuentas.gob.pa\/wp-content\/uploads\/2024\/10\/WhatsApp-Image-2024-10-29-at-12.26.09-PM-705x469.jpeg 705w, https:\/\/www.fiscaliadecuentas.gob.pa\/wp-content\/uploads\/2024\/10\/WhatsApp-Image-2024-10-29-at-12.26.09-PM.jpeg 1600w\" sizes=\"auto, (max-width: 1030px) 100vw, 1030px\" \/><\/a><\/figure>\n\n\n\n<figure class=\"wp-block-image size-large\"><a href=\"https:\/\/www.fiscaliadecuentas.gob.pa\/wp-content\/uploads\/2024\/10\/WhatsApp-Image-2024-10-29-at-12.26.10-PM.jpeg\"><img loading=\"lazy\" decoding=\"async\" width=\"1030\" height=\"685\" src=\"https:\/\/www.fiscaliadecuentas.gob.pa\/wp-content\/uploads\/2024\/10\/WhatsApp-Image-2024-10-29-at-12.26.10-PM-1030x685.jpeg\" alt=\"\" class=\"wp-image-38729\" srcset=\"https:\/\/www.fiscaliadecuentas.gob.pa\/wp-content\/uploads\/2024\/10\/WhatsApp-Image-2024-10-29-at-12.26.10-PM-1030x685.jpeg 1030w, https:\/\/www.fiscaliadecuentas.gob.pa\/wp-content\/uploads\/2024\/10\/WhatsApp-Image-2024-10-29-at-12.26.10-PM-300x200.jpeg 300w, https:\/\/www.fiscaliadecuentas.gob.pa\/wp-content\/uploads\/2024\/10\/WhatsApp-Image-2024-10-29-at-12.26.10-PM-768x511.jpeg 768w, https:\/\/www.fiscaliadecuentas.gob.pa\/wp-content\/uploads\/2024\/10\/WhatsApp-Image-2024-10-29-at-12.26.10-PM-500x333.jpeg 500w, https:\/\/www.fiscaliadecuentas.gob.pa\/wp-content\/uploads\/2024\/10\/WhatsApp-Image-2024-10-29-at-12.26.10-PM-800x532.jpeg 800w, https:\/\/www.fiscaliadecuentas.gob.pa\/wp-content\/uploads\/2024\/10\/WhatsApp-Image-2024-10-29-at-12.26.10-PM-1280x851.jpeg 1280w, https:\/\/www.fiscaliadecuentas.gob.pa\/wp-content\/uploads\/2024\/10\/WhatsApp-Image-2024-10-29-at-12.26.10-PM-705x469.jpeg 705w, https:\/\/www.fiscaliadecuentas.gob.pa\/wp-content\/uploads\/2024\/10\/WhatsApp-Image-2024-10-29-at-12.26.10-PM.jpeg 1371w\" sizes=\"auto, (max-width: 1030px) 100vw, 1030px\" \/><\/a><\/figure>\n","protected":false},"excerpt":{"rendered":"<p>La Fiscal\u00eda General de Cuentas y el Tribunal de Cuentas sostuvieron una nueva ronda de conversaciones para la consecuci\u00f3n del proyecto de la Ciudad de Cuentas. La comisi\u00f3n interinstitucional creada [&hellip;]<\/p>\n","protected":false},"author":4,"featured_media":38725,"comment_status":"closed","ping_status":"closed","sticky":false,"template":"","format":"standard","meta":{"_EventAllDay":false,"_EventTimezone":"","_EventStartDate":"","_EventEndDate":"","_EventStartDateUTC":"","_EventEndDateUTC":"","_EventShowMap":false,"_EventShowMapLink":false,"_EventURL":"","_EventCost":"","_EventCostDescription":"","_EventCurrencySymbol":"","_EventCurrencyCode":"","_EventCurrencyPosition":"","_EventDateTimeSeparator":"","_EventTimeRangeSeparator":"","_EventOrganizerID":[],"_EventVenueID":[],"_OrganizerEmail":"","_OrganizerPhone":"","_OrganizerWebsite":"","_VenueAddress":"","_VenueCity":"","_VenueCountry":"","_VenueProvince":"","_VenueState":"","_VenueZip":"","_VenuePhone":"","_VenueURL":"","_VenueStateProvince":"","_VenueLat":"","_VenueLng":"","_VenueShowMap":false,"_VenueShowMapLink":false,"footnotes":""},"categories":[1],"tags":[],"class_list":["post-38723","post","type-post","status-publish","format-standard","has-post-thumbnail","hentry","category-noticias"],"_links":{"self":[{"href":"https:\/\/www.fiscaliadecuentas.gob.pa\/index.php?rest_route=\/wp\/v2\/posts\/38723","targetHints":{"allow":["GET"]}}],"collection":[{"href":"https:\/\/www.fiscaliadecuentas.gob.pa\/index.php?rest_route=\/wp\/v2\/posts"}],"about":[{"href":"https:\/\/www.fiscaliadecuentas.gob.pa\/index.php?rest_route=\/wp\/v2\/types\/post"}],"author":[{"embeddable":true,"href":"https:\/\/www.fiscaliadecuentas.gob.pa\/index.php?rest_route=\/wp\/v2\/users\/4"}],"replies":[{"embeddable":true,"href":"https:\/\/www.fiscaliadecuentas.gob.pa\/index.php?rest_route=%2Fwp%2Fv2%2Fcomments&post=38723"}],"version-history":[{"count":2,"href":"https:\/\/www.fiscaliadecuentas.gob.pa\/index.php?rest_route=\/wp\/v2\/posts\/38723\/revisions"}],"predecessor-version":[{"id":38733,"href":"https:\/\/www.fiscaliadecuentas.gob.pa\/index.php?rest_route=\/wp\/v2\/posts\/38723\/revisions\/38733"}],"wp:featuredmedia":[{"embeddable":true,"href":"https:\/\/www.fiscaliadecuentas.gob.pa\/index.php?rest_route=\/wp\/v2\/media\/38725"}],"wp:attachment":[{"href":"https:\/\/www.fiscaliadecuentas.gob.pa\/index.php?rest_route=%2Fwp%2Fv2%2Fmedia&parent=38723"}],"wp:term":[{"taxonomy":"category","embeddable":true,"href":"https:\/\/www.fiscaliadecuentas.gob.pa\/index.php?rest_route=%2Fwp%2Fv2%2Fcategories&post=38723"},{"taxonomy":"post_tag","embeddable":true,"href":"https:\/\/www.fiscaliadecuentas.gob.pa\/index.php?rest_route=%2Fwp%2Fv2%2Ftags&post=38723"}],"curies":[{"name":"wp","href":"https:\/\/api.w.org\/{rel}","templated":true}]}}