{"id":38735,"date":"2024-10-30T14:16:06","date_gmt":"2024-10-30T19:16:06","guid":{"rendered":"https:\/\/www.fiscaliadecuentas.gob.pa\/?p=38735"},"modified":"2024-12-19T09:28:07","modified_gmt":"2024-12-19T14:28:07","slug":"ion-recibe-donacion-de-los-funcionarios-de-la-fiscalia-general-de-cuentas","status":"publish","type":"post","link":"https:\/\/www.fiscaliadecuentas.gob.pa\/?p=38735","title":{"rendered":"ION recibe donaci\u00f3n de los funcionarios de la Fiscal\u00eda General de Cuentas"},"content":{"rendered":"\n<figure class=\"wp-block-image size-large\"><a href=\"https:\/\/www.fiscaliadecuentas.gob.pa\/wp-content\/uploads\/2024\/10\/WhatsApp-Image-2024-10-30-at-1.48.49-PM-3.jpeg\"><img loading=\"lazy\" decoding=\"async\" width=\"1030\" height=\"685\" src=\"https:\/\/www.fiscaliadecuentas.gob.pa\/wp-content\/uploads\/2024\/10\/WhatsApp-Image-2024-10-30-at-1.48.49-PM-3-1030x685.jpeg\" alt=\"\" class=\"wp-image-38736\" srcset=\"https:\/\/www.fiscaliadecuentas.gob.pa\/wp-content\/uploads\/2024\/10\/WhatsApp-Image-2024-10-30-at-1.48.49-PM-3-1030x685.jpeg 1030w, https:\/\/www.fiscaliadecuentas.gob.pa\/wp-content\/uploads\/2024\/10\/WhatsApp-Image-2024-10-30-at-1.48.49-PM-3-300x199.jpeg 300w, https:\/\/www.fiscaliadecuentas.gob.pa\/wp-content\/uploads\/2024\/10\/WhatsApp-Image-2024-10-30-at-1.48.49-PM-3-768x511.jpeg 768w, https:\/\/www.fiscaliadecuentas.gob.pa\/wp-content\/uploads\/2024\/10\/WhatsApp-Image-2024-10-30-at-1.48.49-PM-3-500x332.jpeg 500w, https:\/\/www.fiscaliadecuentas.gob.pa\/wp-content\/uploads\/2024\/10\/WhatsApp-Image-2024-10-30-at-1.48.49-PM-3-800x532.jpeg 800w, https:\/\/www.fiscaliadecuentas.gob.pa\/wp-content\/uploads\/2024\/10\/WhatsApp-Image-2024-10-30-at-1.48.49-PM-3-705x469.jpeg 705w, https:\/\/www.fiscaliadecuentas.gob.pa\/wp-content\/uploads\/2024\/10\/WhatsApp-Image-2024-10-30-at-1.48.49-PM-3.jpeg 1280w\" sizes=\"auto, (max-width: 1030px) 100vw, 1030px\" \/><\/a><\/figure>\n\n\n<p style=\"text-align: justify;\">Los funcionarios de la Fiscal\u00eda General de Cuentas culminaron su participaci\u00f3n en la campa\u00f1a de la cinta rosada y celeste, \u201cCon Paso Firme en la Lucha Contra el C\u00e1ncer\u201d, con una donaci\u00f3n al Instituto Oncol\u00f3gico Nacional (ION).<\/p>\n<p style=\"text-align: justify;\">Jaime Barroso, fiscal general de cuentas, en representaci\u00f3n de los servidores p\u00fablicos de la instituci\u00f3n, hizo entrega al doctor Julio Santamar\u00eda, director del centro hospitalario de la donaci\u00f3n que consisti\u00f3 en frazadas, alcohol, toallas, agua embotellada y otros enseres como, pa\u00f1ales desechables de adultos y art\u00edculos de limpieza personal.<\/p>\n<p style=\"text-align: justify;\">\u201cEs una donaci\u00f3n muy importante que cubren las necesidades que tenemos con los pacientes; de esta manera los funcionarios muestran su solidaridad y compromiso en ayudar a las personas con c\u00e1ncer\u201d, manifest\u00f3 Santamar\u00eda.<\/p>\n<p style=\"text-align: justify;\">En tanto, el fiscal Barroso se\u00f1al\u00f3, \u201cesta peque\u00f1a ayuda es un granito de arena que beneficiar\u00e1 a los pacientes que padecen esta enfermedad\u201d.<\/p>\n<p style=\"text-align: justify;\">La Fiscal\u00eda General de Cuentas, representada por todos sus colaboradores, manifiestan una vez m\u00e1s su compromiso con causas como estas.<\/p>\n\n\n<figure class=\"wp-block-image size-large\"><a href=\"https:\/\/www.fiscaliadecuentas.gob.pa\/wp-content\/uploads\/2024\/10\/WhatsApp-Image-2024-10-30-at-1.48.49-PM-2.jpeg\"><img loading=\"lazy\" decoding=\"async\" width=\"1030\" height=\"685\" src=\"https:\/\/www.fiscaliadecuentas.gob.pa\/wp-content\/uploads\/2024\/10\/WhatsApp-Image-2024-10-30-at-1.48.49-PM-2-1030x685.jpeg\" alt=\"\" class=\"wp-image-38737\" srcset=\"https:\/\/www.fiscaliadecuentas.gob.pa\/wp-content\/uploads\/2024\/10\/WhatsApp-Image-2024-10-30-at-1.48.49-PM-2-1030x685.jpeg 1030w, https:\/\/www.fiscaliadecuentas.gob.pa\/wp-content\/uploads\/2024\/10\/WhatsApp-Image-2024-10-30-at-1.48.49-PM-2-300x199.jpeg 300w, https:\/\/www.fiscaliadecuentas.gob.pa\/wp-content\/uploads\/2024\/10\/WhatsApp-Image-2024-10-30-at-1.48.49-PM-2-768x511.jpeg 768w, https:\/\/www.fiscaliadecuentas.gob.pa\/wp-content\/uploads\/2024\/10\/WhatsApp-Image-2024-10-30-at-1.48.49-PM-2-500x332.jpeg 500w, https:\/\/www.fiscaliadecuentas.gob.pa\/wp-content\/uploads\/2024\/10\/WhatsApp-Image-2024-10-30-at-1.48.49-PM-2-800x532.jpeg 800w, https:\/\/www.fiscaliadecuentas.gob.pa\/wp-content\/uploads\/2024\/10\/WhatsApp-Image-2024-10-30-at-1.48.49-PM-2-705x469.jpeg 705w, https:\/\/www.fiscaliadecuentas.gob.pa\/wp-content\/uploads\/2024\/10\/WhatsApp-Image-2024-10-30-at-1.48.49-PM-2.jpeg 1280w\" sizes=\"auto, (max-width: 1030px) 100vw, 1030px\" \/><\/a><\/figure>\n\n\n\n<figure class=\"wp-block-image size-large\"><a href=\"https:\/\/www.fiscaliadecuentas.gob.pa\/wp-content\/uploads\/2024\/10\/WhatsApp-Image-2024-10-30-at-1.48.49-PM-1.jpeg\"><img loading=\"lazy\" decoding=\"async\" width=\"1030\" height=\"685\" src=\"https:\/\/www.fiscaliadecuentas.gob.pa\/wp-content\/uploads\/2024\/10\/WhatsApp-Image-2024-10-30-at-1.48.49-PM-1-1030x685.jpeg\" alt=\"\" class=\"wp-image-38738\" srcset=\"https:\/\/www.fiscaliadecuentas.gob.pa\/wp-content\/uploads\/2024\/10\/WhatsApp-Image-2024-10-30-at-1.48.49-PM-1-1030x685.jpeg 1030w, https:\/\/www.fiscaliadecuentas.gob.pa\/wp-content\/uploads\/2024\/10\/WhatsApp-Image-2024-10-30-at-1.48.49-PM-1-300x199.jpeg 300w, https:\/\/www.fiscaliadecuentas.gob.pa\/wp-content\/uploads\/2024\/10\/WhatsApp-Image-2024-10-30-at-1.48.49-PM-1-768x511.jpeg 768w, https:\/\/www.fiscaliadecuentas.gob.pa\/wp-content\/uploads\/2024\/10\/WhatsApp-Image-2024-10-30-at-1.48.49-PM-1-500x332.jpeg 500w, https:\/\/www.fiscaliadecuentas.gob.pa\/wp-content\/uploads\/2024\/10\/WhatsApp-Image-2024-10-30-at-1.48.49-PM-1-800x532.jpeg 800w, https:\/\/www.fiscaliadecuentas.gob.pa\/wp-content\/uploads\/2024\/10\/WhatsApp-Image-2024-10-30-at-1.48.49-PM-1-705x469.jpeg 705w, https:\/\/www.fiscaliadecuentas.gob.pa\/wp-content\/uploads\/2024\/10\/WhatsApp-Image-2024-10-30-at-1.48.49-PM-1.jpeg 1280w\" sizes=\"auto, (max-width: 1030px) 100vw, 1030px\" \/><\/a><\/figure>\n\n\n\n<figure class=\"wp-block-image size-large\"><a href=\"https:\/\/www.fiscaliadecuentas.gob.pa\/wp-content\/uploads\/2024\/10\/WhatsApp-Image-2024-10-30-at-1.48.49-PM.jpeg\"><img loading=\"lazy\" decoding=\"async\" width=\"1030\" height=\"685\" src=\"https:\/\/www.fiscaliadecuentas.gob.pa\/wp-content\/uploads\/2024\/10\/WhatsApp-Image-2024-10-30-at-1.48.49-PM-1030x685.jpeg\" alt=\"\" class=\"wp-image-38739\" srcset=\"https:\/\/www.fiscaliadecuentas.gob.pa\/wp-content\/uploads\/2024\/10\/WhatsApp-Image-2024-10-30-at-1.48.49-PM-1030x685.jpeg 1030w, https:\/\/www.fiscaliadecuentas.gob.pa\/wp-content\/uploads\/2024\/10\/WhatsApp-Image-2024-10-30-at-1.48.49-PM-300x199.jpeg 300w, https:\/\/www.fiscaliadecuentas.gob.pa\/wp-content\/uploads\/2024\/10\/WhatsApp-Image-2024-10-30-at-1.48.49-PM-768x511.jpeg 768w, https:\/\/www.fiscaliadecuentas.gob.pa\/wp-content\/uploads\/2024\/10\/WhatsApp-Image-2024-10-30-at-1.48.49-PM-500x332.jpeg 500w, https:\/\/www.fiscaliadecuentas.gob.pa\/wp-content\/uploads\/2024\/10\/WhatsApp-Image-2024-10-30-at-1.48.49-PM-800x532.jpeg 800w, https:\/\/www.fiscaliadecuentas.gob.pa\/wp-content\/uploads\/2024\/10\/WhatsApp-Image-2024-10-30-at-1.48.49-PM-705x469.jpeg 705w, https:\/\/www.fiscaliadecuentas.gob.pa\/wp-content\/uploads\/2024\/10\/WhatsApp-Image-2024-10-30-at-1.48.49-PM.jpeg 1280w\" sizes=\"auto, (max-width: 1030px) 100vw, 1030px\" \/><\/a><\/figure>\n","protected":false},"excerpt":{"rendered":"<p>Los funcionarios de la Fiscal\u00eda General de Cuentas culminaron su participaci\u00f3n en la campa\u00f1a de la cinta rosada y celeste, \u201cCon Paso Firme en la Lucha Contra el C\u00e1ncer\u201d, con [&hellip;]<\/p>\n","protected":false},"author":4,"featured_media":38736,"comment_status":"closed","ping_status":"closed","sticky":false,"template":"","format":"standard","meta":{"_EventAllDay":false,"_EventTimezone":"","_EventStartDate":"","_EventEndDate":"","_EventStartDateUTC":"","_EventEndDateUTC":"","_EventShowMap":false,"_EventShowMapLink":false,"_EventURL":"","_EventCost":"","_EventCostDescription":"","_EventCurrencySymbol":"","_EventCurrencyCode":"","_EventCurrencyPosition":"","_EventDateTimeSeparator":"","_EventTimeRangeSeparator":"","_EventOrganizerID":[],"_EventVenueID":[],"_OrganizerEmail":"","_OrganizerPhone":"","_OrganizerWebsite":"","_VenueAddress":"","_VenueCity":"","_VenueCountry":"","_VenueProvince":"","_VenueState":"","_VenueZip":"","_VenuePhone":"","_VenueURL":"","_VenueStateProvince":"","_VenueLat":"","_VenueLng":"","_VenueShowMap":false,"_VenueShowMapLink":false,"footnotes":""},"categories":[3],"tags":[],"class_list":["post-38735","post","type-post","status-publish","format-standard","has-post-thumbnail","hentry","category-actividades"],"_links":{"self":[{"href":"https:\/\/www.fiscaliadecuentas.gob.pa\/index.php?rest_route=\/wp\/v2\/posts\/38735","targetHints":{"allow":["GET"]}}],"collection":[{"href":"https:\/\/www.fiscaliadecuentas.gob.pa\/index.php?rest_route=\/wp\/v2\/posts"}],"about":[{"href":"https:\/\/www.fiscaliadecuentas.gob.pa\/index.php?rest_route=\/wp\/v2\/types\/post"}],"author":[{"embeddable":true,"href":"https:\/\/www.fiscaliadecuentas.gob.pa\/index.php?rest_route=\/wp\/v2\/users\/4"}],"replies":[{"embeddable":true,"href":"https:\/\/www.fiscaliadecuentas.gob.pa\/index.php?rest_route=%2Fwp%2Fv2%2Fcomments&post=38735"}],"version-history":[{"count":2,"href":"https:\/\/www.fiscaliadecuentas.gob.pa\/index.php?rest_route=\/wp\/v2\/posts\/38735\/revisions"}],"predecessor-version":[{"id":38741,"href":"https:\/\/www.fiscaliadecuentas.gob.pa\/index.php?rest_route=\/wp\/v2\/posts\/38735\/revisions\/38741"}],"wp:featuredmedia":[{"embeddable":true,"href":"https:\/\/www.fiscaliadecuentas.gob.pa\/index.php?rest_route=\/wp\/v2\/media\/38736"}],"wp:attachment":[{"href":"https:\/\/www.fiscaliadecuentas.gob.pa\/index.php?rest_route=%2Fwp%2Fv2%2Fmedia&parent=38735"}],"wp:term":[{"taxonomy":"category","embeddable":true,"href":"https:\/\/www.fiscaliadecuentas.gob.pa\/index.php?rest_route=%2Fwp%2Fv2%2Fcategories&post=38735"},{"taxonomy":"post_tag","embeddable":true,"href":"https:\/\/www.fiscaliadecuentas.gob.pa\/index.php?rest_route=%2Fwp%2Fv2%2Ftags&post=38735"}],"curies":[{"name":"wp","href":"https:\/\/api.w.org\/{rel}","templated":true}]}}