{"id":38804,"date":"2024-11-12T17:46:21","date_gmt":"2024-11-12T22:46:21","guid":{"rendered":"https:\/\/www.fiscaliadecuentas.gob.pa\/?p=38804"},"modified":"2024-12-19T09:27:29","modified_gmt":"2024-12-19T14:27:29","slug":"funcionarios-de-la-fgc-participan-en-seminario-internacional-de-presupuesto-publico","status":"publish","type":"post","link":"https:\/\/www.fiscaliadecuentas.gob.pa\/?p=38804","title":{"rendered":"Funcionarios de la FGC participan en Seminario Internacional de Presupuesto P\u00fablico"},"content":{"rendered":"\n<figure class=\"wp-block-image size-large\"><a href=\"https:\/\/www.fiscaliadecuentas.gob.pa\/wp-content\/uploads\/2024\/11\/arge2-scaled.jpg\"><img loading=\"lazy\" decoding=\"async\" width=\"1030\" height=\"690\" src=\"https:\/\/www.fiscaliadecuentas.gob.pa\/wp-content\/uploads\/2024\/11\/arge2-1030x690.jpg\" alt=\"\" class=\"wp-image-38805\" srcset=\"https:\/\/www.fiscaliadecuentas.gob.pa\/wp-content\/uploads\/2024\/11\/arge2-1030x690.jpg 1030w, https:\/\/www.fiscaliadecuentas.gob.pa\/wp-content\/uploads\/2024\/11\/arge2-300x201.jpg 300w, https:\/\/www.fiscaliadecuentas.gob.pa\/wp-content\/uploads\/2024\/11\/arge2-768x515.jpg 768w, https:\/\/www.fiscaliadecuentas.gob.pa\/wp-content\/uploads\/2024\/11\/arge2-1536x1029.jpg 1536w, https:\/\/www.fiscaliadecuentas.gob.pa\/wp-content\/uploads\/2024\/11\/arge2-2048x1373.jpg 2048w, https:\/\/www.fiscaliadecuentas.gob.pa\/wp-content\/uploads\/2024\/11\/arge2-500x335.jpg 500w, https:\/\/www.fiscaliadecuentas.gob.pa\/wp-content\/uploads\/2024\/11\/arge2-800x536.jpg 800w, https:\/\/www.fiscaliadecuentas.gob.pa\/wp-content\/uploads\/2024\/11\/arge2-1280x858.jpg 1280w, https:\/\/www.fiscaliadecuentas.gob.pa\/wp-content\/uploads\/2024\/11\/arge2-1920x1287.jpg 1920w, https:\/\/www.fiscaliadecuentas.gob.pa\/wp-content\/uploads\/2024\/11\/arge2-1500x1005.jpg 1500w, https:\/\/www.fiscaliadecuentas.gob.pa\/wp-content\/uploads\/2024\/11\/arge2-705x472.jpg 705w\" sizes=\"auto, (max-width: 1030px) 100vw, 1030px\" \/><\/a><\/figure>\n\n\n<p style=\"text-align: justify;\">A partir de hoy y hasta el pr\u00f3ximo 14 de noviembre, funcionarios de la Fiscal\u00eda General de Cuentas participan del quincuag\u00e9simo primer Seminario Internacional de Presupuesto P\u00fablico.<\/p>\n<p style=\"text-align: justify;\">Jaime Barroso Pinto, fiscal general de cuentas y C\u00e9sar Castillo, jefe de Planificaci\u00f3n, abordan este evento que se desarrolla en la ciudad de Buenos Aires, Argentina, y en el cual participan expositores de al menos 14 pa\u00edses de Am\u00e9rica Latina.<\/p>\n<p style=\"text-align: justify;\">El ciclo de conferencias organizado por la Asociaci\u00f3n Internacional de Presupuesto P\u00fablico (ASIP), con la cooperaci\u00f3n de la Organizaci\u00f3n para la Cooperaci\u00f3n y el Desarrollo Econ\u00f3micos (OCDE), y la colaboraci\u00f3n de otras entidades, va dirigido fundamentalmente a funcionarios, t\u00e9cnicos y especialistas de distintos pa\u00edses de las \u00e1reas de finanzas y presupuestos.<\/p>\n<p style=\"text-align: justify;\">Temas como lo son, el Contexto Internacional. La Geopol\u00edtica del futuro y el Rol de Am\u00e9rica Latina y el Caribe; la Inversi\u00f3n P\u00fablica, el Contexto Uni\u00f3n Europea-Am\u00e9rica Latina y el Caribe. Diferencias. Formulaci\u00f3n e hip\u00f3tesis para los pr\u00f3ximos a\u00f1os y el Impacto de las Pol\u00edticas P\u00fablicas Presupuestarias en los procesos pol\u00edticos, econ\u00f3micos, sociales y ambientales de Am\u00e9rica Latina y el Caribe, forman parte de la agenda de los principales aspectos que se abordar\u00e1n durante la actividad.<\/p>\n<p style=\"text-align: justify;\">Estos seminarios concebidos como un encuentro de conocimiento acad\u00e9mico y t\u00e9cnico tienen como prop\u00f3sito ayudar a sus miembros a modernizar las metodolog\u00edas para el desarrollo y el dise\u00f1o presupuestario de las pol\u00edticas p\u00fablicas.<\/p>\n\n\n<figure class=\"wp-block-image size-large\"><a href=\"https:\/\/www.fiscaliadecuentas.gob.pa\/wp-content\/uploads\/2024\/11\/arge1.jpg\"><img loading=\"lazy\" decoding=\"async\" width=\"1030\" height=\"691\" src=\"https:\/\/www.fiscaliadecuentas.gob.pa\/wp-content\/uploads\/2024\/11\/arge1-1030x691.jpg\" alt=\"\" class=\"wp-image-38806\" srcset=\"https:\/\/www.fiscaliadecuentas.gob.pa\/wp-content\/uploads\/2024\/11\/arge1-1030x691.jpg 1030w, https:\/\/www.fiscaliadecuentas.gob.pa\/wp-content\/uploads\/2024\/11\/arge1-300x201.jpg 300w, https:\/\/www.fiscaliadecuentas.gob.pa\/wp-content\/uploads\/2024\/11\/arge1-768x515.jpg 768w, https:\/\/www.fiscaliadecuentas.gob.pa\/wp-content\/uploads\/2024\/11\/arge1-1536x1030.jpg 1536w, https:\/\/www.fiscaliadecuentas.gob.pa\/wp-content\/uploads\/2024\/11\/arge1-500x335.jpg 500w, https:\/\/www.fiscaliadecuentas.gob.pa\/wp-content\/uploads\/2024\/11\/arge1-800x536.jpg 800w, https:\/\/www.fiscaliadecuentas.gob.pa\/wp-content\/uploads\/2024\/11\/arge1-1280x858.jpg 1280w, https:\/\/www.fiscaliadecuentas.gob.pa\/wp-content\/uploads\/2024\/11\/arge1-1500x1006.jpg 1500w, https:\/\/www.fiscaliadecuentas.gob.pa\/wp-content\/uploads\/2024\/11\/arge1-705x473.jpg 705w, https:\/\/www.fiscaliadecuentas.gob.pa\/wp-content\/uploads\/2024\/11\/arge1.jpg 1778w\" sizes=\"auto, (max-width: 1030px) 100vw, 1030px\" \/><\/a><\/figure>\n\n\n\n<figure class=\"wp-block-image size-large\"><a href=\"https:\/\/www.fiscaliadecuentas.gob.pa\/wp-content\/uploads\/2024\/11\/arge3-scaled.jpg\"><img loading=\"lazy\" decoding=\"async\" width=\"1030\" height=\"646\" src=\"https:\/\/www.fiscaliadecuentas.gob.pa\/wp-content\/uploads\/2024\/11\/arge3-1030x646.jpg\" alt=\"\" class=\"wp-image-38807\" srcset=\"https:\/\/www.fiscaliadecuentas.gob.pa\/wp-content\/uploads\/2024\/11\/arge3-1030x646.jpg 1030w, https:\/\/www.fiscaliadecuentas.gob.pa\/wp-content\/uploads\/2024\/11\/arge3-300x188.jpg 300w, https:\/\/www.fiscaliadecuentas.gob.pa\/wp-content\/uploads\/2024\/11\/arge3-768x482.jpg 768w, https:\/\/www.fiscaliadecuentas.gob.pa\/wp-content\/uploads\/2024\/11\/arge3-1536x963.jpg 1536w, https:\/\/www.fiscaliadecuentas.gob.pa\/wp-content\/uploads\/2024\/11\/arge3-2048x1284.jpg 2048w, https:\/\/www.fiscaliadecuentas.gob.pa\/wp-content\/uploads\/2024\/11\/arge3-500x314.jpg 500w, https:\/\/www.fiscaliadecuentas.gob.pa\/wp-content\/uploads\/2024\/11\/arge3-800x502.jpg 800w, https:\/\/www.fiscaliadecuentas.gob.pa\/wp-content\/uploads\/2024\/11\/arge3-1280x803.jpg 1280w, https:\/\/www.fiscaliadecuentas.gob.pa\/wp-content\/uploads\/2024\/11\/arge3-1920x1204.jpg 1920w, https:\/\/www.fiscaliadecuentas.gob.pa\/wp-content\/uploads\/2024\/11\/arge3-1500x941.jpg 1500w, https:\/\/www.fiscaliadecuentas.gob.pa\/wp-content\/uploads\/2024\/11\/arge3-705x442.jpg 705w\" sizes=\"auto, (max-width: 1030px) 100vw, 1030px\" \/><\/a><\/figure>\n","protected":false},"excerpt":{"rendered":"<p>A partir de hoy y hasta el pr\u00f3ximo 14 de noviembre, funcionarios de la Fiscal\u00eda General de Cuentas participan del quincuag\u00e9simo primer Seminario Internacional de Presupuesto P\u00fablico. Jaime Barroso Pinto, [&hellip;]<\/p>\n","protected":false},"author":4,"featured_media":38805,"comment_status":"closed","ping_status":"closed","sticky":false,"template":"","format":"standard","meta":{"_EventAllDay":false,"_EventTimezone":"","_EventStartDate":"","_EventEndDate":"","_EventStartDateUTC":"","_EventEndDateUTC":"","_EventShowMap":false,"_EventShowMapLink":false,"_EventURL":"","_EventCost":"","_EventCostDescription":"","_EventCurrencySymbol":"","_EventCurrencyCode":"","_EventCurrencyPosition":"","_EventDateTimeSeparator":"","_EventTimeRangeSeparator":"","_EventOrganizerID":[],"_EventVenueID":[],"_OrganizerEmail":"","_OrganizerPhone":"","_OrganizerWebsite":"","_VenueAddress":"","_VenueCity":"","_VenueCountry":"","_VenueProvince":"","_VenueState":"","_VenueZip":"","_VenuePhone":"","_VenueURL":"","_VenueStateProvince":"","_VenueLat":"","_VenueLng":"","_VenueShowMap":false,"_VenueShowMapLink":false,"footnotes":""},"categories":[1],"tags":[],"class_list":["post-38804","post","type-post","status-publish","format-standard","has-post-thumbnail","hentry","category-noticias"],"_links":{"self":[{"href":"https:\/\/www.fiscaliadecuentas.gob.pa\/index.php?rest_route=\/wp\/v2\/posts\/38804","targetHints":{"allow":["GET"]}}],"collection":[{"href":"https:\/\/www.fiscaliadecuentas.gob.pa\/index.php?rest_route=\/wp\/v2\/posts"}],"about":[{"href":"https:\/\/www.fiscaliadecuentas.gob.pa\/index.php?rest_route=\/wp\/v2\/types\/post"}],"author":[{"embeddable":true,"href":"https:\/\/www.fiscaliadecuentas.gob.pa\/index.php?rest_route=\/wp\/v2\/users\/4"}],"replies":[{"embeddable":true,"href":"https:\/\/www.fiscaliadecuentas.gob.pa\/index.php?rest_route=%2Fwp%2Fv2%2Fcomments&post=38804"}],"version-history":[{"count":1,"href":"https:\/\/www.fiscaliadecuentas.gob.pa\/index.php?rest_route=\/wp\/v2\/posts\/38804\/revisions"}],"predecessor-version":[{"id":38808,"href":"https:\/\/www.fiscaliadecuentas.gob.pa\/index.php?rest_route=\/wp\/v2\/posts\/38804\/revisions\/38808"}],"wp:featuredmedia":[{"embeddable":true,"href":"https:\/\/www.fiscaliadecuentas.gob.pa\/index.php?rest_route=\/wp\/v2\/media\/38805"}],"wp:attachment":[{"href":"https:\/\/www.fiscaliadecuentas.gob.pa\/index.php?rest_route=%2Fwp%2Fv2%2Fmedia&parent=38804"}],"wp:term":[{"taxonomy":"category","embeddable":true,"href":"https:\/\/www.fiscaliadecuentas.gob.pa\/index.php?rest_route=%2Fwp%2Fv2%2Fcategories&post=38804"},{"taxonomy":"post_tag","embeddable":true,"href":"https:\/\/www.fiscaliadecuentas.gob.pa\/index.php?rest_route=%2Fwp%2Fv2%2Ftags&post=38804"}],"curies":[{"name":"wp","href":"https:\/\/api.w.org\/{rel}","templated":true}]}}