{"id":39102,"date":"2025-01-19T11:35:14","date_gmt":"2025-01-19T16:35:14","guid":{"rendered":"https:\/\/www.fiscaliadecuentas.gob.pa\/?p=39102"},"modified":"2025-01-21T11:40:13","modified_gmt":"2025-01-21T16:40:13","slug":"funcionarios-conmemoran-los-16-anos-de-la-fiscalia-general-de-cuentas","status":"publish","type":"post","link":"https:\/\/www.fiscaliadecuentas.gob.pa\/?p=39102","title":{"rendered":"Funcionarios conmemoran los 16 a\u00f1os de la Fiscal\u00eda General de Cuentas"},"content":{"rendered":"\n<figure class=\"wp-block-image size-large\"><a href=\"https:\/\/www.fiscaliadecuentas.gob.pa\/wp-content\/uploads\/2025\/01\/WhatsApp-Image-2025-01-19-at-9.39.22-AM-8.jpeg\"><img loading=\"lazy\" decoding=\"async\" width=\"1030\" height=\"686\" src=\"https:\/\/www.fiscaliadecuentas.gob.pa\/wp-content\/uploads\/2025\/01\/WhatsApp-Image-2025-01-19-at-9.39.22-AM-8-1030x686.jpeg\" alt=\"\" class=\"wp-image-39103\" srcset=\"https:\/\/www.fiscaliadecuentas.gob.pa\/wp-content\/uploads\/2025\/01\/WhatsApp-Image-2025-01-19-at-9.39.22-AM-8-1030x686.jpeg 1030w, https:\/\/www.fiscaliadecuentas.gob.pa\/wp-content\/uploads\/2025\/01\/WhatsApp-Image-2025-01-19-at-9.39.22-AM-8-300x200.jpeg 300w, https:\/\/www.fiscaliadecuentas.gob.pa\/wp-content\/uploads\/2025\/01\/WhatsApp-Image-2025-01-19-at-9.39.22-AM-8-768x512.jpeg 768w, https:\/\/www.fiscaliadecuentas.gob.pa\/wp-content\/uploads\/2025\/01\/WhatsApp-Image-2025-01-19-at-9.39.22-AM-8-1536x1023.jpeg 1536w, https:\/\/www.fiscaliadecuentas.gob.pa\/wp-content\/uploads\/2025\/01\/WhatsApp-Image-2025-01-19-at-9.39.22-AM-8-1500x999.jpeg 1500w, https:\/\/www.fiscaliadecuentas.gob.pa\/wp-content\/uploads\/2025\/01\/WhatsApp-Image-2025-01-19-at-9.39.22-AM-8-705x470.jpeg 705w, https:\/\/www.fiscaliadecuentas.gob.pa\/wp-content\/uploads\/2025\/01\/WhatsApp-Image-2025-01-19-at-9.39.22-AM-8-500x333.jpeg 500w, https:\/\/www.fiscaliadecuentas.gob.pa\/wp-content\/uploads\/2025\/01\/WhatsApp-Image-2025-01-19-at-9.39.22-AM-8-800x533.jpeg 800w, https:\/\/www.fiscaliadecuentas.gob.pa\/wp-content\/uploads\/2025\/01\/WhatsApp-Image-2025-01-19-at-9.39.22-AM-8-1280x853.jpeg 1280w, https:\/\/www.fiscaliadecuentas.gob.pa\/wp-content\/uploads\/2025\/01\/WhatsApp-Image-2025-01-19-at-9.39.22-AM-8.jpeg 1600w\" sizes=\"auto, (max-width: 1030px) 100vw, 1030px\" \/><\/a><\/figure>\n\n\n\n<p>Con una Misa de Acci\u00f3n de Gracias, celebrada en la Catedral Bas\u00edlica Metropolitana Santa Mar\u00eda la Antigua, la Fiscal\u00eda General de Cuentas celebr\u00f3 su decimosexto aniversario. Eucarist\u00eda en la que participaron el fiscal general de cuentas, Jaime Barroso Pinto, la secretaria general, Yamileth Atencio Cede\u00f1o, el magistrado del Tribunal de Cuentas, Pablo Chen Vallarino y dem\u00e1s funcionarios de esta de instituci\u00f3n.<\/p>\n\n\n\n<figure class=\"wp-block-image size-large\"><a href=\"https:\/\/www.fiscaliadecuentas.gob.pa\/wp-content\/uploads\/2025\/01\/WhatsApp-Image-2025-01-19-at-9.39.22-AM-7.jpeg\"><img loading=\"lazy\" decoding=\"async\" width=\"1030\" height=\"686\" src=\"https:\/\/www.fiscaliadecuentas.gob.pa\/wp-content\/uploads\/2025\/01\/WhatsApp-Image-2025-01-19-at-9.39.22-AM-7-1030x686.jpeg\" alt=\"\" class=\"wp-image-39104\" srcset=\"https:\/\/www.fiscaliadecuentas.gob.pa\/wp-content\/uploads\/2025\/01\/WhatsApp-Image-2025-01-19-at-9.39.22-AM-7-1030x686.jpeg 1030w, https:\/\/www.fiscaliadecuentas.gob.pa\/wp-content\/uploads\/2025\/01\/WhatsApp-Image-2025-01-19-at-9.39.22-AM-7-300x200.jpeg 300w, https:\/\/www.fiscaliadecuentas.gob.pa\/wp-content\/uploads\/2025\/01\/WhatsApp-Image-2025-01-19-at-9.39.22-AM-7-768x512.jpeg 768w, https:\/\/www.fiscaliadecuentas.gob.pa\/wp-content\/uploads\/2025\/01\/WhatsApp-Image-2025-01-19-at-9.39.22-AM-7-1536x1023.jpeg 1536w, https:\/\/www.fiscaliadecuentas.gob.pa\/wp-content\/uploads\/2025\/01\/WhatsApp-Image-2025-01-19-at-9.39.22-AM-7-1500x999.jpeg 1500w, https:\/\/www.fiscaliadecuentas.gob.pa\/wp-content\/uploads\/2025\/01\/WhatsApp-Image-2025-01-19-at-9.39.22-AM-7-705x470.jpeg 705w, https:\/\/www.fiscaliadecuentas.gob.pa\/wp-content\/uploads\/2025\/01\/WhatsApp-Image-2025-01-19-at-9.39.22-AM-7-500x333.jpeg 500w, https:\/\/www.fiscaliadecuentas.gob.pa\/wp-content\/uploads\/2025\/01\/WhatsApp-Image-2025-01-19-at-9.39.22-AM-7-800x533.jpeg 800w, https:\/\/www.fiscaliadecuentas.gob.pa\/wp-content\/uploads\/2025\/01\/WhatsApp-Image-2025-01-19-at-9.39.22-AM-7-1280x853.jpeg 1280w, https:\/\/www.fiscaliadecuentas.gob.pa\/wp-content\/uploads\/2025\/01\/WhatsApp-Image-2025-01-19-at-9.39.22-AM-7.jpeg 1600w\" sizes=\"auto, (max-width: 1030px) 100vw, 1030px\" \/><\/a><\/figure>\n\n\n\n<figure class=\"wp-block-image size-large\"><a href=\"https:\/\/www.fiscaliadecuentas.gob.pa\/wp-content\/uploads\/2025\/01\/WhatsApp-Image-2025-01-19-at-9.39.22-AM-4.jpeg\"><img loading=\"lazy\" decoding=\"async\" width=\"1030\" height=\"686\" src=\"https:\/\/www.fiscaliadecuentas.gob.pa\/wp-content\/uploads\/2025\/01\/WhatsApp-Image-2025-01-19-at-9.39.22-AM-4-1030x686.jpeg\" alt=\"\" class=\"wp-image-39105\" srcset=\"https:\/\/www.fiscaliadecuentas.gob.pa\/wp-content\/uploads\/2025\/01\/WhatsApp-Image-2025-01-19-at-9.39.22-AM-4-1030x686.jpeg 1030w, https:\/\/www.fiscaliadecuentas.gob.pa\/wp-content\/uploads\/2025\/01\/WhatsApp-Image-2025-01-19-at-9.39.22-AM-4-300x200.jpeg 300w, https:\/\/www.fiscaliadecuentas.gob.pa\/wp-content\/uploads\/2025\/01\/WhatsApp-Image-2025-01-19-at-9.39.22-AM-4-768x512.jpeg 768w, https:\/\/www.fiscaliadecuentas.gob.pa\/wp-content\/uploads\/2025\/01\/WhatsApp-Image-2025-01-19-at-9.39.22-AM-4-1536x1023.jpeg 1536w, https:\/\/www.fiscaliadecuentas.gob.pa\/wp-content\/uploads\/2025\/01\/WhatsApp-Image-2025-01-19-at-9.39.22-AM-4-1500x999.jpeg 1500w, https:\/\/www.fiscaliadecuentas.gob.pa\/wp-content\/uploads\/2025\/01\/WhatsApp-Image-2025-01-19-at-9.39.22-AM-4-705x470.jpeg 705w, https:\/\/www.fiscaliadecuentas.gob.pa\/wp-content\/uploads\/2025\/01\/WhatsApp-Image-2025-01-19-at-9.39.22-AM-4-500x333.jpeg 500w, https:\/\/www.fiscaliadecuentas.gob.pa\/wp-content\/uploads\/2025\/01\/WhatsApp-Image-2025-01-19-at-9.39.22-AM-4-800x533.jpeg 800w, https:\/\/www.fiscaliadecuentas.gob.pa\/wp-content\/uploads\/2025\/01\/WhatsApp-Image-2025-01-19-at-9.39.22-AM-4-1280x853.jpeg 1280w, https:\/\/www.fiscaliadecuentas.gob.pa\/wp-content\/uploads\/2025\/01\/WhatsApp-Image-2025-01-19-at-9.39.22-AM-4.jpeg 1600w\" sizes=\"auto, (max-width: 1030px) 100vw, 1030px\" \/><\/a><\/figure>\n\n\n\n<figure class=\"wp-block-image size-large\"><a href=\"https:\/\/www.fiscaliadecuentas.gob.pa\/wp-content\/uploads\/2025\/01\/WhatsApp-Image-2025-01-19-at-9.39.22-AM-5.jpeg\"><img loading=\"lazy\" decoding=\"async\" width=\"1030\" height=\"686\" src=\"https:\/\/www.fiscaliadecuentas.gob.pa\/wp-content\/uploads\/2025\/01\/WhatsApp-Image-2025-01-19-at-9.39.22-AM-5-1030x686.jpeg\" alt=\"\" class=\"wp-image-39106\" srcset=\"https:\/\/www.fiscaliadecuentas.gob.pa\/wp-content\/uploads\/2025\/01\/WhatsApp-Image-2025-01-19-at-9.39.22-AM-5-1030x686.jpeg 1030w, https:\/\/www.fiscaliadecuentas.gob.pa\/wp-content\/uploads\/2025\/01\/WhatsApp-Image-2025-01-19-at-9.39.22-AM-5-300x200.jpeg 300w, https:\/\/www.fiscaliadecuentas.gob.pa\/wp-content\/uploads\/2025\/01\/WhatsApp-Image-2025-01-19-at-9.39.22-AM-5-768x512.jpeg 768w, https:\/\/www.fiscaliadecuentas.gob.pa\/wp-content\/uploads\/2025\/01\/WhatsApp-Image-2025-01-19-at-9.39.22-AM-5-1536x1023.jpeg 1536w, https:\/\/www.fiscaliadecuentas.gob.pa\/wp-content\/uploads\/2025\/01\/WhatsApp-Image-2025-01-19-at-9.39.22-AM-5-1500x999.jpeg 1500w, https:\/\/www.fiscaliadecuentas.gob.pa\/wp-content\/uploads\/2025\/01\/WhatsApp-Image-2025-01-19-at-9.39.22-AM-5-705x470.jpeg 705w, https:\/\/www.fiscaliadecuentas.gob.pa\/wp-content\/uploads\/2025\/01\/WhatsApp-Image-2025-01-19-at-9.39.22-AM-5-500x333.jpeg 500w, https:\/\/www.fiscaliadecuentas.gob.pa\/wp-content\/uploads\/2025\/01\/WhatsApp-Image-2025-01-19-at-9.39.22-AM-5-800x533.jpeg 800w, https:\/\/www.fiscaliadecuentas.gob.pa\/wp-content\/uploads\/2025\/01\/WhatsApp-Image-2025-01-19-at-9.39.22-AM-5-1280x853.jpeg 1280w, https:\/\/www.fiscaliadecuentas.gob.pa\/wp-content\/uploads\/2025\/01\/WhatsApp-Image-2025-01-19-at-9.39.22-AM-5.jpeg 1600w\" sizes=\"auto, (max-width: 1030px) 100vw, 1030px\" \/><\/a><\/figure>\n\n\n\n<figure class=\"wp-block-image size-large\"><a href=\"https:\/\/www.fiscaliadecuentas.gob.pa\/wp-content\/uploads\/2025\/01\/WhatsApp-Image-2025-01-19-at-9.39.22-AM-6.jpeg\"><img loading=\"lazy\" decoding=\"async\" width=\"1030\" height=\"686\" src=\"https:\/\/www.fiscaliadecuentas.gob.pa\/wp-content\/uploads\/2025\/01\/WhatsApp-Image-2025-01-19-at-9.39.22-AM-6-1030x686.jpeg\" alt=\"\" class=\"wp-image-39107\" srcset=\"https:\/\/www.fiscaliadecuentas.gob.pa\/wp-content\/uploads\/2025\/01\/WhatsApp-Image-2025-01-19-at-9.39.22-AM-6-1030x686.jpeg 1030w, https:\/\/www.fiscaliadecuentas.gob.pa\/wp-content\/uploads\/2025\/01\/WhatsApp-Image-2025-01-19-at-9.39.22-AM-6-300x200.jpeg 300w, https:\/\/www.fiscaliadecuentas.gob.pa\/wp-content\/uploads\/2025\/01\/WhatsApp-Image-2025-01-19-at-9.39.22-AM-6-768x512.jpeg 768w, https:\/\/www.fiscaliadecuentas.gob.pa\/wp-content\/uploads\/2025\/01\/WhatsApp-Image-2025-01-19-at-9.39.22-AM-6-1536x1023.jpeg 1536w, https:\/\/www.fiscaliadecuentas.gob.pa\/wp-content\/uploads\/2025\/01\/WhatsApp-Image-2025-01-19-at-9.39.22-AM-6-1500x999.jpeg 1500w, https:\/\/www.fiscaliadecuentas.gob.pa\/wp-content\/uploads\/2025\/01\/WhatsApp-Image-2025-01-19-at-9.39.22-AM-6-705x470.jpeg 705w, https:\/\/www.fiscaliadecuentas.gob.pa\/wp-content\/uploads\/2025\/01\/WhatsApp-Image-2025-01-19-at-9.39.22-AM-6-500x333.jpeg 500w, https:\/\/www.fiscaliadecuentas.gob.pa\/wp-content\/uploads\/2025\/01\/WhatsApp-Image-2025-01-19-at-9.39.22-AM-6-800x533.jpeg 800w, https:\/\/www.fiscaliadecuentas.gob.pa\/wp-content\/uploads\/2025\/01\/WhatsApp-Image-2025-01-19-at-9.39.22-AM-6-1280x853.jpeg 1280w, https:\/\/www.fiscaliadecuentas.gob.pa\/wp-content\/uploads\/2025\/01\/WhatsApp-Image-2025-01-19-at-9.39.22-AM-6.jpeg 1600w\" sizes=\"auto, (max-width: 1030px) 100vw, 1030px\" \/><\/a><\/figure>\n\n\n\n<figure class=\"wp-block-image size-large\"><a href=\"https:\/\/www.fiscaliadecuentas.gob.pa\/wp-content\/uploads\/2025\/01\/WhatsApp-Image-2025-01-19-at-9.39.22-AM-3.jpeg\"><img loading=\"lazy\" decoding=\"async\" width=\"1030\" height=\"686\" src=\"https:\/\/www.fiscaliadecuentas.gob.pa\/wp-content\/uploads\/2025\/01\/WhatsApp-Image-2025-01-19-at-9.39.22-AM-3-1030x686.jpeg\" alt=\"\" class=\"wp-image-39108\" srcset=\"https:\/\/www.fiscaliadecuentas.gob.pa\/wp-content\/uploads\/2025\/01\/WhatsApp-Image-2025-01-19-at-9.39.22-AM-3-1030x686.jpeg 1030w, https:\/\/www.fiscaliadecuentas.gob.pa\/wp-content\/uploads\/2025\/01\/WhatsApp-Image-2025-01-19-at-9.39.22-AM-3-300x200.jpeg 300w, https:\/\/www.fiscaliadecuentas.gob.pa\/wp-content\/uploads\/2025\/01\/WhatsApp-Image-2025-01-19-at-9.39.22-AM-3-768x512.jpeg 768w, https:\/\/www.fiscaliadecuentas.gob.pa\/wp-content\/uploads\/2025\/01\/WhatsApp-Image-2025-01-19-at-9.39.22-AM-3-1536x1023.jpeg 1536w, https:\/\/www.fiscaliadecuentas.gob.pa\/wp-content\/uploads\/2025\/01\/WhatsApp-Image-2025-01-19-at-9.39.22-AM-3-1500x999.jpeg 1500w, https:\/\/www.fiscaliadecuentas.gob.pa\/wp-content\/uploads\/2025\/01\/WhatsApp-Image-2025-01-19-at-9.39.22-AM-3-705x470.jpeg 705w, https:\/\/www.fiscaliadecuentas.gob.pa\/wp-content\/uploads\/2025\/01\/WhatsApp-Image-2025-01-19-at-9.39.22-AM-3-500x333.jpeg 500w, https:\/\/www.fiscaliadecuentas.gob.pa\/wp-content\/uploads\/2025\/01\/WhatsApp-Image-2025-01-19-at-9.39.22-AM-3-800x533.jpeg 800w, https:\/\/www.fiscaliadecuentas.gob.pa\/wp-content\/uploads\/2025\/01\/WhatsApp-Image-2025-01-19-at-9.39.22-AM-3-1280x853.jpeg 1280w, https:\/\/www.fiscaliadecuentas.gob.pa\/wp-content\/uploads\/2025\/01\/WhatsApp-Image-2025-01-19-at-9.39.22-AM-3.jpeg 1600w\" sizes=\"auto, (max-width: 1030px) 100vw, 1030px\" \/><\/a><\/figure>\n\n\n\n<figure class=\"wp-block-image size-large\"><a href=\"https:\/\/www.fiscaliadecuentas.gob.pa\/wp-content\/uploads\/2025\/01\/WhatsApp-Image-2025-01-19-at-9.39.22-AM-9.jpeg\"><img loading=\"lazy\" decoding=\"async\" width=\"1030\" height=\"686\" src=\"https:\/\/www.fiscaliadecuentas.gob.pa\/wp-content\/uploads\/2025\/01\/WhatsApp-Image-2025-01-19-at-9.39.22-AM-9-1030x686.jpeg\" alt=\"\" class=\"wp-image-39110\" srcset=\"https:\/\/www.fiscaliadecuentas.gob.pa\/wp-content\/uploads\/2025\/01\/WhatsApp-Image-2025-01-19-at-9.39.22-AM-9-1030x686.jpeg 1030w, https:\/\/www.fiscaliadecuentas.gob.pa\/wp-content\/uploads\/2025\/01\/WhatsApp-Image-2025-01-19-at-9.39.22-AM-9-300x200.jpeg 300w, https:\/\/www.fiscaliadecuentas.gob.pa\/wp-content\/uploads\/2025\/01\/WhatsApp-Image-2025-01-19-at-9.39.22-AM-9-768x512.jpeg 768w, https:\/\/www.fiscaliadecuentas.gob.pa\/wp-content\/uploads\/2025\/01\/WhatsApp-Image-2025-01-19-at-9.39.22-AM-9-1536x1023.jpeg 1536w, https:\/\/www.fiscaliadecuentas.gob.pa\/wp-content\/uploads\/2025\/01\/WhatsApp-Image-2025-01-19-at-9.39.22-AM-9-1500x999.jpeg 1500w, https:\/\/www.fiscaliadecuentas.gob.pa\/wp-content\/uploads\/2025\/01\/WhatsApp-Image-2025-01-19-at-9.39.22-AM-9-705x470.jpeg 705w, https:\/\/www.fiscaliadecuentas.gob.pa\/wp-content\/uploads\/2025\/01\/WhatsApp-Image-2025-01-19-at-9.39.22-AM-9-500x333.jpeg 500w, https:\/\/www.fiscaliadecuentas.gob.pa\/wp-content\/uploads\/2025\/01\/WhatsApp-Image-2025-01-19-at-9.39.22-AM-9-800x533.jpeg 800w, https:\/\/www.fiscaliadecuentas.gob.pa\/wp-content\/uploads\/2025\/01\/WhatsApp-Image-2025-01-19-at-9.39.22-AM-9-1280x853.jpeg 1280w, https:\/\/www.fiscaliadecuentas.gob.pa\/wp-content\/uploads\/2025\/01\/WhatsApp-Image-2025-01-19-at-9.39.22-AM-9.jpeg 1600w\" sizes=\"auto, (max-width: 1030px) 100vw, 1030px\" \/><\/a><\/figure>\n","protected":false},"excerpt":{"rendered":"<p>Con una Misa de Acci\u00f3n de Gracias, celebrada en la Catedral Bas\u00edlica Metropolitana Santa Mar\u00eda la Antigua, la Fiscal\u00eda General de Cuentas celebr\u00f3 su decimosexto aniversario. Eucarist\u00eda en la que [&hellip;]<\/p>\n","protected":false},"author":4,"featured_media":39103,"comment_status":"closed","ping_status":"closed","sticky":false,"template":"","format":"standard","meta":{"_EventAllDay":false,"_EventTimezone":"","_EventStartDate":"","_EventEndDate":"","_EventStartDateUTC":"","_EventEndDateUTC":"","_EventShowMap":false,"_EventShowMapLink":false,"_EventURL":"","_EventCost":"","_EventCostDescription":"","_EventCurrencySymbol":"","_EventCurrencyCode":"","_EventCurrencyPosition":"","_EventDateTimeSeparator":"","_EventTimeRangeSeparator":"","_EventOrganizerID":[],"_EventVenueID":[],"_OrganizerEmail":"","_OrganizerPhone":"","_OrganizerWebsite":"","_VenueAddress":"","_VenueCity":"","_VenueCountry":"","_VenueProvince":"","_VenueState":"","_VenueZip":"","_VenuePhone":"","_VenueURL":"","_VenueStateProvince":"","_VenueLat":"","_VenueLng":"","_VenueShowMap":false,"_VenueShowMapLink":false,"footnotes":""},"categories":[3],"tags":[],"class_list":["post-39102","post","type-post","status-publish","format-standard","has-post-thumbnail","hentry","category-actividades"],"_links":{"self":[{"href":"https:\/\/www.fiscaliadecuentas.gob.pa\/index.php?rest_route=\/wp\/v2\/posts\/39102","targetHints":{"allow":["GET"]}}],"collection":[{"href":"https:\/\/www.fiscaliadecuentas.gob.pa\/index.php?rest_route=\/wp\/v2\/posts"}],"about":[{"href":"https:\/\/www.fiscaliadecuentas.gob.pa\/index.php?rest_route=\/wp\/v2\/types\/post"}],"author":[{"embeddable":true,"href":"https:\/\/www.fiscaliadecuentas.gob.pa\/index.php?rest_route=\/wp\/v2\/users\/4"}],"replies":[{"embeddable":true,"href":"https:\/\/www.fiscaliadecuentas.gob.pa\/index.php?rest_route=%2Fwp%2Fv2%2Fcomments&post=39102"}],"version-history":[{"count":1,"href":"https:\/\/www.fiscaliadecuentas.gob.pa\/index.php?rest_route=\/wp\/v2\/posts\/39102\/revisions"}],"predecessor-version":[{"id":39111,"href":"https:\/\/www.fiscaliadecuentas.gob.pa\/index.php?rest_route=\/wp\/v2\/posts\/39102\/revisions\/39111"}],"wp:featuredmedia":[{"embeddable":true,"href":"https:\/\/www.fiscaliadecuentas.gob.pa\/index.php?rest_route=\/wp\/v2\/media\/39103"}],"wp:attachment":[{"href":"https:\/\/www.fiscaliadecuentas.gob.pa\/index.php?rest_route=%2Fwp%2Fv2%2Fmedia&parent=39102"}],"wp:term":[{"taxonomy":"category","embeddable":true,"href":"https:\/\/www.fiscaliadecuentas.gob.pa\/index.php?rest_route=%2Fwp%2Fv2%2Fcategories&post=39102"},{"taxonomy":"post_tag","embeddable":true,"href":"https:\/\/www.fiscaliadecuentas.gob.pa\/index.php?rest_route=%2Fwp%2Fv2%2Ftags&post=39102"}],"curies":[{"name":"wp","href":"https:\/\/api.w.org\/{rel}","templated":true}]}}