{"id":39145,"date":"2025-01-23T10:38:37","date_gmt":"2025-01-23T15:38:37","guid":{"rendered":"https:\/\/www.fiscaliadecuentas.gob.pa\/?p=39145"},"modified":"2025-01-24T10:41:48","modified_gmt":"2025-01-24T15:41:48","slug":"campana-alto-a-la-corrupcion-se-traslada-a-la-feria-internacional-de-la-chorrera","status":"publish","type":"post","link":"https:\/\/www.fiscaliadecuentas.gob.pa\/?p=39145","title":{"rendered":"Campa\u00f1a \u201cAlto a la Corrupci\u00f3n\u201d se traslada a la Feria Internacional de La Chorrera"},"content":{"rendered":"\n<figure class=\"wp-block-image size-large\"><a href=\"https:\/\/www.fiscaliadecuentas.gob.pa\/wp-content\/uploads\/2025\/01\/chorre1-scaled.jpg\"><img loading=\"lazy\" decoding=\"async\" width=\"1030\" height=\"687\" src=\"https:\/\/www.fiscaliadecuentas.gob.pa\/wp-content\/uploads\/2025\/01\/chorre1-1030x687.jpg\" alt=\"\" class=\"wp-image-39146\" srcset=\"https:\/\/www.fiscaliadecuentas.gob.pa\/wp-content\/uploads\/2025\/01\/chorre1-1030x687.jpg 1030w, https:\/\/www.fiscaliadecuentas.gob.pa\/wp-content\/uploads\/2025\/01\/chorre1-300x200.jpg 300w, https:\/\/www.fiscaliadecuentas.gob.pa\/wp-content\/uploads\/2025\/01\/chorre1-768x512.jpg 768w, https:\/\/www.fiscaliadecuentas.gob.pa\/wp-content\/uploads\/2025\/01\/chorre1-1536x1024.jpg 1536w, https:\/\/www.fiscaliadecuentas.gob.pa\/wp-content\/uploads\/2025\/01\/chorre1-2048x1366.jpg 2048w, https:\/\/www.fiscaliadecuentas.gob.pa\/wp-content\/uploads\/2025\/01\/chorre1-1500x1000.jpg 1500w, https:\/\/www.fiscaliadecuentas.gob.pa\/wp-content\/uploads\/2025\/01\/chorre1-705x470.jpg 705w, https:\/\/www.fiscaliadecuentas.gob.pa\/wp-content\/uploads\/2025\/01\/chorre1-500x333.jpg 500w, https:\/\/www.fiscaliadecuentas.gob.pa\/wp-content\/uploads\/2025\/01\/chorre1-800x533.jpg 800w, https:\/\/www.fiscaliadecuentas.gob.pa\/wp-content\/uploads\/2025\/01\/chorre1-1280x853.jpg 1280w, https:\/\/www.fiscaliadecuentas.gob.pa\/wp-content\/uploads\/2025\/01\/chorre1-1920x1280.jpg 1920w\" sizes=\"auto, (max-width: 1030px) 100vw, 1030px\" \/><\/a><\/figure>\n\n\n<p style=\"text-align: justify;\">Luego de inaugurado el stand de la instituci\u00f3n por parte de Yamileth Atencio Cede\u00f1o, secretaria general de esta entidad en compa\u00f1\u00eda de Tulio Ram\u00edrez, viceministro de Comercio Interior e Industrias, encargado, se procedi\u00f3 con el inici\u00f3 de la campa\u00f1a de docencia a cargo de los funcionarios de la Fiscal\u00eda General de Cuentas.<\/p>\n<p style=\"text-align: justify;\">Una tarea que se llevar\u00e1 cabo por espacio de casi dos semanas donde los servidores p\u00fablicos recorrer\u00e1n el recinto informando a los visitantes todo lo relacionado con la norma que crea la Fiscal\u00eda General de Cuentas, a trav\u00e9s de un tr\u00edptico detallando las funciones de la instituci\u00f3n, diferencias entre empleado y agente de manejo y tipos de responsabilidades patrimoniales, entre otros aspectos que abarca esta jurisdicci\u00f3n.<\/p>\n<p style=\"text-align: justify;\">Con la campa\u00f1a \u201cAlto a la Corrupci\u00f3n\u201d, en la feria de La Chorrera se espera alcanzar a m\u00e1s de 400 personas, al igual que en la reci\u00e9n finalizada Feria de las Flores y el Caf\u00e9 de Boquete.<\/p>\n\n\n<figure class=\"wp-block-image size-large\"><a href=\"https:\/\/www.fiscaliadecuentas.gob.pa\/wp-content\/uploads\/2025\/01\/chorre2-scaled.jpg\"><img loading=\"lazy\" decoding=\"async\" width=\"1030\" height=\"687\" src=\"https:\/\/www.fiscaliadecuentas.gob.pa\/wp-content\/uploads\/2025\/01\/chorre2-1030x687.jpg\" alt=\"\" class=\"wp-image-39147\" srcset=\"https:\/\/www.fiscaliadecuentas.gob.pa\/wp-content\/uploads\/2025\/01\/chorre2-1030x687.jpg 1030w, https:\/\/www.fiscaliadecuentas.gob.pa\/wp-content\/uploads\/2025\/01\/chorre2-300x200.jpg 300w, https:\/\/www.fiscaliadecuentas.gob.pa\/wp-content\/uploads\/2025\/01\/chorre2-768x512.jpg 768w, https:\/\/www.fiscaliadecuentas.gob.pa\/wp-content\/uploads\/2025\/01\/chorre2-1536x1024.jpg 1536w, https:\/\/www.fiscaliadecuentas.gob.pa\/wp-content\/uploads\/2025\/01\/chorre2-2048x1366.jpg 2048w, https:\/\/www.fiscaliadecuentas.gob.pa\/wp-content\/uploads\/2025\/01\/chorre2-1500x1000.jpg 1500w, https:\/\/www.fiscaliadecuentas.gob.pa\/wp-content\/uploads\/2025\/01\/chorre2-705x470.jpg 705w, https:\/\/www.fiscaliadecuentas.gob.pa\/wp-content\/uploads\/2025\/01\/chorre2-500x333.jpg 500w, https:\/\/www.fiscaliadecuentas.gob.pa\/wp-content\/uploads\/2025\/01\/chorre2-800x533.jpg 800w, https:\/\/www.fiscaliadecuentas.gob.pa\/wp-content\/uploads\/2025\/01\/chorre2-1280x853.jpg 1280w, https:\/\/www.fiscaliadecuentas.gob.pa\/wp-content\/uploads\/2025\/01\/chorre2-1920x1280.jpg 1920w\" sizes=\"auto, (max-width: 1030px) 100vw, 1030px\" \/><\/a><\/figure>\n\n\n\n<figure class=\"wp-block-image size-large\"><a href=\"https:\/\/www.fiscaliadecuentas.gob.pa\/wp-content\/uploads\/2025\/01\/chorre3-scaled.jpg\"><img loading=\"lazy\" decoding=\"async\" width=\"1030\" height=\"687\" src=\"https:\/\/www.fiscaliadecuentas.gob.pa\/wp-content\/uploads\/2025\/01\/chorre3-1030x687.jpg\" alt=\"\" class=\"wp-image-39148\" srcset=\"https:\/\/www.fiscaliadecuentas.gob.pa\/wp-content\/uploads\/2025\/01\/chorre3-1030x687.jpg 1030w, https:\/\/www.fiscaliadecuentas.gob.pa\/wp-content\/uploads\/2025\/01\/chorre3-300x200.jpg 300w, https:\/\/www.fiscaliadecuentas.gob.pa\/wp-content\/uploads\/2025\/01\/chorre3-768x512.jpg 768w, https:\/\/www.fiscaliadecuentas.gob.pa\/wp-content\/uploads\/2025\/01\/chorre3-1536x1024.jpg 1536w, https:\/\/www.fiscaliadecuentas.gob.pa\/wp-content\/uploads\/2025\/01\/chorre3-2048x1366.jpg 2048w, https:\/\/www.fiscaliadecuentas.gob.pa\/wp-content\/uploads\/2025\/01\/chorre3-1500x1000.jpg 1500w, https:\/\/www.fiscaliadecuentas.gob.pa\/wp-content\/uploads\/2025\/01\/chorre3-705x470.jpg 705w, https:\/\/www.fiscaliadecuentas.gob.pa\/wp-content\/uploads\/2025\/01\/chorre3-500x333.jpg 500w, https:\/\/www.fiscaliadecuentas.gob.pa\/wp-content\/uploads\/2025\/01\/chorre3-800x533.jpg 800w, https:\/\/www.fiscaliadecuentas.gob.pa\/wp-content\/uploads\/2025\/01\/chorre3-1280x853.jpg 1280w, https:\/\/www.fiscaliadecuentas.gob.pa\/wp-content\/uploads\/2025\/01\/chorre3-1920x1280.jpg 1920w\" sizes=\"auto, (max-width: 1030px) 100vw, 1030px\" \/><\/a><\/figure>\n\n\n\n<figure class=\"wp-block-image size-large\"><a href=\"https:\/\/www.fiscaliadecuentas.gob.pa\/wp-content\/uploads\/2025\/01\/chorre4-scaled.jpg\"><img loading=\"lazy\" decoding=\"async\" width=\"1030\" height=\"687\" src=\"https:\/\/www.fiscaliadecuentas.gob.pa\/wp-content\/uploads\/2025\/01\/chorre4-1030x687.jpg\" alt=\"\" class=\"wp-image-39149\" srcset=\"https:\/\/www.fiscaliadecuentas.gob.pa\/wp-content\/uploads\/2025\/01\/chorre4-1030x687.jpg 1030w, https:\/\/www.fiscaliadecuentas.gob.pa\/wp-content\/uploads\/2025\/01\/chorre4-300x200.jpg 300w, https:\/\/www.fiscaliadecuentas.gob.pa\/wp-content\/uploads\/2025\/01\/chorre4-768x512.jpg 768w, https:\/\/www.fiscaliadecuentas.gob.pa\/wp-content\/uploads\/2025\/01\/chorre4-1536x1024.jpg 1536w, https:\/\/www.fiscaliadecuentas.gob.pa\/wp-content\/uploads\/2025\/01\/chorre4-2048x1366.jpg 2048w, https:\/\/www.fiscaliadecuentas.gob.pa\/wp-content\/uploads\/2025\/01\/chorre4-1500x1000.jpg 1500w, https:\/\/www.fiscaliadecuentas.gob.pa\/wp-content\/uploads\/2025\/01\/chorre4-705x470.jpg 705w, https:\/\/www.fiscaliadecuentas.gob.pa\/wp-content\/uploads\/2025\/01\/chorre4-500x333.jpg 500w, https:\/\/www.fiscaliadecuentas.gob.pa\/wp-content\/uploads\/2025\/01\/chorre4-800x533.jpg 800w, https:\/\/www.fiscaliadecuentas.gob.pa\/wp-content\/uploads\/2025\/01\/chorre4-1280x853.jpg 1280w, https:\/\/www.fiscaliadecuentas.gob.pa\/wp-content\/uploads\/2025\/01\/chorre4-1920x1280.jpg 1920w\" sizes=\"auto, (max-width: 1030px) 100vw, 1030px\" \/><\/a><\/figure>\n","protected":false},"excerpt":{"rendered":"<p>Luego de inaugurado el stand de la instituci\u00f3n por parte de Yamileth Atencio Cede\u00f1o, secretaria general de esta entidad en compa\u00f1\u00eda de Tulio Ram\u00edrez, viceministro de Comercio Interior e Industrias, [&hellip;]<\/p>\n","protected":false},"author":4,"featured_media":39146,"comment_status":"closed","ping_status":"closed","sticky":false,"template":"","format":"standard","meta":{"_EventAllDay":false,"_EventTimezone":"","_EventStartDate":"","_EventEndDate":"","_EventStartDateUTC":"","_EventEndDateUTC":"","_EventShowMap":false,"_EventShowMapLink":false,"_EventURL":"","_EventCost":"","_EventCostDescription":"","_EventCurrencySymbol":"","_EventCurrencyCode":"","_EventCurrencyPosition":"","_EventDateTimeSeparator":"","_EventTimeRangeSeparator":"","_EventOrganizerID":[],"_EventVenueID":[],"_OrganizerEmail":"","_OrganizerPhone":"","_OrganizerWebsite":"","_VenueAddress":"","_VenueCity":"","_VenueCountry":"","_VenueProvince":"","_VenueState":"","_VenueZip":"","_VenuePhone":"","_VenueURL":"","_VenueStateProvince":"","_VenueLat":"","_VenueLng":"","_VenueShowMap":false,"_VenueShowMapLink":false,"footnotes":""},"categories":[3],"tags":[],"class_list":["post-39145","post","type-post","status-publish","format-standard","has-post-thumbnail","hentry","category-actividades"],"_links":{"self":[{"href":"https:\/\/www.fiscaliadecuentas.gob.pa\/index.php?rest_route=\/wp\/v2\/posts\/39145","targetHints":{"allow":["GET"]}}],"collection":[{"href":"https:\/\/www.fiscaliadecuentas.gob.pa\/index.php?rest_route=\/wp\/v2\/posts"}],"about":[{"href":"https:\/\/www.fiscaliadecuentas.gob.pa\/index.php?rest_route=\/wp\/v2\/types\/post"}],"author":[{"embeddable":true,"href":"https:\/\/www.fiscaliadecuentas.gob.pa\/index.php?rest_route=\/wp\/v2\/users\/4"}],"replies":[{"embeddable":true,"href":"https:\/\/www.fiscaliadecuentas.gob.pa\/index.php?rest_route=%2Fwp%2Fv2%2Fcomments&post=39145"}],"version-history":[{"count":1,"href":"https:\/\/www.fiscaliadecuentas.gob.pa\/index.php?rest_route=\/wp\/v2\/posts\/39145\/revisions"}],"predecessor-version":[{"id":39150,"href":"https:\/\/www.fiscaliadecuentas.gob.pa\/index.php?rest_route=\/wp\/v2\/posts\/39145\/revisions\/39150"}],"wp:featuredmedia":[{"embeddable":true,"href":"https:\/\/www.fiscaliadecuentas.gob.pa\/index.php?rest_route=\/wp\/v2\/media\/39146"}],"wp:attachment":[{"href":"https:\/\/www.fiscaliadecuentas.gob.pa\/index.php?rest_route=%2Fwp%2Fv2%2Fmedia&parent=39145"}],"wp:term":[{"taxonomy":"category","embeddable":true,"href":"https:\/\/www.fiscaliadecuentas.gob.pa\/index.php?rest_route=%2Fwp%2Fv2%2Fcategories&post=39145"},{"taxonomy":"post_tag","embeddable":true,"href":"https:\/\/www.fiscaliadecuentas.gob.pa\/index.php?rest_route=%2Fwp%2Fv2%2Ftags&post=39145"}],"curies":[{"name":"wp","href":"https:\/\/api.w.org\/{rel}","templated":true}]}}