{"id":39211,"date":"2025-02-05T16:33:39","date_gmt":"2025-02-05T21:33:39","guid":{"rendered":"https:\/\/www.fiscaliadecuentas.gob.pa\/?p=39211"},"modified":"2025-02-05T16:33:53","modified_gmt":"2025-02-05T21:33:53","slug":"concluye-campana-alto-a-la-corrupcion-en-la-feria-de-la-chorrera","status":"publish","type":"post","link":"https:\/\/www.fiscaliadecuentas.gob.pa\/?p=39211","title":{"rendered":"Concluye campa\u00f1a \u00abAlto a la Corrupci\u00f3n\u00bb en la Feria de La Chorrera"},"content":{"rendered":"\n<figure class=\"wp-block-image size-large\"><a href=\"https:\/\/www.fiscaliadecuentas.gob.pa\/wp-content\/uploads\/2025\/02\/Feria1-scaled.jpg\"><img loading=\"lazy\" decoding=\"async\" width=\"1030\" height=\"773\" src=\"https:\/\/www.fiscaliadecuentas.gob.pa\/wp-content\/uploads\/2025\/02\/Feria1-1030x773.jpg\" alt=\"\" class=\"wp-image-39212\" srcset=\"https:\/\/www.fiscaliadecuentas.gob.pa\/wp-content\/uploads\/2025\/02\/Feria1-1030x773.jpg 1030w, https:\/\/www.fiscaliadecuentas.gob.pa\/wp-content\/uploads\/2025\/02\/Feria1-300x225.jpg 300w, https:\/\/www.fiscaliadecuentas.gob.pa\/wp-content\/uploads\/2025\/02\/Feria1-768x576.jpg 768w, https:\/\/www.fiscaliadecuentas.gob.pa\/wp-content\/uploads\/2025\/02\/Feria1-1536x1152.jpg 1536w, https:\/\/www.fiscaliadecuentas.gob.pa\/wp-content\/uploads\/2025\/02\/Feria1-2048x1536.jpg 2048w, https:\/\/www.fiscaliadecuentas.gob.pa\/wp-content\/uploads\/2025\/02\/Feria1-1500x1125.jpg 1500w, https:\/\/www.fiscaliadecuentas.gob.pa\/wp-content\/uploads\/2025\/02\/Feria1-705x529.jpg 705w, https:\/\/www.fiscaliadecuentas.gob.pa\/wp-content\/uploads\/2025\/02\/Feria1-500x375.jpg 500w, https:\/\/www.fiscaliadecuentas.gob.pa\/wp-content\/uploads\/2025\/02\/Feria1-800x600.jpg 800w, https:\/\/www.fiscaliadecuentas.gob.pa\/wp-content\/uploads\/2025\/02\/Feria1-1280x960.jpg 1280w, https:\/\/www.fiscaliadecuentas.gob.pa\/wp-content\/uploads\/2025\/02\/Feria1-1920x1440.jpg 1920w\" sizes=\"auto, (max-width: 1030px) 100vw, 1030px\" \/><\/a><\/figure>\n\n\n<p style=\"text-align: justify;\">M\u00e1s de 500 personas fueron alcanzadas por la campa\u00f1a de sensibilizaci\u00f3n \u201cAlto a la Corrupci\u00f3n\u201d, que llev\u00f3 a cabo la Fiscal\u00eda General de Cuentas en la sexag\u00e9sima cuarta edici\u00f3n de la Feria Internacional de La Chorrera. Funcionarios de la FGC recorrieron todo el per\u00edmetro de la actividad informando todo lo relacionado con la norma que crea esta instituci\u00f3n.<\/p>\n\n\n<figure class=\"wp-block-image size-large\"><a href=\"https:\/\/www.fiscaliadecuentas.gob.pa\/wp-content\/uploads\/2025\/02\/Feria2-scaled.jpg\"><img loading=\"lazy\" decoding=\"async\" width=\"1030\" height=\"773\" src=\"https:\/\/www.fiscaliadecuentas.gob.pa\/wp-content\/uploads\/2025\/02\/Feria2-1030x773.jpg\" alt=\"\" class=\"wp-image-39213\" srcset=\"https:\/\/www.fiscaliadecuentas.gob.pa\/wp-content\/uploads\/2025\/02\/Feria2-1030x773.jpg 1030w, https:\/\/www.fiscaliadecuentas.gob.pa\/wp-content\/uploads\/2025\/02\/Feria2-300x225.jpg 300w, https:\/\/www.fiscaliadecuentas.gob.pa\/wp-content\/uploads\/2025\/02\/Feria2-768x576.jpg 768w, https:\/\/www.fiscaliadecuentas.gob.pa\/wp-content\/uploads\/2025\/02\/Feria2-1536x1152.jpg 1536w, https:\/\/www.fiscaliadecuentas.gob.pa\/wp-content\/uploads\/2025\/02\/Feria2-2048x1536.jpg 2048w, https:\/\/www.fiscaliadecuentas.gob.pa\/wp-content\/uploads\/2025\/02\/Feria2-1500x1125.jpg 1500w, https:\/\/www.fiscaliadecuentas.gob.pa\/wp-content\/uploads\/2025\/02\/Feria2-705x529.jpg 705w, https:\/\/www.fiscaliadecuentas.gob.pa\/wp-content\/uploads\/2025\/02\/Feria2-500x375.jpg 500w, https:\/\/www.fiscaliadecuentas.gob.pa\/wp-content\/uploads\/2025\/02\/Feria2-800x600.jpg 800w, https:\/\/www.fiscaliadecuentas.gob.pa\/wp-content\/uploads\/2025\/02\/Feria2-1280x960.jpg 1280w, https:\/\/www.fiscaliadecuentas.gob.pa\/wp-content\/uploads\/2025\/02\/Feria2-1920x1440.jpg 1920w\" sizes=\"auto, (max-width: 1030px) 100vw, 1030px\" \/><\/a><\/figure>\n\n\n\n<figure class=\"wp-block-image size-large\"><a href=\"https:\/\/www.fiscaliadecuentas.gob.pa\/wp-content\/uploads\/2025\/02\/Feria3-scaled.jpg\"><img loading=\"lazy\" decoding=\"async\" width=\"1030\" height=\"773\" src=\"https:\/\/www.fiscaliadecuentas.gob.pa\/wp-content\/uploads\/2025\/02\/Feria3-1030x773.jpg\" alt=\"\" class=\"wp-image-39214\" srcset=\"https:\/\/www.fiscaliadecuentas.gob.pa\/wp-content\/uploads\/2025\/02\/Feria3-1030x773.jpg 1030w, https:\/\/www.fiscaliadecuentas.gob.pa\/wp-content\/uploads\/2025\/02\/Feria3-300x225.jpg 300w, https:\/\/www.fiscaliadecuentas.gob.pa\/wp-content\/uploads\/2025\/02\/Feria3-768x576.jpg 768w, https:\/\/www.fiscaliadecuentas.gob.pa\/wp-content\/uploads\/2025\/02\/Feria3-1536x1152.jpg 1536w, https:\/\/www.fiscaliadecuentas.gob.pa\/wp-content\/uploads\/2025\/02\/Feria3-2048x1536.jpg 2048w, https:\/\/www.fiscaliadecuentas.gob.pa\/wp-content\/uploads\/2025\/02\/Feria3-1500x1125.jpg 1500w, https:\/\/www.fiscaliadecuentas.gob.pa\/wp-content\/uploads\/2025\/02\/Feria3-705x529.jpg 705w, https:\/\/www.fiscaliadecuentas.gob.pa\/wp-content\/uploads\/2025\/02\/Feria3-500x375.jpg 500w, https:\/\/www.fiscaliadecuentas.gob.pa\/wp-content\/uploads\/2025\/02\/Feria3-800x600.jpg 800w, https:\/\/www.fiscaliadecuentas.gob.pa\/wp-content\/uploads\/2025\/02\/Feria3-1280x960.jpg 1280w, https:\/\/www.fiscaliadecuentas.gob.pa\/wp-content\/uploads\/2025\/02\/Feria3-1920x1440.jpg 1920w\" sizes=\"auto, (max-width: 1030px) 100vw, 1030px\" \/><\/a><\/figure>\n\n\n\n<figure class=\"wp-block-image size-large\"><a href=\"https:\/\/www.fiscaliadecuentas.gob.pa\/wp-content\/uploads\/2025\/02\/Feria4-scaled.jpg\"><img loading=\"lazy\" decoding=\"async\" width=\"1030\" height=\"773\" src=\"https:\/\/www.fiscaliadecuentas.gob.pa\/wp-content\/uploads\/2025\/02\/Feria4-1030x773.jpg\" alt=\"\" class=\"wp-image-39215\" srcset=\"https:\/\/www.fiscaliadecuentas.gob.pa\/wp-content\/uploads\/2025\/02\/Feria4-1030x773.jpg 1030w, https:\/\/www.fiscaliadecuentas.gob.pa\/wp-content\/uploads\/2025\/02\/Feria4-300x225.jpg 300w, https:\/\/www.fiscaliadecuentas.gob.pa\/wp-content\/uploads\/2025\/02\/Feria4-768x576.jpg 768w, https:\/\/www.fiscaliadecuentas.gob.pa\/wp-content\/uploads\/2025\/02\/Feria4-1536x1152.jpg 1536w, https:\/\/www.fiscaliadecuentas.gob.pa\/wp-content\/uploads\/2025\/02\/Feria4-2048x1536.jpg 2048w, https:\/\/www.fiscaliadecuentas.gob.pa\/wp-content\/uploads\/2025\/02\/Feria4-1500x1125.jpg 1500w, https:\/\/www.fiscaliadecuentas.gob.pa\/wp-content\/uploads\/2025\/02\/Feria4-705x529.jpg 705w, https:\/\/www.fiscaliadecuentas.gob.pa\/wp-content\/uploads\/2025\/02\/Feria4-500x375.jpg 500w, https:\/\/www.fiscaliadecuentas.gob.pa\/wp-content\/uploads\/2025\/02\/Feria4-800x600.jpg 800w, https:\/\/www.fiscaliadecuentas.gob.pa\/wp-content\/uploads\/2025\/02\/Feria4-1280x960.jpg 1280w, https:\/\/www.fiscaliadecuentas.gob.pa\/wp-content\/uploads\/2025\/02\/Feria4-1920x1440.jpg 1920w\" sizes=\"auto, (max-width: 1030px) 100vw, 1030px\" \/><\/a><\/figure>\n\n\n\n<figure class=\"wp-block-image size-large\"><a href=\"https:\/\/www.fiscaliadecuentas.gob.pa\/wp-content\/uploads\/2025\/02\/Feria5-scaled.jpg\"><img loading=\"lazy\" decoding=\"async\" width=\"1030\" height=\"773\" src=\"https:\/\/www.fiscaliadecuentas.gob.pa\/wp-content\/uploads\/2025\/02\/Feria5-1030x773.jpg\" alt=\"\" class=\"wp-image-39216\" srcset=\"https:\/\/www.fiscaliadecuentas.gob.pa\/wp-content\/uploads\/2025\/02\/Feria5-1030x773.jpg 1030w, https:\/\/www.fiscaliadecuentas.gob.pa\/wp-content\/uploads\/2025\/02\/Feria5-300x225.jpg 300w, https:\/\/www.fiscaliadecuentas.gob.pa\/wp-content\/uploads\/2025\/02\/Feria5-768x576.jpg 768w, https:\/\/www.fiscaliadecuentas.gob.pa\/wp-content\/uploads\/2025\/02\/Feria5-1536x1152.jpg 1536w, https:\/\/www.fiscaliadecuentas.gob.pa\/wp-content\/uploads\/2025\/02\/Feria5-2048x1536.jpg 2048w, https:\/\/www.fiscaliadecuentas.gob.pa\/wp-content\/uploads\/2025\/02\/Feria5-1500x1125.jpg 1500w, https:\/\/www.fiscaliadecuentas.gob.pa\/wp-content\/uploads\/2025\/02\/Feria5-705x529.jpg 705w, https:\/\/www.fiscaliadecuentas.gob.pa\/wp-content\/uploads\/2025\/02\/Feria5-500x375.jpg 500w, https:\/\/www.fiscaliadecuentas.gob.pa\/wp-content\/uploads\/2025\/02\/Feria5-800x600.jpg 800w, https:\/\/www.fiscaliadecuentas.gob.pa\/wp-content\/uploads\/2025\/02\/Feria5-1280x960.jpg 1280w, https:\/\/www.fiscaliadecuentas.gob.pa\/wp-content\/uploads\/2025\/02\/Feria5-1920x1440.jpg 1920w\" sizes=\"auto, (max-width: 1030px) 100vw, 1030px\" \/><\/a><\/figure>\n","protected":false},"excerpt":{"rendered":"<p>M\u00e1s de 500 personas fueron alcanzadas por la campa\u00f1a de sensibilizaci\u00f3n \u201cAlto a la Corrupci\u00f3n\u201d, que llev\u00f3 a cabo la Fiscal\u00eda General de Cuentas en la sexag\u00e9sima cuarta edici\u00f3n de [&hellip;]<\/p>\n","protected":false},"author":4,"featured_media":39212,"comment_status":"closed","ping_status":"closed","sticky":false,"template":"","format":"standard","meta":{"_EventAllDay":false,"_EventTimezone":"","_EventStartDate":"","_EventEndDate":"","_EventStartDateUTC":"","_EventEndDateUTC":"","_EventShowMap":false,"_EventShowMapLink":false,"_EventURL":"","_EventCost":"","_EventCostDescription":"","_EventCurrencySymbol":"","_EventCurrencyCode":"","_EventCurrencyPosition":"","_EventDateTimeSeparator":"","_EventTimeRangeSeparator":"","_EventOrganizerID":[],"_EventVenueID":[],"_OrganizerEmail":"","_OrganizerPhone":"","_OrganizerWebsite":"","_VenueAddress":"","_VenueCity":"","_VenueCountry":"","_VenueProvince":"","_VenueState":"","_VenueZip":"","_VenuePhone":"","_VenueURL":"","_VenueStateProvince":"","_VenueLat":"","_VenueLng":"","_VenueShowMap":false,"_VenueShowMapLink":false,"footnotes":""},"categories":[3],"tags":[],"class_list":["post-39211","post","type-post","status-publish","format-standard","has-post-thumbnail","hentry","category-actividades"],"_links":{"self":[{"href":"https:\/\/www.fiscaliadecuentas.gob.pa\/index.php?rest_route=\/wp\/v2\/posts\/39211","targetHints":{"allow":["GET"]}}],"collection":[{"href":"https:\/\/www.fiscaliadecuentas.gob.pa\/index.php?rest_route=\/wp\/v2\/posts"}],"about":[{"href":"https:\/\/www.fiscaliadecuentas.gob.pa\/index.php?rest_route=\/wp\/v2\/types\/post"}],"author":[{"embeddable":true,"href":"https:\/\/www.fiscaliadecuentas.gob.pa\/index.php?rest_route=\/wp\/v2\/users\/4"}],"replies":[{"embeddable":true,"href":"https:\/\/www.fiscaliadecuentas.gob.pa\/index.php?rest_route=%2Fwp%2Fv2%2Fcomments&post=39211"}],"version-history":[{"count":1,"href":"https:\/\/www.fiscaliadecuentas.gob.pa\/index.php?rest_route=\/wp\/v2\/posts\/39211\/revisions"}],"predecessor-version":[{"id":39217,"href":"https:\/\/www.fiscaliadecuentas.gob.pa\/index.php?rest_route=\/wp\/v2\/posts\/39211\/revisions\/39217"}],"wp:featuredmedia":[{"embeddable":true,"href":"https:\/\/www.fiscaliadecuentas.gob.pa\/index.php?rest_route=\/wp\/v2\/media\/39212"}],"wp:attachment":[{"href":"https:\/\/www.fiscaliadecuentas.gob.pa\/index.php?rest_route=%2Fwp%2Fv2%2Fmedia&parent=39211"}],"wp:term":[{"taxonomy":"category","embeddable":true,"href":"https:\/\/www.fiscaliadecuentas.gob.pa\/index.php?rest_route=%2Fwp%2Fv2%2Fcategories&post=39211"},{"taxonomy":"post_tag","embeddable":true,"href":"https:\/\/www.fiscaliadecuentas.gob.pa\/index.php?rest_route=%2Fwp%2Fv2%2Ftags&post=39211"}],"curies":[{"name":"wp","href":"https:\/\/api.w.org\/{rel}","templated":true}]}}