{"id":40148,"date":"2025-10-09T16:05:31","date_gmt":"2025-10-09T21:05:31","guid":{"rendered":"https:\/\/www.fiscaliadecuentas.gob.pa\/?p=40148"},"modified":"2025-10-09T16:05:57","modified_gmt":"2025-10-09T21:05:57","slug":"contraloria-tribunal-de-cuentas-y-fiscalia-general-de-cuentas-refuerzan-la-recuperacion-de-bienes-publicos-con-medidas-precautorias-mas-agiles","status":"publish","type":"post","link":"https:\/\/www.fiscaliadecuentas.gob.pa\/?p=40148","title":{"rendered":"Contralor\u00eda, Tribunal de Cuentas y Fiscal\u00eda General de Cuentas, refuerzan la recuperaci\u00f3n de bienes p\u00fablicos con medidas precautorias m\u00e1s \u00e1giles"},"content":{"rendered":"\n<figure class=\"wp-block-image size-large\"><a href=\"https:\/\/www.fiscaliadecuentas.gob.pa\/wp-content\/uploads\/2025\/10\/Gemini_Generated_Image_9jf41r9jf41r9jf4.png\"><img loading=\"lazy\" decoding=\"async\" width=\"1030\" height=\"589\" src=\"https:\/\/www.fiscaliadecuentas.gob.pa\/wp-content\/uploads\/2025\/10\/Gemini_Generated_Image_9jf41r9jf41r9jf4-1030x589.png\" alt=\"\" class=\"wp-image-40155\" srcset=\"https:\/\/www.fiscaliadecuentas.gob.pa\/wp-content\/uploads\/2025\/10\/Gemini_Generated_Image_9jf41r9jf41r9jf4-1030x589.png 1030w, https:\/\/www.fiscaliadecuentas.gob.pa\/wp-content\/uploads\/2025\/10\/Gemini_Generated_Image_9jf41r9jf41r9jf4-300x171.png 300w, https:\/\/www.fiscaliadecuentas.gob.pa\/wp-content\/uploads\/2025\/10\/Gemini_Generated_Image_9jf41r9jf41r9jf4-768x439.png 768w, https:\/\/www.fiscaliadecuentas.gob.pa\/wp-content\/uploads\/2025\/10\/Gemini_Generated_Image_9jf41r9jf41r9jf4-705x403.png 705w, https:\/\/www.fiscaliadecuentas.gob.pa\/wp-content\/uploads\/2025\/10\/Gemini_Generated_Image_9jf41r9jf41r9jf4-500x286.png 500w, https:\/\/www.fiscaliadecuentas.gob.pa\/wp-content\/uploads\/2025\/10\/Gemini_Generated_Image_9jf41r9jf41r9jf4-800x457.png 800w, https:\/\/www.fiscaliadecuentas.gob.pa\/wp-content\/uploads\/2025\/10\/Gemini_Generated_Image_9jf41r9jf41r9jf4-1280x731.png 1280w, https:\/\/www.fiscaliadecuentas.gob.pa\/wp-content\/uploads\/2025\/10\/Gemini_Generated_Image_9jf41r9jf41r9jf4.png 1344w\" sizes=\"auto, (max-width: 1030px) 100vw, 1030px\" \/><\/a><\/figure>\n\n\n<p style=\"text-align: justify;\">En un esfuerzo conjunto por fortalecer la protecci\u00f3n del patrimonio estatal y combatir la impunidad en el manejo irregular de fondos p\u00fablicos, la Contralor\u00eda General de la Rep\u00fablica y el Tribunal de Cuentas presentaron los alcances y el funcionamiento de las medidas precautorias, reguladas por la Resoluci\u00f3n No. 12-3126, recientemente publicada en la Gaceta Oficial.<\/p>\n<p style=\"text-align: justify;\">El acto cont\u00f3 con la participaci\u00f3n del contralor general de la Rep\u00fablica, Anel Flores; el magistrado presidente del Tribunal de Cuentas, Rainier del Rosario Franco; el magistrado vicepresidente, Pablo Chen Vallarino; y el fiscal de Cuentas, Jaime Barroso.<\/p>\n<p style=\"text-align: justify;\">Desde su aplicaci\u00f3n, se han emitido m\u00e1s de 40 \u00f3rdenes de incautaci\u00f3n, logrando asegurar bienes por un valor superior a B\/.24 millones, mientras que las irregularidades detectadas en los procesos auditados ascienden a m\u00e1s de B\/.57 millones.<br \/>El contralor general, Anel Flores, subray\u00f3 que uno de los principales desaf\u00edos hist\u00f3ricos en la recuperaci\u00f3n del patrimonio estatal ha sido el retraso entre la investigaci\u00f3n y la adopci\u00f3n de medidas cautelares, que en promedio ha alcanzado los cuatro a\u00f1os.<\/p>\n<p style=\"text-align: justify;\">\u201cExisten condenas que superan los B\/.70 millones, pero hasta ahora solo se han podido asegurar cerca de B\/.20 millones, porque muchos bienes ya no est\u00e1n disponibles al momento de dictar las medidas\u201d, explic\u00f3. Flores destac\u00f3 que el nuevo marco busca actuar con rapidez y dentro de la ley, garantizando siempre el debido proceso y la protecci\u00f3n efectiva de los recursos p\u00fablicos.<\/p>\n<p style=\"text-align: justify;\">Por su parte, el magistrado presidente del Tribunal de Cuentas, Rainier del Rosario Franco, se\u00f1al\u00f3 que las medidas precautorias est\u00e1n amparadas en la Ley 32 de 1984 y el art\u00edculo 33 de la Ley 67 de 2008, las cuales las reconocen dentro de los procesos fiscales. Agreg\u00f3 que toda acci\u00f3n deber\u00e1 ser proporcional, fundamentada en indicios claros de irregularidad y sujeta al control de la Sala Tercera de lo Contencioso Administrativo, que podr\u00e1 suspenderlas cuando lo considere necesario.<br \/>Ambas instituciones coincidieron en que este esfuerzo conjunto marca un paso decisivo hacia una justicia fiscal m\u00e1s efectiva, transparente y \u00e1gil, orientada a recuperar lo que pertenece a todos los paname\u00f1os.<\/p>\n\n\n<p><\/p>\n","protected":false},"excerpt":{"rendered":"<p>En un esfuerzo conjunto por fortalecer la protecci\u00f3n del patrimonio estatal y combatir la impunidad en el manejo irregular de fondos p\u00fablicos, la Contralor\u00eda General de la Rep\u00fablica y el [&hellip;]<\/p>\n","protected":false},"author":4,"featured_media":40155,"comment_status":"closed","ping_status":"closed","sticky":false,"template":"","format":"standard","meta":{"_EventAllDay":false,"_EventTimezone":"","_EventStartDate":"","_EventEndDate":"","_EventStartDateUTC":"","_EventEndDateUTC":"","_EventShowMap":false,"_EventShowMapLink":false,"_EventURL":"","_EventCost":"","_EventCostDescription":"","_EventCurrencySymbol":"","_EventCurrencyCode":"","_EventCurrencyPosition":"","_EventDateTimeSeparator":"","_EventTimeRangeSeparator":"","_EventOrganizerID":[],"_EventVenueID":[],"_OrganizerEmail":"","_OrganizerPhone":"","_OrganizerWebsite":"","_VenueAddress":"","_VenueCity":"","_VenueCountry":"","_VenueProvince":"","_VenueState":"","_VenueZip":"","_VenuePhone":"","_VenueURL":"","_VenueStateProvince":"","_VenueLat":"","_VenueLng":"","_VenueShowMap":false,"_VenueShowMapLink":false,"footnotes":""},"categories":[1],"tags":[],"class_list":["post-40148","post","type-post","status-publish","format-standard","has-post-thumbnail","hentry","category-noticias"],"_links":{"self":[{"href":"https:\/\/www.fiscaliadecuentas.gob.pa\/index.php?rest_route=\/wp\/v2\/posts\/40148","targetHints":{"allow":["GET"]}}],"collection":[{"href":"https:\/\/www.fiscaliadecuentas.gob.pa\/index.php?rest_route=\/wp\/v2\/posts"}],"about":[{"href":"https:\/\/www.fiscaliadecuentas.gob.pa\/index.php?rest_route=\/wp\/v2\/types\/post"}],"author":[{"embeddable":true,"href":"https:\/\/www.fiscaliadecuentas.gob.pa\/index.php?rest_route=\/wp\/v2\/users\/4"}],"replies":[{"embeddable":true,"href":"https:\/\/www.fiscaliadecuentas.gob.pa\/index.php?rest_route=%2Fwp%2Fv2%2Fcomments&post=40148"}],"version-history":[{"count":6,"href":"https:\/\/www.fiscaliadecuentas.gob.pa\/index.php?rest_route=\/wp\/v2\/posts\/40148\/revisions"}],"predecessor-version":[{"id":40158,"href":"https:\/\/www.fiscaliadecuentas.gob.pa\/index.php?rest_route=\/wp\/v2\/posts\/40148\/revisions\/40158"}],"wp:featuredmedia":[{"embeddable":true,"href":"https:\/\/www.fiscaliadecuentas.gob.pa\/index.php?rest_route=\/wp\/v2\/media\/40155"}],"wp:attachment":[{"href":"https:\/\/www.fiscaliadecuentas.gob.pa\/index.php?rest_route=%2Fwp%2Fv2%2Fmedia&parent=40148"}],"wp:term":[{"taxonomy":"category","embeddable":true,"href":"https:\/\/www.fiscaliadecuentas.gob.pa\/index.php?rest_route=%2Fwp%2Fv2%2Fcategories&post=40148"},{"taxonomy":"post_tag","embeddable":true,"href":"https:\/\/www.fiscaliadecuentas.gob.pa\/index.php?rest_route=%2Fwp%2Fv2%2Ftags&post=40148"}],"curies":[{"name":"wp","href":"https:\/\/api.w.org\/{rel}","templated":true}]}}