{"id":40160,"date":"2025-10-13T11:12:32","date_gmt":"2025-10-13T16:12:32","guid":{"rendered":"https:\/\/www.fiscaliadecuentas.gob.pa\/?p=40160"},"modified":"2025-10-13T11:12:59","modified_gmt":"2025-10-13T16:12:59","slug":"funcionarios-participan-del-ii-simulacro-nacional-de-evacuacion","status":"publish","type":"post","link":"https:\/\/www.fiscaliadecuentas.gob.pa\/?p=40160","title":{"rendered":"Funcionarios participan del II Simulacro Nacional de Evacuaci\u00f3n"},"content":{"rendered":"\n<figure class=\"wp-block-image size-full\"><a href=\"https:\/\/www.fiscaliadecuentas.gob.pa\/wp-content\/uploads\/2025\/10\/WhatsApp-Image-2025-10-13-at-10.58.42-AM.jpeg\"><img loading=\"lazy\" decoding=\"async\" width=\"1024\" height=\"682\" src=\"https:\/\/www.fiscaliadecuentas.gob.pa\/wp-content\/uploads\/2025\/10\/WhatsApp-Image-2025-10-13-at-10.58.42-AM.jpeg\" alt=\"\" class=\"wp-image-40161\" srcset=\"https:\/\/www.fiscaliadecuentas.gob.pa\/wp-content\/uploads\/2025\/10\/WhatsApp-Image-2025-10-13-at-10.58.42-AM.jpeg 1024w, https:\/\/www.fiscaliadecuentas.gob.pa\/wp-content\/uploads\/2025\/10\/WhatsApp-Image-2025-10-13-at-10.58.42-AM-300x200.jpeg 300w, https:\/\/www.fiscaliadecuentas.gob.pa\/wp-content\/uploads\/2025\/10\/WhatsApp-Image-2025-10-13-at-10.58.42-AM-768x512.jpeg 768w, https:\/\/www.fiscaliadecuentas.gob.pa\/wp-content\/uploads\/2025\/10\/WhatsApp-Image-2025-10-13-at-10.58.42-AM-705x470.jpeg 705w, https:\/\/www.fiscaliadecuentas.gob.pa\/wp-content\/uploads\/2025\/10\/WhatsApp-Image-2025-10-13-at-10.58.42-AM-500x333.jpeg 500w, https:\/\/www.fiscaliadecuentas.gob.pa\/wp-content\/uploads\/2025\/10\/WhatsApp-Image-2025-10-13-at-10.58.42-AM-800x533.jpeg 800w\" sizes=\"auto, (max-width: 1024px) 100vw, 1024px\" \/><\/a><\/figure>\n\n\n<p style=\"text-align: justify;\">La totalidad de los funcionarios de la Fiscal\u00eda General de Cuentas intervinieron activamente del ejercicio de desalojo, realizado bajo los par\u00e1metros del Sistema Nacional de Protecci\u00f3n Civil enmarcado en el Segundo Simulacro Nacional de Evacuaci\u00f3n.<\/p>\n<p style=\"text-align: justify;\">A las 10:25 de la ma\u00f1ana, se escuch\u00f3 el sonido de las alarmas, indicaci\u00f3n para iniciar la evacuaci\u00f3n de los dos edificios de esta instituci\u00f3n, de acuerdo a los mecanismos establecidos por los estamentos de seguridad, bajo la coordinaci\u00f3n del Ministerio de Gobierno.<\/p>\n<p style=\"text-align: justify;\">Durante la evacuaci\u00f3n del personal, se evalu\u00f3 el tiempo de reacci\u00f3n y rutas a seguir; situaciones reales de emergencia y detectar as\u00ed, detalles cr\u00edticos que podr\u00edan pasar desapercibidos, siendo coordinado el simulacro por el grupo de brigadistas de la instituci\u00f3n.<\/p>\n<p style=\"text-align: justify;\">\u00a0El prop\u00f3sito de este ejercicio, donde participan adem\u00e1s 185 entidades p\u00fablicas, es fortalecer las capacidades de preparaci\u00f3n y respuestas ante desastres o emergencias por una situaci\u00f3n adversa debido a un fen\u00f3meno natural, que ponga en riesgo la vida de los funcionarios.<\/p>\n\n\n<figure class=\"wp-block-image size-full\"><a href=\"https:\/\/www.fiscaliadecuentas.gob.pa\/wp-content\/uploads\/2025\/10\/WhatsApp-Image-2025-10-13-at-10.58.42-AM-1.jpeg\"><img loading=\"lazy\" decoding=\"async\" width=\"1024\" height=\"682\" src=\"https:\/\/www.fiscaliadecuentas.gob.pa\/wp-content\/uploads\/2025\/10\/WhatsApp-Image-2025-10-13-at-10.58.42-AM-1.jpeg\" alt=\"\" class=\"wp-image-40162\" srcset=\"https:\/\/www.fiscaliadecuentas.gob.pa\/wp-content\/uploads\/2025\/10\/WhatsApp-Image-2025-10-13-at-10.58.42-AM-1.jpeg 1024w, https:\/\/www.fiscaliadecuentas.gob.pa\/wp-content\/uploads\/2025\/10\/WhatsApp-Image-2025-10-13-at-10.58.42-AM-1-300x200.jpeg 300w, https:\/\/www.fiscaliadecuentas.gob.pa\/wp-content\/uploads\/2025\/10\/WhatsApp-Image-2025-10-13-at-10.58.42-AM-1-768x512.jpeg 768w, https:\/\/www.fiscaliadecuentas.gob.pa\/wp-content\/uploads\/2025\/10\/WhatsApp-Image-2025-10-13-at-10.58.42-AM-1-705x470.jpeg 705w, https:\/\/www.fiscaliadecuentas.gob.pa\/wp-content\/uploads\/2025\/10\/WhatsApp-Image-2025-10-13-at-10.58.42-AM-1-500x333.jpeg 500w, https:\/\/www.fiscaliadecuentas.gob.pa\/wp-content\/uploads\/2025\/10\/WhatsApp-Image-2025-10-13-at-10.58.42-AM-1-800x533.jpeg 800w\" sizes=\"auto, (max-width: 1024px) 100vw, 1024px\" \/><\/a><\/figure>\n\n\n\n<figure class=\"wp-block-image size-full\"><a href=\"https:\/\/www.fiscaliadecuentas.gob.pa\/wp-content\/uploads\/2025\/10\/WhatsApp-Image-2025-10-13-at-10.58.44-AM.jpeg\"><img loading=\"lazy\" decoding=\"async\" width=\"1024\" height=\"682\" src=\"https:\/\/www.fiscaliadecuentas.gob.pa\/wp-content\/uploads\/2025\/10\/WhatsApp-Image-2025-10-13-at-10.58.44-AM.jpeg\" alt=\"\" class=\"wp-image-40163\" srcset=\"https:\/\/www.fiscaliadecuentas.gob.pa\/wp-content\/uploads\/2025\/10\/WhatsApp-Image-2025-10-13-at-10.58.44-AM.jpeg 1024w, https:\/\/www.fiscaliadecuentas.gob.pa\/wp-content\/uploads\/2025\/10\/WhatsApp-Image-2025-10-13-at-10.58.44-AM-300x200.jpeg 300w, https:\/\/www.fiscaliadecuentas.gob.pa\/wp-content\/uploads\/2025\/10\/WhatsApp-Image-2025-10-13-at-10.58.44-AM-768x512.jpeg 768w, https:\/\/www.fiscaliadecuentas.gob.pa\/wp-content\/uploads\/2025\/10\/WhatsApp-Image-2025-10-13-at-10.58.44-AM-705x470.jpeg 705w, https:\/\/www.fiscaliadecuentas.gob.pa\/wp-content\/uploads\/2025\/10\/WhatsApp-Image-2025-10-13-at-10.58.44-AM-500x333.jpeg 500w, https:\/\/www.fiscaliadecuentas.gob.pa\/wp-content\/uploads\/2025\/10\/WhatsApp-Image-2025-10-13-at-10.58.44-AM-800x533.jpeg 800w\" sizes=\"auto, (max-width: 1024px) 100vw, 1024px\" \/><\/a><\/figure>\n\n\n\n<figure class=\"wp-block-image size-full\"><a href=\"https:\/\/www.fiscaliadecuentas.gob.pa\/wp-content\/uploads\/2025\/10\/WhatsApp-Image-2025-10-13-at-10.58.42-AM-3.jpeg\"><img loading=\"lazy\" decoding=\"async\" width=\"1024\" height=\"682\" src=\"https:\/\/www.fiscaliadecuentas.gob.pa\/wp-content\/uploads\/2025\/10\/WhatsApp-Image-2025-10-13-at-10.58.42-AM-3.jpeg\" alt=\"\" class=\"wp-image-40164\" srcset=\"https:\/\/www.fiscaliadecuentas.gob.pa\/wp-content\/uploads\/2025\/10\/WhatsApp-Image-2025-10-13-at-10.58.42-AM-3.jpeg 1024w, https:\/\/www.fiscaliadecuentas.gob.pa\/wp-content\/uploads\/2025\/10\/WhatsApp-Image-2025-10-13-at-10.58.42-AM-3-300x200.jpeg 300w, https:\/\/www.fiscaliadecuentas.gob.pa\/wp-content\/uploads\/2025\/10\/WhatsApp-Image-2025-10-13-at-10.58.42-AM-3-768x512.jpeg 768w, https:\/\/www.fiscaliadecuentas.gob.pa\/wp-content\/uploads\/2025\/10\/WhatsApp-Image-2025-10-13-at-10.58.42-AM-3-705x470.jpeg 705w, https:\/\/www.fiscaliadecuentas.gob.pa\/wp-content\/uploads\/2025\/10\/WhatsApp-Image-2025-10-13-at-10.58.42-AM-3-500x333.jpeg 500w, https:\/\/www.fiscaliadecuentas.gob.pa\/wp-content\/uploads\/2025\/10\/WhatsApp-Image-2025-10-13-at-10.58.42-AM-3-800x533.jpeg 800w\" sizes=\"auto, (max-width: 1024px) 100vw, 1024px\" \/><\/a><\/figure>\n\n\n\n<figure class=\"wp-block-image size-full\"><a href=\"https:\/\/www.fiscaliadecuentas.gob.pa\/wp-content\/uploads\/2025\/10\/WhatsApp-Image-2025-10-13-at-10.58.43-AM-1.jpeg\"><img loading=\"lazy\" decoding=\"async\" width=\"1024\" height=\"682\" src=\"https:\/\/www.fiscaliadecuentas.gob.pa\/wp-content\/uploads\/2025\/10\/WhatsApp-Image-2025-10-13-at-10.58.43-AM-1.jpeg\" alt=\"\" class=\"wp-image-40165\" srcset=\"https:\/\/www.fiscaliadecuentas.gob.pa\/wp-content\/uploads\/2025\/10\/WhatsApp-Image-2025-10-13-at-10.58.43-AM-1.jpeg 1024w, https:\/\/www.fiscaliadecuentas.gob.pa\/wp-content\/uploads\/2025\/10\/WhatsApp-Image-2025-10-13-at-10.58.43-AM-1-300x200.jpeg 300w, https:\/\/www.fiscaliadecuentas.gob.pa\/wp-content\/uploads\/2025\/10\/WhatsApp-Image-2025-10-13-at-10.58.43-AM-1-768x512.jpeg 768w, https:\/\/www.fiscaliadecuentas.gob.pa\/wp-content\/uploads\/2025\/10\/WhatsApp-Image-2025-10-13-at-10.58.43-AM-1-705x470.jpeg 705w, https:\/\/www.fiscaliadecuentas.gob.pa\/wp-content\/uploads\/2025\/10\/WhatsApp-Image-2025-10-13-at-10.58.43-AM-1-500x333.jpeg 500w, https:\/\/www.fiscaliadecuentas.gob.pa\/wp-content\/uploads\/2025\/10\/WhatsApp-Image-2025-10-13-at-10.58.43-AM-1-800x533.jpeg 800w\" sizes=\"auto, (max-width: 1024px) 100vw, 1024px\" \/><\/a><\/figure>\n\n\n\n<figure class=\"wp-block-image size-full\"><a href=\"https:\/\/www.fiscaliadecuentas.gob.pa\/wp-content\/uploads\/2025\/10\/WhatsApp-Image-2025-10-13-at-10.58.43-AM.jpeg\"><img loading=\"lazy\" decoding=\"async\" width=\"1024\" height=\"682\" src=\"https:\/\/www.fiscaliadecuentas.gob.pa\/wp-content\/uploads\/2025\/10\/WhatsApp-Image-2025-10-13-at-10.58.43-AM.jpeg\" alt=\"\" class=\"wp-image-40166\" srcset=\"https:\/\/www.fiscaliadecuentas.gob.pa\/wp-content\/uploads\/2025\/10\/WhatsApp-Image-2025-10-13-at-10.58.43-AM.jpeg 1024w, https:\/\/www.fiscaliadecuentas.gob.pa\/wp-content\/uploads\/2025\/10\/WhatsApp-Image-2025-10-13-at-10.58.43-AM-300x200.jpeg 300w, https:\/\/www.fiscaliadecuentas.gob.pa\/wp-content\/uploads\/2025\/10\/WhatsApp-Image-2025-10-13-at-10.58.43-AM-768x512.jpeg 768w, https:\/\/www.fiscaliadecuentas.gob.pa\/wp-content\/uploads\/2025\/10\/WhatsApp-Image-2025-10-13-at-10.58.43-AM-705x470.jpeg 705w, https:\/\/www.fiscaliadecuentas.gob.pa\/wp-content\/uploads\/2025\/10\/WhatsApp-Image-2025-10-13-at-10.58.43-AM-500x333.jpeg 500w, https:\/\/www.fiscaliadecuentas.gob.pa\/wp-content\/uploads\/2025\/10\/WhatsApp-Image-2025-10-13-at-10.58.43-AM-800x533.jpeg 800w\" sizes=\"auto, (max-width: 1024px) 100vw, 1024px\" \/><\/a><\/figure>\n","protected":false},"excerpt":{"rendered":"<p>La totalidad de los funcionarios de la Fiscal\u00eda General de Cuentas intervinieron activamente del ejercicio de desalojo, realizado bajo los par\u00e1metros del Sistema Nacional de Protecci\u00f3n Civil enmarcado en el [&hellip;]<\/p>\n","protected":false},"author":4,"featured_media":40161,"comment_status":"closed","ping_status":"closed","sticky":false,"template":"","format":"standard","meta":{"_EventAllDay":false,"_EventTimezone":"","_EventStartDate":"","_EventEndDate":"","_EventStartDateUTC":"","_EventEndDateUTC":"","_EventShowMap":false,"_EventShowMapLink":false,"_EventURL":"","_EventCost":"","_EventCostDescription":"","_EventCurrencySymbol":"","_EventCurrencyCode":"","_EventCurrencyPosition":"","_EventDateTimeSeparator":"","_EventTimeRangeSeparator":"","_EventOrganizerID":[],"_EventVenueID":[],"_OrganizerEmail":"","_OrganizerPhone":"","_OrganizerWebsite":"","_VenueAddress":"","_VenueCity":"","_VenueCountry":"","_VenueProvince":"","_VenueState":"","_VenueZip":"","_VenuePhone":"","_VenueURL":"","_VenueStateProvince":"","_VenueLat":"","_VenueLng":"","_VenueShowMap":false,"_VenueShowMapLink":false,"footnotes":""},"categories":[1],"tags":[],"class_list":["post-40160","post","type-post","status-publish","format-standard","has-post-thumbnail","hentry","category-noticias"],"_links":{"self":[{"href":"https:\/\/www.fiscaliadecuentas.gob.pa\/index.php?rest_route=\/wp\/v2\/posts\/40160","targetHints":{"allow":["GET"]}}],"collection":[{"href":"https:\/\/www.fiscaliadecuentas.gob.pa\/index.php?rest_route=\/wp\/v2\/posts"}],"about":[{"href":"https:\/\/www.fiscaliadecuentas.gob.pa\/index.php?rest_route=\/wp\/v2\/types\/post"}],"author":[{"embeddable":true,"href":"https:\/\/www.fiscaliadecuentas.gob.pa\/index.php?rest_route=\/wp\/v2\/users\/4"}],"replies":[{"embeddable":true,"href":"https:\/\/www.fiscaliadecuentas.gob.pa\/index.php?rest_route=%2Fwp%2Fv2%2Fcomments&post=40160"}],"version-history":[{"count":1,"href":"https:\/\/www.fiscaliadecuentas.gob.pa\/index.php?rest_route=\/wp\/v2\/posts\/40160\/revisions"}],"predecessor-version":[{"id":40167,"href":"https:\/\/www.fiscaliadecuentas.gob.pa\/index.php?rest_route=\/wp\/v2\/posts\/40160\/revisions\/40167"}],"wp:featuredmedia":[{"embeddable":true,"href":"https:\/\/www.fiscaliadecuentas.gob.pa\/index.php?rest_route=\/wp\/v2\/media\/40161"}],"wp:attachment":[{"href":"https:\/\/www.fiscaliadecuentas.gob.pa\/index.php?rest_route=%2Fwp%2Fv2%2Fmedia&parent=40160"}],"wp:term":[{"taxonomy":"category","embeddable":true,"href":"https:\/\/www.fiscaliadecuentas.gob.pa\/index.php?rest_route=%2Fwp%2Fv2%2Fcategories&post=40160"},{"taxonomy":"post_tag","embeddable":true,"href":"https:\/\/www.fiscaliadecuentas.gob.pa\/index.php?rest_route=%2Fwp%2Fv2%2Ftags&post=40160"}],"curies":[{"name":"wp","href":"https:\/\/api.w.org\/{rel}","templated":true}]}}