{"id":40168,"date":"2025-10-13T16:28:45","date_gmt":"2025-10-13T21:28:45","guid":{"rendered":"https:\/\/www.fiscaliadecuentas.gob.pa\/?p=40168"},"modified":"2025-10-13T16:29:04","modified_gmt":"2025-10-13T21:29:04","slug":"programa-nacional-de-alfabetizacion-constitucional-llega-a-la-fiscalia-general-de-cuentas","status":"publish","type":"post","link":"https:\/\/www.fiscaliadecuentas.gob.pa\/?p=40168","title":{"rendered":"Programa Nacional de Alfabetizaci\u00f3n Constitucional llega a la Fiscal\u00eda General de Cuentas"},"content":{"rendered":"\n<figure class=\"wp-block-image size-full\"><a href=\"https:\/\/www.fiscaliadecuentas.gob.pa\/wp-content\/uploads\/2025\/10\/WhatsApp-Image-2025-10-13-at-4.09.43-PM.jpeg\"><img loading=\"lazy\" decoding=\"async\" width=\"1024\" height=\"682\" src=\"https:\/\/www.fiscaliadecuentas.gob.pa\/wp-content\/uploads\/2025\/10\/WhatsApp-Image-2025-10-13-at-4.09.43-PM.jpeg\" alt=\"\" class=\"wp-image-40169\" srcset=\"https:\/\/www.fiscaliadecuentas.gob.pa\/wp-content\/uploads\/2025\/10\/WhatsApp-Image-2025-10-13-at-4.09.43-PM.jpeg 1024w, https:\/\/www.fiscaliadecuentas.gob.pa\/wp-content\/uploads\/2025\/10\/WhatsApp-Image-2025-10-13-at-4.09.43-PM-300x200.jpeg 300w, https:\/\/www.fiscaliadecuentas.gob.pa\/wp-content\/uploads\/2025\/10\/WhatsApp-Image-2025-10-13-at-4.09.43-PM-768x512.jpeg 768w, https:\/\/www.fiscaliadecuentas.gob.pa\/wp-content\/uploads\/2025\/10\/WhatsApp-Image-2025-10-13-at-4.09.43-PM-705x470.jpeg 705w, https:\/\/www.fiscaliadecuentas.gob.pa\/wp-content\/uploads\/2025\/10\/WhatsApp-Image-2025-10-13-at-4.09.43-PM-500x333.jpeg 500w, https:\/\/www.fiscaliadecuentas.gob.pa\/wp-content\/uploads\/2025\/10\/WhatsApp-Image-2025-10-13-at-4.09.43-PM-800x533.jpeg 800w\" sizes=\"auto, (max-width: 1024px) 100vw, 1024px\" \/><\/a><\/figure>\n\n\n<p style=\"text-align: justify;\">El Programa Nacional de Alfabetizaci\u00f3n Constitucional toc\u00f3 hoy a la Fiscal\u00eda General de Cuentas; una iniciativa que impulsa el \u00d3rgano Ejecutivo para la redacci\u00f3n de una nueva carta magna.<\/p>\n<p style=\"text-align: justify;\">La docencia guiada por el Dr. Miguel Antonio Bernal, coordinador de la Secretar\u00eda Presidencial para la Reorganizaci\u00f3n del Estado y Asuntos Constitucionales (Sepresac), tiene como prop\u00f3sito generar un debate nacional sobre la necesidad de una nueva Constituci\u00f3n que refleje la voluntad del pueblo paname\u00f1o.<\/p>\n<p style=\"text-align: justify;\">Para el fiscal general Barroso, \u201ceste tipo de conferencias, nos ayuda a entender la compleja tarea de elaborar una nueva carta magna acorde al siglo que trascurre, con una leg\u00edtima participaci\u00f3n y que sea el reflejo directo de la voluntad paname\u00f1a\u201d.<\/p>\n<p style=\"text-align: justify;\">Un total de 30 funcionarios de la instituci\u00f3n compartieron la exposici\u00f3n del Catedr\u00e1tico quien hizo \u00e9nfasis en el proceso constituyente, el papel de la ciudadan\u00eda en la construcci\u00f3n institucional y la necesidad de fortalecer el estado de derecho, todo ello acompa\u00f1ado de un di\u00e1logo con los participantes.<\/p>\n<p style=\"text-align: justify;\">\u201cLa estructura, que dentro de esta constituci\u00f3n vigente, le tienen a la Fiscal\u00eda General de Cuentas no es una funci\u00f3n completa como la que se requiere ahora mismo de fiscalizaci\u00f3n, sobre todo en la materia de cuentas del Estado. Hay que tratar de llenar los pasivos a trav\u00e9s de normas que verdaderamente permitan que exista una Fiscal\u00eda de Cuentas con todas las garant\u00edas necesarias\u201d, explic\u00f3 Bernal.<\/p>\n\n\n<figure class=\"wp-block-image size-full\"><a href=\"https:\/\/www.fiscaliadecuentas.gob.pa\/wp-content\/uploads\/2025\/10\/WhatsApp-Image-2025-10-13-at-4.09.42-PM-2.jpeg\"><img loading=\"lazy\" decoding=\"async\" width=\"1024\" height=\"682\" src=\"https:\/\/www.fiscaliadecuentas.gob.pa\/wp-content\/uploads\/2025\/10\/WhatsApp-Image-2025-10-13-at-4.09.42-PM-2.jpeg\" alt=\"\" class=\"wp-image-40170\" srcset=\"https:\/\/www.fiscaliadecuentas.gob.pa\/wp-content\/uploads\/2025\/10\/WhatsApp-Image-2025-10-13-at-4.09.42-PM-2.jpeg 1024w, https:\/\/www.fiscaliadecuentas.gob.pa\/wp-content\/uploads\/2025\/10\/WhatsApp-Image-2025-10-13-at-4.09.42-PM-2-300x200.jpeg 300w, https:\/\/www.fiscaliadecuentas.gob.pa\/wp-content\/uploads\/2025\/10\/WhatsApp-Image-2025-10-13-at-4.09.42-PM-2-768x512.jpeg 768w, https:\/\/www.fiscaliadecuentas.gob.pa\/wp-content\/uploads\/2025\/10\/WhatsApp-Image-2025-10-13-at-4.09.42-PM-2-705x470.jpeg 705w, https:\/\/www.fiscaliadecuentas.gob.pa\/wp-content\/uploads\/2025\/10\/WhatsApp-Image-2025-10-13-at-4.09.42-PM-2-500x333.jpeg 500w, https:\/\/www.fiscaliadecuentas.gob.pa\/wp-content\/uploads\/2025\/10\/WhatsApp-Image-2025-10-13-at-4.09.42-PM-2-800x533.jpeg 800w\" sizes=\"auto, (max-width: 1024px) 100vw, 1024px\" \/><\/a><\/figure>\n\n\n\n<figure class=\"wp-block-image size-full\"><a href=\"https:\/\/www.fiscaliadecuentas.gob.pa\/wp-content\/uploads\/2025\/10\/WhatsApp-Image-2025-10-13-at-4.09.42-PM-1.jpeg\"><img loading=\"lazy\" decoding=\"async\" width=\"1024\" height=\"682\" src=\"https:\/\/www.fiscaliadecuentas.gob.pa\/wp-content\/uploads\/2025\/10\/WhatsApp-Image-2025-10-13-at-4.09.42-PM-1.jpeg\" alt=\"\" class=\"wp-image-40171\" srcset=\"https:\/\/www.fiscaliadecuentas.gob.pa\/wp-content\/uploads\/2025\/10\/WhatsApp-Image-2025-10-13-at-4.09.42-PM-1.jpeg 1024w, https:\/\/www.fiscaliadecuentas.gob.pa\/wp-content\/uploads\/2025\/10\/WhatsApp-Image-2025-10-13-at-4.09.42-PM-1-300x200.jpeg 300w, https:\/\/www.fiscaliadecuentas.gob.pa\/wp-content\/uploads\/2025\/10\/WhatsApp-Image-2025-10-13-at-4.09.42-PM-1-768x512.jpeg 768w, https:\/\/www.fiscaliadecuentas.gob.pa\/wp-content\/uploads\/2025\/10\/WhatsApp-Image-2025-10-13-at-4.09.42-PM-1-705x470.jpeg 705w, https:\/\/www.fiscaliadecuentas.gob.pa\/wp-content\/uploads\/2025\/10\/WhatsApp-Image-2025-10-13-at-4.09.42-PM-1-500x333.jpeg 500w, https:\/\/www.fiscaliadecuentas.gob.pa\/wp-content\/uploads\/2025\/10\/WhatsApp-Image-2025-10-13-at-4.09.42-PM-1-800x533.jpeg 800w\" sizes=\"auto, (max-width: 1024px) 100vw, 1024px\" \/><\/a><\/figure>\n\n\n\n<figure class=\"wp-block-image size-full\"><a href=\"https:\/\/www.fiscaliadecuentas.gob.pa\/wp-content\/uploads\/2025\/10\/WhatsApp-Image-2025-10-13-at-4.09.42-PM.jpeg\"><img loading=\"lazy\" decoding=\"async\" width=\"1024\" height=\"682\" src=\"https:\/\/www.fiscaliadecuentas.gob.pa\/wp-content\/uploads\/2025\/10\/WhatsApp-Image-2025-10-13-at-4.09.42-PM.jpeg\" alt=\"\" class=\"wp-image-40172\" srcset=\"https:\/\/www.fiscaliadecuentas.gob.pa\/wp-content\/uploads\/2025\/10\/WhatsApp-Image-2025-10-13-at-4.09.42-PM.jpeg 1024w, https:\/\/www.fiscaliadecuentas.gob.pa\/wp-content\/uploads\/2025\/10\/WhatsApp-Image-2025-10-13-at-4.09.42-PM-300x200.jpeg 300w, https:\/\/www.fiscaliadecuentas.gob.pa\/wp-content\/uploads\/2025\/10\/WhatsApp-Image-2025-10-13-at-4.09.42-PM-768x512.jpeg 768w, https:\/\/www.fiscaliadecuentas.gob.pa\/wp-content\/uploads\/2025\/10\/WhatsApp-Image-2025-10-13-at-4.09.42-PM-705x470.jpeg 705w, https:\/\/www.fiscaliadecuentas.gob.pa\/wp-content\/uploads\/2025\/10\/WhatsApp-Image-2025-10-13-at-4.09.42-PM-500x333.jpeg 500w, https:\/\/www.fiscaliadecuentas.gob.pa\/wp-content\/uploads\/2025\/10\/WhatsApp-Image-2025-10-13-at-4.09.42-PM-800x533.jpeg 800w\" sizes=\"auto, (max-width: 1024px) 100vw, 1024px\" \/><\/a><\/figure>\n\n\n\n<figure class=\"wp-block-image size-full\"><a href=\"https:\/\/www.fiscaliadecuentas.gob.pa\/wp-content\/uploads\/2025\/10\/WhatsApp-Image-2025-10-13-at-4.09.41-PM-1.jpeg\"><img loading=\"lazy\" decoding=\"async\" width=\"1024\" height=\"682\" src=\"https:\/\/www.fiscaliadecuentas.gob.pa\/wp-content\/uploads\/2025\/10\/WhatsApp-Image-2025-10-13-at-4.09.41-PM-1.jpeg\" alt=\"\" class=\"wp-image-40173\" srcset=\"https:\/\/www.fiscaliadecuentas.gob.pa\/wp-content\/uploads\/2025\/10\/WhatsApp-Image-2025-10-13-at-4.09.41-PM-1.jpeg 1024w, https:\/\/www.fiscaliadecuentas.gob.pa\/wp-content\/uploads\/2025\/10\/WhatsApp-Image-2025-10-13-at-4.09.41-PM-1-300x200.jpeg 300w, https:\/\/www.fiscaliadecuentas.gob.pa\/wp-content\/uploads\/2025\/10\/WhatsApp-Image-2025-10-13-at-4.09.41-PM-1-768x512.jpeg 768w, https:\/\/www.fiscaliadecuentas.gob.pa\/wp-content\/uploads\/2025\/10\/WhatsApp-Image-2025-10-13-at-4.09.41-PM-1-705x470.jpeg 705w, https:\/\/www.fiscaliadecuentas.gob.pa\/wp-content\/uploads\/2025\/10\/WhatsApp-Image-2025-10-13-at-4.09.41-PM-1-500x333.jpeg 500w, https:\/\/www.fiscaliadecuentas.gob.pa\/wp-content\/uploads\/2025\/10\/WhatsApp-Image-2025-10-13-at-4.09.41-PM-1-800x533.jpeg 800w\" sizes=\"auto, (max-width: 1024px) 100vw, 1024px\" \/><\/a><\/figure>\n\n\n\n<figure class=\"wp-block-image size-full\"><a href=\"https:\/\/www.fiscaliadecuentas.gob.pa\/wp-content\/uploads\/2025\/10\/WhatsApp-Image-2025-10-13-at-4.09.41-PM.jpeg\"><img loading=\"lazy\" decoding=\"async\" width=\"1024\" height=\"682\" src=\"https:\/\/www.fiscaliadecuentas.gob.pa\/wp-content\/uploads\/2025\/10\/WhatsApp-Image-2025-10-13-at-4.09.41-PM.jpeg\" alt=\"\" class=\"wp-image-40174\" srcset=\"https:\/\/www.fiscaliadecuentas.gob.pa\/wp-content\/uploads\/2025\/10\/WhatsApp-Image-2025-10-13-at-4.09.41-PM.jpeg 1024w, https:\/\/www.fiscaliadecuentas.gob.pa\/wp-content\/uploads\/2025\/10\/WhatsApp-Image-2025-10-13-at-4.09.41-PM-300x200.jpeg 300w, https:\/\/www.fiscaliadecuentas.gob.pa\/wp-content\/uploads\/2025\/10\/WhatsApp-Image-2025-10-13-at-4.09.41-PM-768x512.jpeg 768w, https:\/\/www.fiscaliadecuentas.gob.pa\/wp-content\/uploads\/2025\/10\/WhatsApp-Image-2025-10-13-at-4.09.41-PM-705x470.jpeg 705w, https:\/\/www.fiscaliadecuentas.gob.pa\/wp-content\/uploads\/2025\/10\/WhatsApp-Image-2025-10-13-at-4.09.41-PM-500x333.jpeg 500w, https:\/\/www.fiscaliadecuentas.gob.pa\/wp-content\/uploads\/2025\/10\/WhatsApp-Image-2025-10-13-at-4.09.41-PM-800x533.jpeg 800w\" sizes=\"auto, (max-width: 1024px) 100vw, 1024px\" \/><\/a><\/figure>\n","protected":false},"excerpt":{"rendered":"<p>El Programa Nacional de Alfabetizaci\u00f3n Constitucional toc\u00f3 hoy a la Fiscal\u00eda General de Cuentas; una iniciativa que impulsa el \u00d3rgano Ejecutivo para la redacci\u00f3n de una nueva carta magna. La [&hellip;]<\/p>\n","protected":false},"author":4,"featured_media":40173,"comment_status":"closed","ping_status":"closed","sticky":false,"template":"","format":"standard","meta":{"_EventAllDay":false,"_EventTimezone":"","_EventStartDate":"","_EventEndDate":"","_EventStartDateUTC":"","_EventEndDateUTC":"","_EventShowMap":false,"_EventShowMapLink":false,"_EventURL":"","_EventCost":"","_EventCostDescription":"","_EventCurrencySymbol":"","_EventCurrencyCode":"","_EventCurrencyPosition":"","_EventDateTimeSeparator":"","_EventTimeRangeSeparator":"","_EventOrganizerID":[],"_EventVenueID":[],"_OrganizerEmail":"","_OrganizerPhone":"","_OrganizerWebsite":"","_VenueAddress":"","_VenueCity":"","_VenueCountry":"","_VenueProvince":"","_VenueState":"","_VenueZip":"","_VenuePhone":"","_VenueURL":"","_VenueStateProvince":"","_VenueLat":"","_VenueLng":"","_VenueShowMap":false,"_VenueShowMapLink":false,"footnotes":""},"categories":[1],"tags":[],"class_list":["post-40168","post","type-post","status-publish","format-standard","has-post-thumbnail","hentry","category-noticias"],"_links":{"self":[{"href":"https:\/\/www.fiscaliadecuentas.gob.pa\/index.php?rest_route=\/wp\/v2\/posts\/40168","targetHints":{"allow":["GET"]}}],"collection":[{"href":"https:\/\/www.fiscaliadecuentas.gob.pa\/index.php?rest_route=\/wp\/v2\/posts"}],"about":[{"href":"https:\/\/www.fiscaliadecuentas.gob.pa\/index.php?rest_route=\/wp\/v2\/types\/post"}],"author":[{"embeddable":true,"href":"https:\/\/www.fiscaliadecuentas.gob.pa\/index.php?rest_route=\/wp\/v2\/users\/4"}],"replies":[{"embeddable":true,"href":"https:\/\/www.fiscaliadecuentas.gob.pa\/index.php?rest_route=%2Fwp%2Fv2%2Fcomments&post=40168"}],"version-history":[{"count":1,"href":"https:\/\/www.fiscaliadecuentas.gob.pa\/index.php?rest_route=\/wp\/v2\/posts\/40168\/revisions"}],"predecessor-version":[{"id":40175,"href":"https:\/\/www.fiscaliadecuentas.gob.pa\/index.php?rest_route=\/wp\/v2\/posts\/40168\/revisions\/40175"}],"wp:featuredmedia":[{"embeddable":true,"href":"https:\/\/www.fiscaliadecuentas.gob.pa\/index.php?rest_route=\/wp\/v2\/media\/40173"}],"wp:attachment":[{"href":"https:\/\/www.fiscaliadecuentas.gob.pa\/index.php?rest_route=%2Fwp%2Fv2%2Fmedia&parent=40168"}],"wp:term":[{"taxonomy":"category","embeddable":true,"href":"https:\/\/www.fiscaliadecuentas.gob.pa\/index.php?rest_route=%2Fwp%2Fv2%2Fcategories&post=40168"},{"taxonomy":"post_tag","embeddable":true,"href":"https:\/\/www.fiscaliadecuentas.gob.pa\/index.php?rest_route=%2Fwp%2Fv2%2Ftags&post=40168"}],"curies":[{"name":"wp","href":"https:\/\/api.w.org\/{rel}","templated":true}]}}