{"id":40208,"date":"2025-10-16T19:48:10","date_gmt":"2025-10-17T00:48:10","guid":{"rendered":"https:\/\/www.fiscaliadecuentas.gob.pa\/?p=40208"},"modified":"2025-10-16T19:48:35","modified_gmt":"2025-10-17T00:48:35","slug":"fiscalia-general-de-cuentas-protagonista-en-seminario-internacional-de-derecho-procesal","status":"publish","type":"post","link":"https:\/\/www.fiscaliadecuentas.gob.pa\/?p=40208","title":{"rendered":"Fiscal\u00eda General de Cuentas protagonista en seminario internacional de Derecho Procesal"},"content":{"rendered":"\n<figure class=\"wp-block-image size-large\"><a href=\"https:\/\/www.fiscaliadecuentas.gob.pa\/wp-content\/uploads\/2025\/10\/Derecho-procesal-9-scaled.jpg\"><img loading=\"lazy\" decoding=\"async\" width=\"1030\" height=\"687\" src=\"https:\/\/www.fiscaliadecuentas.gob.pa\/wp-content\/uploads\/2025\/10\/Derecho-procesal-9-1030x687.jpg\" alt=\"\" class=\"wp-image-40211\" srcset=\"https:\/\/www.fiscaliadecuentas.gob.pa\/wp-content\/uploads\/2025\/10\/Derecho-procesal-9-1030x687.jpg 1030w, https:\/\/www.fiscaliadecuentas.gob.pa\/wp-content\/uploads\/2025\/10\/Derecho-procesal-9-300x200.jpg 300w, https:\/\/www.fiscaliadecuentas.gob.pa\/wp-content\/uploads\/2025\/10\/Derecho-procesal-9-768x512.jpg 768w, https:\/\/www.fiscaliadecuentas.gob.pa\/wp-content\/uploads\/2025\/10\/Derecho-procesal-9-1536x1024.jpg 1536w, https:\/\/www.fiscaliadecuentas.gob.pa\/wp-content\/uploads\/2025\/10\/Derecho-procesal-9-2048x1365.jpg 2048w, https:\/\/www.fiscaliadecuentas.gob.pa\/wp-content\/uploads\/2025\/10\/Derecho-procesal-9-1500x1000.jpg 1500w, https:\/\/www.fiscaliadecuentas.gob.pa\/wp-content\/uploads\/2025\/10\/Derecho-procesal-9-705x470.jpg 705w, https:\/\/www.fiscaliadecuentas.gob.pa\/wp-content\/uploads\/2025\/10\/Derecho-procesal-9-500x333.jpg 500w, https:\/\/www.fiscaliadecuentas.gob.pa\/wp-content\/uploads\/2025\/10\/Derecho-procesal-9-800x533.jpg 800w, https:\/\/www.fiscaliadecuentas.gob.pa\/wp-content\/uploads\/2025\/10\/Derecho-procesal-9-1280x853.jpg 1280w, https:\/\/www.fiscaliadecuentas.gob.pa\/wp-content\/uploads\/2025\/10\/Derecho-procesal-9-1920x1280.jpg 1920w\" sizes=\"auto, (max-width: 1030px) 100vw, 1030px\" \/><\/a><\/figure>\n\n\n<p style=\"text-align: justify;\">La Fiscal\u00eda General de Cuentas fue uno de los protagonistas principales del seminario internacional, que realiz\u00f3 por espacio de tres jornadas, el Instituto Colombo Paname\u00f1o de Derecho Procesal, cap\u00edtulo de Chiriqu\u00ed.<\/p>\n<p style=\"text-align: justify;\">A trav\u00e9s del fiscal general, Jaime Barroso Pinto, esta instancia de investigaci\u00f3n de afectaci\u00f3n patrimonial, present\u00f3 la conferencia, \u201cEl Proceso en la Jurisdicci\u00f3n de Cuentas\u201d, a los participantes a la capacitaci\u00f3n, entre ellos, Orlando Aguirre, presidente de la Corte Suprema de Costa Rica.<\/p>\n<p style=\"text-align: justify;\">El auditorio de la Universidad Aut\u00f3noma de Chiriqu\u00ed, fue el escenario donde el Fiscal General, explic\u00f3 en detalle, las diferencias entre empleado y agentes de manejo, entidades intervinientes en un proceso de cuentas, medidas cautelares y las fases de la investigaci\u00f3n patrimonial, entre otros puntos de suma importancia, recalcando, sobre todo, el uso correcto de fondos y bienes del Estado.<\/p>\n<p style=\"text-align: justify;\">Es importante se\u00f1alar que adem\u00e1s del fiscal Barroso, disert\u00f3 el magistrado presidente del Tribunal de Cuentas, Rainer Del Rosario, con el tema \u201cJurisdicci\u00f3n de Cuentas y Contrataci\u00f3n P\u00fablica\u201d, explicando a la audiencia diferentes aspectos normativos en el desempe\u00f1o de esta instituci\u00f3n de juzgamiento patrimonial.<\/p>\n\n\n<figure class=\"wp-block-image size-large\"><a href=\"https:\/\/www.fiscaliadecuentas.gob.pa\/wp-content\/uploads\/2025\/10\/Derecho-procesal-8-scaled.jpg\"><img loading=\"lazy\" decoding=\"async\" width=\"1030\" height=\"687\" src=\"https:\/\/www.fiscaliadecuentas.gob.pa\/wp-content\/uploads\/2025\/10\/Derecho-procesal-8-1030x687.jpg\" alt=\"\" class=\"wp-image-40213\" srcset=\"https:\/\/www.fiscaliadecuentas.gob.pa\/wp-content\/uploads\/2025\/10\/Derecho-procesal-8-1030x687.jpg 1030w, https:\/\/www.fiscaliadecuentas.gob.pa\/wp-content\/uploads\/2025\/10\/Derecho-procesal-8-300x200.jpg 300w, https:\/\/www.fiscaliadecuentas.gob.pa\/wp-content\/uploads\/2025\/10\/Derecho-procesal-8-768x512.jpg 768w, https:\/\/www.fiscaliadecuentas.gob.pa\/wp-content\/uploads\/2025\/10\/Derecho-procesal-8-1536x1024.jpg 1536w, https:\/\/www.fiscaliadecuentas.gob.pa\/wp-content\/uploads\/2025\/10\/Derecho-procesal-8-2048x1365.jpg 2048w, https:\/\/www.fiscaliadecuentas.gob.pa\/wp-content\/uploads\/2025\/10\/Derecho-procesal-8-1500x1000.jpg 1500w, https:\/\/www.fiscaliadecuentas.gob.pa\/wp-content\/uploads\/2025\/10\/Derecho-procesal-8-705x470.jpg 705w, https:\/\/www.fiscaliadecuentas.gob.pa\/wp-content\/uploads\/2025\/10\/Derecho-procesal-8-500x333.jpg 500w, https:\/\/www.fiscaliadecuentas.gob.pa\/wp-content\/uploads\/2025\/10\/Derecho-procesal-8-800x533.jpg 800w, https:\/\/www.fiscaliadecuentas.gob.pa\/wp-content\/uploads\/2025\/10\/Derecho-procesal-8-1280x853.jpg 1280w, https:\/\/www.fiscaliadecuentas.gob.pa\/wp-content\/uploads\/2025\/10\/Derecho-procesal-8-1920x1280.jpg 1920w\" sizes=\"auto, (max-width: 1030px) 100vw, 1030px\" \/><\/a><\/figure>\n\n\n\n<figure class=\"wp-block-image size-large\"><a href=\"https:\/\/www.fiscaliadecuentas.gob.pa\/wp-content\/uploads\/2025\/10\/Derecho-procesal-7-scaled.jpg\"><img loading=\"lazy\" decoding=\"async\" width=\"1030\" height=\"687\" src=\"https:\/\/www.fiscaliadecuentas.gob.pa\/wp-content\/uploads\/2025\/10\/Derecho-procesal-7-1030x687.jpg\" alt=\"\" class=\"wp-image-40215\" srcset=\"https:\/\/www.fiscaliadecuentas.gob.pa\/wp-content\/uploads\/2025\/10\/Derecho-procesal-7-1030x687.jpg 1030w, https:\/\/www.fiscaliadecuentas.gob.pa\/wp-content\/uploads\/2025\/10\/Derecho-procesal-7-300x200.jpg 300w, https:\/\/www.fiscaliadecuentas.gob.pa\/wp-content\/uploads\/2025\/10\/Derecho-procesal-7-768x512.jpg 768w, https:\/\/www.fiscaliadecuentas.gob.pa\/wp-content\/uploads\/2025\/10\/Derecho-procesal-7-1536x1024.jpg 1536w, https:\/\/www.fiscaliadecuentas.gob.pa\/wp-content\/uploads\/2025\/10\/Derecho-procesal-7-2048x1365.jpg 2048w, https:\/\/www.fiscaliadecuentas.gob.pa\/wp-content\/uploads\/2025\/10\/Derecho-procesal-7-1500x1000.jpg 1500w, https:\/\/www.fiscaliadecuentas.gob.pa\/wp-content\/uploads\/2025\/10\/Derecho-procesal-7-705x470.jpg 705w, https:\/\/www.fiscaliadecuentas.gob.pa\/wp-content\/uploads\/2025\/10\/Derecho-procesal-7-500x333.jpg 500w, https:\/\/www.fiscaliadecuentas.gob.pa\/wp-content\/uploads\/2025\/10\/Derecho-procesal-7-800x533.jpg 800w, https:\/\/www.fiscaliadecuentas.gob.pa\/wp-content\/uploads\/2025\/10\/Derecho-procesal-7-1280x853.jpg 1280w, https:\/\/www.fiscaliadecuentas.gob.pa\/wp-content\/uploads\/2025\/10\/Derecho-procesal-7-1920x1280.jpg 1920w\" sizes=\"auto, (max-width: 1030px) 100vw, 1030px\" \/><\/a><\/figure>\n\n\n\n<figure class=\"wp-block-image size-large\"><a href=\"https:\/\/www.fiscaliadecuentas.gob.pa\/wp-content\/uploads\/2025\/10\/Derecho-procesal-5-scaled.jpg\"><img loading=\"lazy\" decoding=\"async\" width=\"1030\" height=\"687\" src=\"https:\/\/www.fiscaliadecuentas.gob.pa\/wp-content\/uploads\/2025\/10\/Derecho-procesal-5-1030x687.jpg\" alt=\"\" class=\"wp-image-40217\" srcset=\"https:\/\/www.fiscaliadecuentas.gob.pa\/wp-content\/uploads\/2025\/10\/Derecho-procesal-5-1030x687.jpg 1030w, https:\/\/www.fiscaliadecuentas.gob.pa\/wp-content\/uploads\/2025\/10\/Derecho-procesal-5-300x200.jpg 300w, https:\/\/www.fiscaliadecuentas.gob.pa\/wp-content\/uploads\/2025\/10\/Derecho-procesal-5-768x512.jpg 768w, https:\/\/www.fiscaliadecuentas.gob.pa\/wp-content\/uploads\/2025\/10\/Derecho-procesal-5-1536x1024.jpg 1536w, https:\/\/www.fiscaliadecuentas.gob.pa\/wp-content\/uploads\/2025\/10\/Derecho-procesal-5-2048x1365.jpg 2048w, https:\/\/www.fiscaliadecuentas.gob.pa\/wp-content\/uploads\/2025\/10\/Derecho-procesal-5-1500x1000.jpg 1500w, https:\/\/www.fiscaliadecuentas.gob.pa\/wp-content\/uploads\/2025\/10\/Derecho-procesal-5-705x470.jpg 705w, https:\/\/www.fiscaliadecuentas.gob.pa\/wp-content\/uploads\/2025\/10\/Derecho-procesal-5-500x333.jpg 500w, https:\/\/www.fiscaliadecuentas.gob.pa\/wp-content\/uploads\/2025\/10\/Derecho-procesal-5-800x533.jpg 800w, https:\/\/www.fiscaliadecuentas.gob.pa\/wp-content\/uploads\/2025\/10\/Derecho-procesal-5-1280x853.jpg 1280w, https:\/\/www.fiscaliadecuentas.gob.pa\/wp-content\/uploads\/2025\/10\/Derecho-procesal-5-1920x1280.jpg 1920w\" sizes=\"auto, (max-width: 1030px) 100vw, 1030px\" \/><\/a><\/figure>\n\n\n\n<figure class=\"wp-block-image size-large\"><a href=\"https:\/\/www.fiscaliadecuentas.gob.pa\/wp-content\/uploads\/2025\/10\/Derecho-procesal-3-scaled.jpg\"><img loading=\"lazy\" decoding=\"async\" width=\"1030\" height=\"687\" src=\"https:\/\/www.fiscaliadecuentas.gob.pa\/wp-content\/uploads\/2025\/10\/Derecho-procesal-3-1030x687.jpg\" alt=\"\" class=\"wp-image-40219\" srcset=\"https:\/\/www.fiscaliadecuentas.gob.pa\/wp-content\/uploads\/2025\/10\/Derecho-procesal-3-1030x687.jpg 1030w, https:\/\/www.fiscaliadecuentas.gob.pa\/wp-content\/uploads\/2025\/10\/Derecho-procesal-3-300x200.jpg 300w, https:\/\/www.fiscaliadecuentas.gob.pa\/wp-content\/uploads\/2025\/10\/Derecho-procesal-3-768x512.jpg 768w, https:\/\/www.fiscaliadecuentas.gob.pa\/wp-content\/uploads\/2025\/10\/Derecho-procesal-3-1536x1024.jpg 1536w, https:\/\/www.fiscaliadecuentas.gob.pa\/wp-content\/uploads\/2025\/10\/Derecho-procesal-3-2048x1365.jpg 2048w, https:\/\/www.fiscaliadecuentas.gob.pa\/wp-content\/uploads\/2025\/10\/Derecho-procesal-3-1500x1000.jpg 1500w, https:\/\/www.fiscaliadecuentas.gob.pa\/wp-content\/uploads\/2025\/10\/Derecho-procesal-3-705x470.jpg 705w, https:\/\/www.fiscaliadecuentas.gob.pa\/wp-content\/uploads\/2025\/10\/Derecho-procesal-3-500x333.jpg 500w, https:\/\/www.fiscaliadecuentas.gob.pa\/wp-content\/uploads\/2025\/10\/Derecho-procesal-3-800x533.jpg 800w, https:\/\/www.fiscaliadecuentas.gob.pa\/wp-content\/uploads\/2025\/10\/Derecho-procesal-3-1280x853.jpg 1280w, https:\/\/www.fiscaliadecuentas.gob.pa\/wp-content\/uploads\/2025\/10\/Derecho-procesal-3-1920x1280.jpg 1920w\" sizes=\"auto, (max-width: 1030px) 100vw, 1030px\" \/><\/a><\/figure>\n\n\n\n<figure class=\"wp-block-image size-large\"><a href=\"https:\/\/www.fiscaliadecuentas.gob.pa\/wp-content\/uploads\/2025\/10\/Derecho-procesal-6-scaled.jpg\"><img loading=\"lazy\" decoding=\"async\" width=\"1030\" height=\"687\" src=\"https:\/\/www.fiscaliadecuentas.gob.pa\/wp-content\/uploads\/2025\/10\/Derecho-procesal-6-1030x687.jpg\" alt=\"\" class=\"wp-image-40221\" srcset=\"https:\/\/www.fiscaliadecuentas.gob.pa\/wp-content\/uploads\/2025\/10\/Derecho-procesal-6-1030x687.jpg 1030w, https:\/\/www.fiscaliadecuentas.gob.pa\/wp-content\/uploads\/2025\/10\/Derecho-procesal-6-300x200.jpg 300w, https:\/\/www.fiscaliadecuentas.gob.pa\/wp-content\/uploads\/2025\/10\/Derecho-procesal-6-768x512.jpg 768w, https:\/\/www.fiscaliadecuentas.gob.pa\/wp-content\/uploads\/2025\/10\/Derecho-procesal-6-1536x1024.jpg 1536w, https:\/\/www.fiscaliadecuentas.gob.pa\/wp-content\/uploads\/2025\/10\/Derecho-procesal-6-2048x1365.jpg 2048w, https:\/\/www.fiscaliadecuentas.gob.pa\/wp-content\/uploads\/2025\/10\/Derecho-procesal-6-1500x1000.jpg 1500w, https:\/\/www.fiscaliadecuentas.gob.pa\/wp-content\/uploads\/2025\/10\/Derecho-procesal-6-705x470.jpg 705w, https:\/\/www.fiscaliadecuentas.gob.pa\/wp-content\/uploads\/2025\/10\/Derecho-procesal-6-500x333.jpg 500w, https:\/\/www.fiscaliadecuentas.gob.pa\/wp-content\/uploads\/2025\/10\/Derecho-procesal-6-800x533.jpg 800w, https:\/\/www.fiscaliadecuentas.gob.pa\/wp-content\/uploads\/2025\/10\/Derecho-procesal-6-1280x853.jpg 1280w, https:\/\/www.fiscaliadecuentas.gob.pa\/wp-content\/uploads\/2025\/10\/Derecho-procesal-6-1920x1280.jpg 1920w\" sizes=\"auto, (max-width: 1030px) 100vw, 1030px\" \/><\/a><\/figure>\n\n\n\n<figure class=\"wp-block-image size-large\"><a href=\"https:\/\/www.fiscaliadecuentas.gob.pa\/wp-content\/uploads\/2025\/10\/Derecho-procesal-1-scaled.jpg\"><img loading=\"lazy\" decoding=\"async\" width=\"1030\" height=\"687\" src=\"https:\/\/www.fiscaliadecuentas.gob.pa\/wp-content\/uploads\/2025\/10\/Derecho-procesal-1-1030x687.jpg\" alt=\"\" class=\"wp-image-40224\" srcset=\"https:\/\/www.fiscaliadecuentas.gob.pa\/wp-content\/uploads\/2025\/10\/Derecho-procesal-1-1030x687.jpg 1030w, https:\/\/www.fiscaliadecuentas.gob.pa\/wp-content\/uploads\/2025\/10\/Derecho-procesal-1-300x200.jpg 300w, https:\/\/www.fiscaliadecuentas.gob.pa\/wp-content\/uploads\/2025\/10\/Derecho-procesal-1-768x512.jpg 768w, https:\/\/www.fiscaliadecuentas.gob.pa\/wp-content\/uploads\/2025\/10\/Derecho-procesal-1-1536x1024.jpg 1536w, https:\/\/www.fiscaliadecuentas.gob.pa\/wp-content\/uploads\/2025\/10\/Derecho-procesal-1-2048x1365.jpg 2048w, https:\/\/www.fiscaliadecuentas.gob.pa\/wp-content\/uploads\/2025\/10\/Derecho-procesal-1-1500x1000.jpg 1500w, https:\/\/www.fiscaliadecuentas.gob.pa\/wp-content\/uploads\/2025\/10\/Derecho-procesal-1-705x470.jpg 705w, https:\/\/www.fiscaliadecuentas.gob.pa\/wp-content\/uploads\/2025\/10\/Derecho-procesal-1-500x333.jpg 500w, https:\/\/www.fiscaliadecuentas.gob.pa\/wp-content\/uploads\/2025\/10\/Derecho-procesal-1-800x533.jpg 800w, https:\/\/www.fiscaliadecuentas.gob.pa\/wp-content\/uploads\/2025\/10\/Derecho-procesal-1-1280x853.jpg 1280w, https:\/\/www.fiscaliadecuentas.gob.pa\/wp-content\/uploads\/2025\/10\/Derecho-procesal-1-1920x1280.jpg 1920w\" sizes=\"auto, (max-width: 1030px) 100vw, 1030px\" \/><\/a><\/figure>\n\n\n\n<figure class=\"wp-block-image size-large\"><a href=\"https:\/\/www.fiscaliadecuentas.gob.pa\/wp-content\/uploads\/2025\/10\/Derecho-procesal-4-scaled.jpg\"><img loading=\"lazy\" decoding=\"async\" width=\"1030\" height=\"687\" src=\"https:\/\/www.fiscaliadecuentas.gob.pa\/wp-content\/uploads\/2025\/10\/Derecho-procesal-4-1030x687.jpg\" alt=\"\" class=\"wp-image-40222\" srcset=\"https:\/\/www.fiscaliadecuentas.gob.pa\/wp-content\/uploads\/2025\/10\/Derecho-procesal-4-1030x687.jpg 1030w, https:\/\/www.fiscaliadecuentas.gob.pa\/wp-content\/uploads\/2025\/10\/Derecho-procesal-4-300x200.jpg 300w, https:\/\/www.fiscaliadecuentas.gob.pa\/wp-content\/uploads\/2025\/10\/Derecho-procesal-4-768x512.jpg 768w, https:\/\/www.fiscaliadecuentas.gob.pa\/wp-content\/uploads\/2025\/10\/Derecho-procesal-4-1536x1024.jpg 1536w, https:\/\/www.fiscaliadecuentas.gob.pa\/wp-content\/uploads\/2025\/10\/Derecho-procesal-4-2048x1365.jpg 2048w, https:\/\/www.fiscaliadecuentas.gob.pa\/wp-content\/uploads\/2025\/10\/Derecho-procesal-4-1500x1000.jpg 1500w, https:\/\/www.fiscaliadecuentas.gob.pa\/wp-content\/uploads\/2025\/10\/Derecho-procesal-4-705x470.jpg 705w, https:\/\/www.fiscaliadecuentas.gob.pa\/wp-content\/uploads\/2025\/10\/Derecho-procesal-4-500x333.jpg 500w, https:\/\/www.fiscaliadecuentas.gob.pa\/wp-content\/uploads\/2025\/10\/Derecho-procesal-4-800x533.jpg 800w, https:\/\/www.fiscaliadecuentas.gob.pa\/wp-content\/uploads\/2025\/10\/Derecho-procesal-4-1280x853.jpg 1280w, https:\/\/www.fiscaliadecuentas.gob.pa\/wp-content\/uploads\/2025\/10\/Derecho-procesal-4-1920x1280.jpg 1920w\" sizes=\"auto, (max-width: 1030px) 100vw, 1030px\" \/><\/a><\/figure>\n","protected":false},"excerpt":{"rendered":"<p>La Fiscal\u00eda General de Cuentas fue uno de los protagonistas principales del seminario internacional, que realiz\u00f3 por espacio de tres jornadas, el Instituto Colombo Paname\u00f1o de Derecho Procesal, cap\u00edtulo de [&hellip;]<\/p>\n","protected":false},"author":4,"featured_media":40213,"comment_status":"closed","ping_status":"closed","sticky":false,"template":"","format":"standard","meta":{"_EventAllDay":false,"_EventTimezone":"","_EventStartDate":"","_EventEndDate":"","_EventStartDateUTC":"","_EventEndDateUTC":"","_EventShowMap":false,"_EventShowMapLink":false,"_EventURL":"","_EventCost":"","_EventCostDescription":"","_EventCurrencySymbol":"","_EventCurrencyCode":"","_EventCurrencyPosition":"","_EventDateTimeSeparator":"","_EventTimeRangeSeparator":"","_EventOrganizerID":[],"_EventVenueID":[],"_OrganizerEmail":"","_OrganizerPhone":"","_OrganizerWebsite":"","_VenueAddress":"","_VenueCity":"","_VenueCountry":"","_VenueProvince":"","_VenueState":"","_VenueZip":"","_VenuePhone":"","_VenueURL":"","_VenueStateProvince":"","_VenueLat":"","_VenueLng":"","_VenueShowMap":false,"_VenueShowMapLink":false,"footnotes":""},"categories":[1],"tags":[],"class_list":["post-40208","post","type-post","status-publish","format-standard","has-post-thumbnail","hentry","category-noticias"],"_links":{"self":[{"href":"https:\/\/www.fiscaliadecuentas.gob.pa\/index.php?rest_route=\/wp\/v2\/posts\/40208","targetHints":{"allow":["GET"]}}],"collection":[{"href":"https:\/\/www.fiscaliadecuentas.gob.pa\/index.php?rest_route=\/wp\/v2\/posts"}],"about":[{"href":"https:\/\/www.fiscaliadecuentas.gob.pa\/index.php?rest_route=\/wp\/v2\/types\/post"}],"author":[{"embeddable":true,"href":"https:\/\/www.fiscaliadecuentas.gob.pa\/index.php?rest_route=\/wp\/v2\/users\/4"}],"replies":[{"embeddable":true,"href":"https:\/\/www.fiscaliadecuentas.gob.pa\/index.php?rest_route=%2Fwp%2Fv2%2Fcomments&post=40208"}],"version-history":[{"count":9,"href":"https:\/\/www.fiscaliadecuentas.gob.pa\/index.php?rest_route=\/wp\/v2\/posts\/40208\/revisions"}],"predecessor-version":[{"id":40225,"href":"https:\/\/www.fiscaliadecuentas.gob.pa\/index.php?rest_route=\/wp\/v2\/posts\/40208\/revisions\/40225"}],"wp:featuredmedia":[{"embeddable":true,"href":"https:\/\/www.fiscaliadecuentas.gob.pa\/index.php?rest_route=\/wp\/v2\/media\/40213"}],"wp:attachment":[{"href":"https:\/\/www.fiscaliadecuentas.gob.pa\/index.php?rest_route=%2Fwp%2Fv2%2Fmedia&parent=40208"}],"wp:term":[{"taxonomy":"category","embeddable":true,"href":"https:\/\/www.fiscaliadecuentas.gob.pa\/index.php?rest_route=%2Fwp%2Fv2%2Fcategories&post=40208"},{"taxonomy":"post_tag","embeddable":true,"href":"https:\/\/www.fiscaliadecuentas.gob.pa\/index.php?rest_route=%2Fwp%2Fv2%2Ftags&post=40208"}],"curies":[{"name":"wp","href":"https:\/\/api.w.org\/{rel}","templated":true}]}}