{"id":40307,"date":"2025-11-19T15:02:51","date_gmt":"2025-11-19T20:02:51","guid":{"rendered":"https:\/\/www.fiscaliadecuentas.gob.pa\/?p=40307"},"modified":"2025-11-19T15:03:12","modified_gmt":"2025-11-19T20:03:12","slug":"fiscalia-general-de-cuentas-y-universidad-latina-establecen-acuerdo-de-cooperacion","status":"publish","type":"post","link":"https:\/\/www.fiscaliadecuentas.gob.pa\/?p=40307","title":{"rendered":"Fiscal\u00eda General de Cuentas y Universidad Latina establecen acuerdo de cooperaci\u00f3n"},"content":{"rendered":"\n<figure class=\"wp-block-image size-large\"><a href=\"https:\/\/www.fiscaliadecuentas.gob.pa\/wp-content\/uploads\/2025\/11\/WhatsApp-Image-2025-11-19-at-2.29.47-PM.jpeg\"><img loading=\"lazy\" decoding=\"async\" width=\"1030\" height=\"687\" src=\"https:\/\/www.fiscaliadecuentas.gob.pa\/wp-content\/uploads\/2025\/11\/WhatsApp-Image-2025-11-19-at-2.29.47-PM-1030x687.jpeg\" alt=\"\" class=\"wp-image-40308\" srcset=\"https:\/\/www.fiscaliadecuentas.gob.pa\/wp-content\/uploads\/2025\/11\/WhatsApp-Image-2025-11-19-at-2.29.47-PM-1030x687.jpeg 1030w, https:\/\/www.fiscaliadecuentas.gob.pa\/wp-content\/uploads\/2025\/11\/WhatsApp-Image-2025-11-19-at-2.29.47-PM-300x200.jpeg 300w, https:\/\/www.fiscaliadecuentas.gob.pa\/wp-content\/uploads\/2025\/11\/WhatsApp-Image-2025-11-19-at-2.29.47-PM-768x512.jpeg 768w, https:\/\/www.fiscaliadecuentas.gob.pa\/wp-content\/uploads\/2025\/11\/WhatsApp-Image-2025-11-19-at-2.29.47-PM-705x470.jpeg 705w, https:\/\/www.fiscaliadecuentas.gob.pa\/wp-content\/uploads\/2025\/11\/WhatsApp-Image-2025-11-19-at-2.29.47-PM-500x334.jpeg 500w, https:\/\/www.fiscaliadecuentas.gob.pa\/wp-content\/uploads\/2025\/11\/WhatsApp-Image-2025-11-19-at-2.29.47-PM-800x534.jpeg 800w, https:\/\/www.fiscaliadecuentas.gob.pa\/wp-content\/uploads\/2025\/11\/WhatsApp-Image-2025-11-19-at-2.29.47-PM.jpeg 1280w\" sizes=\"auto, (max-width: 1030px) 100vw, 1030px\" \/><\/a><\/figure>\n\n\n<p style=\"text-align: justify;\">\u201cPara nosotros este tipo de convenio con las universidades es muy importante, porque en la medida en que la conducta humana se vaya dispersando en actividades il\u00edcitas, la ley y el derecho tienen que cambiar\u201d, fue lo expresado por el Fiscal General de Cuentas tras sellar el convenio con la Universidad Latina de Panam\u00e1.<\/p>\n<p style=\"text-align: justify;\">Alina Valenzuela, rectora de la Universidad Latina y el fiscal Jaime Barroso Pinto, suscribieron el acuerdo que se instituy\u00f3, con la clara finalidad de establecer una alianza de cooperaci\u00f3n para el desarrollo de acciones que mejoren la calidad de los programas, proyectos y actividades que lleven a cabo ambas partes.<\/p>\n<p style=\"text-align: justify;\">Para la rectora Valenzuela, \u201cdesde la Universidad Latina nos encontramos realmente complacidos por concretar este convenio con la Fiscal\u00eda General de Cuentas, puesto que ofrece una plataforma para que los estudiantes de la facultad de Derecho y Ciencias Pol\u00edticas, pueden ser parte de pr\u00e1cticas profesionales y jornadas de trabajo voluntario\u201d.<\/p>\n<p style=\"text-align: justify;\">Adem\u00e1s, el acuerdo destaca asistencia rec\u00edproca, a trav\u00e9s de especialistas, t\u00e9cnicos y cient\u00edficos, seg\u00fan corresponda a la naturaleza y alcance de cada programa y proyecto mutuamente convenido.<\/p>\n\n\n<figure class=\"wp-block-image size-large\"><a href=\"https:\/\/www.fiscaliadecuentas.gob.pa\/wp-content\/uploads\/2025\/11\/WhatsApp-Image-2025-11-19-at-2.29.41-PM.jpeg\"><img loading=\"lazy\" decoding=\"async\" width=\"1030\" height=\"687\" src=\"https:\/\/www.fiscaliadecuentas.gob.pa\/wp-content\/uploads\/2025\/11\/WhatsApp-Image-2025-11-19-at-2.29.41-PM-1030x687.jpeg\" alt=\"\" class=\"wp-image-40309\" srcset=\"https:\/\/www.fiscaliadecuentas.gob.pa\/wp-content\/uploads\/2025\/11\/WhatsApp-Image-2025-11-19-at-2.29.41-PM-1030x687.jpeg 1030w, https:\/\/www.fiscaliadecuentas.gob.pa\/wp-content\/uploads\/2025\/11\/WhatsApp-Image-2025-11-19-at-2.29.41-PM-300x200.jpeg 300w, https:\/\/www.fiscaliadecuentas.gob.pa\/wp-content\/uploads\/2025\/11\/WhatsApp-Image-2025-11-19-at-2.29.41-PM-768x512.jpeg 768w, https:\/\/www.fiscaliadecuentas.gob.pa\/wp-content\/uploads\/2025\/11\/WhatsApp-Image-2025-11-19-at-2.29.41-PM-705x470.jpeg 705w, https:\/\/www.fiscaliadecuentas.gob.pa\/wp-content\/uploads\/2025\/11\/WhatsApp-Image-2025-11-19-at-2.29.41-PM-500x334.jpeg 500w, https:\/\/www.fiscaliadecuentas.gob.pa\/wp-content\/uploads\/2025\/11\/WhatsApp-Image-2025-11-19-at-2.29.41-PM-800x534.jpeg 800w, https:\/\/www.fiscaliadecuentas.gob.pa\/wp-content\/uploads\/2025\/11\/WhatsApp-Image-2025-11-19-at-2.29.41-PM.jpeg 1280w\" sizes=\"auto, (max-width: 1030px) 100vw, 1030px\" \/><\/a><\/figure>\n\n\n\n<figure class=\"wp-block-image size-large\"><a href=\"https:\/\/www.fiscaliadecuentas.gob.pa\/wp-content\/uploads\/2025\/11\/WhatsApp-Image-2025-11-19-at-2.29.42-PM.jpeg\"><img loading=\"lazy\" decoding=\"async\" width=\"1030\" height=\"687\" src=\"https:\/\/www.fiscaliadecuentas.gob.pa\/wp-content\/uploads\/2025\/11\/WhatsApp-Image-2025-11-19-at-2.29.42-PM-1030x687.jpeg\" alt=\"\" class=\"wp-image-40310\" srcset=\"https:\/\/www.fiscaliadecuentas.gob.pa\/wp-content\/uploads\/2025\/11\/WhatsApp-Image-2025-11-19-at-2.29.42-PM-1030x687.jpeg 1030w, https:\/\/www.fiscaliadecuentas.gob.pa\/wp-content\/uploads\/2025\/11\/WhatsApp-Image-2025-11-19-at-2.29.42-PM-300x200.jpeg 300w, https:\/\/www.fiscaliadecuentas.gob.pa\/wp-content\/uploads\/2025\/11\/WhatsApp-Image-2025-11-19-at-2.29.42-PM-768x512.jpeg 768w, https:\/\/www.fiscaliadecuentas.gob.pa\/wp-content\/uploads\/2025\/11\/WhatsApp-Image-2025-11-19-at-2.29.42-PM-705x470.jpeg 705w, https:\/\/www.fiscaliadecuentas.gob.pa\/wp-content\/uploads\/2025\/11\/WhatsApp-Image-2025-11-19-at-2.29.42-PM-500x334.jpeg 500w, https:\/\/www.fiscaliadecuentas.gob.pa\/wp-content\/uploads\/2025\/11\/WhatsApp-Image-2025-11-19-at-2.29.42-PM-800x534.jpeg 800w, https:\/\/www.fiscaliadecuentas.gob.pa\/wp-content\/uploads\/2025\/11\/WhatsApp-Image-2025-11-19-at-2.29.42-PM.jpeg 1280w\" sizes=\"auto, (max-width: 1030px) 100vw, 1030px\" \/><\/a><\/figure>\n\n\n\n<figure class=\"wp-block-image size-large\"><a href=\"https:\/\/www.fiscaliadecuentas.gob.pa\/wp-content\/uploads\/2025\/11\/WhatsApp-Image-2025-11-19-at-2.29.38-PM.jpeg\"><img loading=\"lazy\" decoding=\"async\" width=\"1030\" height=\"687\" src=\"https:\/\/www.fiscaliadecuentas.gob.pa\/wp-content\/uploads\/2025\/11\/WhatsApp-Image-2025-11-19-at-2.29.38-PM-1030x687.jpeg\" alt=\"\" class=\"wp-image-40311\" srcset=\"https:\/\/www.fiscaliadecuentas.gob.pa\/wp-content\/uploads\/2025\/11\/WhatsApp-Image-2025-11-19-at-2.29.38-PM-1030x687.jpeg 1030w, https:\/\/www.fiscaliadecuentas.gob.pa\/wp-content\/uploads\/2025\/11\/WhatsApp-Image-2025-11-19-at-2.29.38-PM-300x200.jpeg 300w, https:\/\/www.fiscaliadecuentas.gob.pa\/wp-content\/uploads\/2025\/11\/WhatsApp-Image-2025-11-19-at-2.29.38-PM-768x512.jpeg 768w, https:\/\/www.fiscaliadecuentas.gob.pa\/wp-content\/uploads\/2025\/11\/WhatsApp-Image-2025-11-19-at-2.29.38-PM-705x470.jpeg 705w, https:\/\/www.fiscaliadecuentas.gob.pa\/wp-content\/uploads\/2025\/11\/WhatsApp-Image-2025-11-19-at-2.29.38-PM-500x334.jpeg 500w, https:\/\/www.fiscaliadecuentas.gob.pa\/wp-content\/uploads\/2025\/11\/WhatsApp-Image-2025-11-19-at-2.29.38-PM-800x534.jpeg 800w, https:\/\/www.fiscaliadecuentas.gob.pa\/wp-content\/uploads\/2025\/11\/WhatsApp-Image-2025-11-19-at-2.29.38-PM.jpeg 1280w\" sizes=\"auto, (max-width: 1030px) 100vw, 1030px\" \/><\/a><\/figure>\n","protected":false},"excerpt":{"rendered":"<p>\u201cPara nosotros este tipo de convenio con las universidades es muy importante, porque en la medida en que la conducta humana se vaya dispersando en actividades il\u00edcitas, la ley y [&hellip;]<\/p>\n","protected":false},"author":4,"featured_media":40308,"comment_status":"closed","ping_status":"closed","sticky":false,"template":"","format":"standard","meta":{"_EventAllDay":false,"_EventTimezone":"","_EventStartDate":"","_EventEndDate":"","_EventStartDateUTC":"","_EventEndDateUTC":"","_EventShowMap":false,"_EventShowMapLink":false,"_EventURL":"","_EventCost":"","_EventCostDescription":"","_EventCurrencySymbol":"","_EventCurrencyCode":"","_EventCurrencyPosition":"","_EventDateTimeSeparator":"","_EventTimeRangeSeparator":"","_EventOrganizerID":[],"_EventVenueID":[],"_OrganizerEmail":"","_OrganizerPhone":"","_OrganizerWebsite":"","_VenueAddress":"","_VenueCity":"","_VenueCountry":"","_VenueProvince":"","_VenueState":"","_VenueZip":"","_VenuePhone":"","_VenueURL":"","_VenueStateProvince":"","_VenueLat":"","_VenueLng":"","_VenueShowMap":false,"_VenueShowMapLink":false,"footnotes":""},"categories":[1],"tags":[],"class_list":["post-40307","post","type-post","status-publish","format-standard","has-post-thumbnail","hentry","category-noticias"],"_links":{"self":[{"href":"https:\/\/www.fiscaliadecuentas.gob.pa\/index.php?rest_route=\/wp\/v2\/posts\/40307","targetHints":{"allow":["GET"]}}],"collection":[{"href":"https:\/\/www.fiscaliadecuentas.gob.pa\/index.php?rest_route=\/wp\/v2\/posts"}],"about":[{"href":"https:\/\/www.fiscaliadecuentas.gob.pa\/index.php?rest_route=\/wp\/v2\/types\/post"}],"author":[{"embeddable":true,"href":"https:\/\/www.fiscaliadecuentas.gob.pa\/index.php?rest_route=\/wp\/v2\/users\/4"}],"replies":[{"embeddable":true,"href":"https:\/\/www.fiscaliadecuentas.gob.pa\/index.php?rest_route=%2Fwp%2Fv2%2Fcomments&post=40307"}],"version-history":[{"count":1,"href":"https:\/\/www.fiscaliadecuentas.gob.pa\/index.php?rest_route=\/wp\/v2\/posts\/40307\/revisions"}],"predecessor-version":[{"id":40312,"href":"https:\/\/www.fiscaliadecuentas.gob.pa\/index.php?rest_route=\/wp\/v2\/posts\/40307\/revisions\/40312"}],"wp:featuredmedia":[{"embeddable":true,"href":"https:\/\/www.fiscaliadecuentas.gob.pa\/index.php?rest_route=\/wp\/v2\/media\/40308"}],"wp:attachment":[{"href":"https:\/\/www.fiscaliadecuentas.gob.pa\/index.php?rest_route=%2Fwp%2Fv2%2Fmedia&parent=40307"}],"wp:term":[{"taxonomy":"category","embeddable":true,"href":"https:\/\/www.fiscaliadecuentas.gob.pa\/index.php?rest_route=%2Fwp%2Fv2%2Fcategories&post=40307"},{"taxonomy":"post_tag","embeddable":true,"href":"https:\/\/www.fiscaliadecuentas.gob.pa\/index.php?rest_route=%2Fwp%2Fv2%2Ftags&post=40307"}],"curies":[{"name":"wp","href":"https:\/\/api.w.org\/{rel}","templated":true}]}}