{"id":40313,"date":"2025-11-26T11:43:56","date_gmt":"2025-11-26T16:43:56","guid":{"rendered":"https:\/\/www.fiscaliadecuentas.gob.pa\/?p=40313"},"modified":"2025-11-26T11:45:27","modified_gmt":"2025-11-26T16:45:27","slug":"acodeco-ofrece-docencia-a-funcionarios-de-la-fiscalia-general-de-cuentas","status":"publish","type":"post","link":"https:\/\/www.fiscaliadecuentas.gob.pa\/?p=40313","title":{"rendered":"Acodeco ofrece docencia a funcionarios de la Fiscal\u00eda General de Cuentas"},"content":{"rendered":"\n<figure class=\"wp-block-image size-large\"><a href=\"https:\/\/www.fiscaliadecuentas.gob.pa\/wp-content\/uploads\/2025\/11\/WhatsApp-Image-2025-11-26-at-11.31.18-AM-1.jpeg\"><img loading=\"lazy\" decoding=\"async\" width=\"1030\" height=\"687\" src=\"https:\/\/www.fiscaliadecuentas.gob.pa\/wp-content\/uploads\/2025\/11\/WhatsApp-Image-2025-11-26-at-11.31.18-AM-1-1030x687.jpeg\" alt=\"\" class=\"wp-image-40314\" srcset=\"https:\/\/www.fiscaliadecuentas.gob.pa\/wp-content\/uploads\/2025\/11\/WhatsApp-Image-2025-11-26-at-11.31.18-AM-1-1030x687.jpeg 1030w, https:\/\/www.fiscaliadecuentas.gob.pa\/wp-content\/uploads\/2025\/11\/WhatsApp-Image-2025-11-26-at-11.31.18-AM-1-300x200.jpeg 300w, https:\/\/www.fiscaliadecuentas.gob.pa\/wp-content\/uploads\/2025\/11\/WhatsApp-Image-2025-11-26-at-11.31.18-AM-1-768x512.jpeg 768w, https:\/\/www.fiscaliadecuentas.gob.pa\/wp-content\/uploads\/2025\/11\/WhatsApp-Image-2025-11-26-at-11.31.18-AM-1-705x470.jpeg 705w, https:\/\/www.fiscaliadecuentas.gob.pa\/wp-content\/uploads\/2025\/11\/WhatsApp-Image-2025-11-26-at-11.31.18-AM-1-500x334.jpeg 500w, https:\/\/www.fiscaliadecuentas.gob.pa\/wp-content\/uploads\/2025\/11\/WhatsApp-Image-2025-11-26-at-11.31.18-AM-1-800x534.jpeg 800w, https:\/\/www.fiscaliadecuentas.gob.pa\/wp-content\/uploads\/2025\/11\/WhatsApp-Image-2025-11-26-at-11.31.18-AM-1.jpeg 1280w\" sizes=\"auto, (max-width: 1030px) 100vw, 1030px\" \/><\/a><\/figure>\n\n\n<p style=\"text-align: justify;\">\u201cDeberes y Derechos de los Consumidores\u201d, fue el tema central de la capacitaci\u00f3n ofrecida por la Autoridad de Protecci\u00f3n al Consumidor y Defensa de la Competencia, a los funcionarios de esta instituci\u00f3n.<\/p>\n<p style=\"text-align: justify;\">Una charla interactiva en la que los funcionarios del Departamento de Educaci\u00f3n explicaron las normas de veracidad de la publicidad y las dem\u00e1s disposiciones establecidas en la norma sobre protecci\u00f3n a los consumidores.<\/p>\n<p style=\"text-align: justify;\">En especial todo lo referente a la importancia del consumo responsable, sus derechos y c\u00f3mo hacerlos valer frente a situaciones irregulares que se presenten en determinada transacci\u00f3n comercial.<\/p>\n<p style=\"text-align: justify;\">Los participantes tuvieron la oportunidad de esclarecer sus dudas en temas referentes a las leyes y decretos vigentes que fiscaliza Acodeco; beneficios de los jubilados, pensionados y personas de la tercera edad; el historial de cr\u00e9dito, obligaciones de los proveedores frente a los consumidores, la garant\u00eda de los productos.<\/p>\n\n\n<figure class=\"wp-block-image size-large\"><a href=\"https:\/\/www.fiscaliadecuentas.gob.pa\/wp-content\/uploads\/2025\/11\/WhatsApp-Image-2025-11-26-at-11.31.18-AM.jpeg\"><img loading=\"lazy\" decoding=\"async\" width=\"1030\" height=\"687\" src=\"https:\/\/www.fiscaliadecuentas.gob.pa\/wp-content\/uploads\/2025\/11\/WhatsApp-Image-2025-11-26-at-11.31.18-AM-1030x687.jpeg\" alt=\"\" class=\"wp-image-40315\" srcset=\"https:\/\/www.fiscaliadecuentas.gob.pa\/wp-content\/uploads\/2025\/11\/WhatsApp-Image-2025-11-26-at-11.31.18-AM-1030x687.jpeg 1030w, https:\/\/www.fiscaliadecuentas.gob.pa\/wp-content\/uploads\/2025\/11\/WhatsApp-Image-2025-11-26-at-11.31.18-AM-300x200.jpeg 300w, https:\/\/www.fiscaliadecuentas.gob.pa\/wp-content\/uploads\/2025\/11\/WhatsApp-Image-2025-11-26-at-11.31.18-AM-768x512.jpeg 768w, https:\/\/www.fiscaliadecuentas.gob.pa\/wp-content\/uploads\/2025\/11\/WhatsApp-Image-2025-11-26-at-11.31.18-AM-705x470.jpeg 705w, https:\/\/www.fiscaliadecuentas.gob.pa\/wp-content\/uploads\/2025\/11\/WhatsApp-Image-2025-11-26-at-11.31.18-AM-500x334.jpeg 500w, https:\/\/www.fiscaliadecuentas.gob.pa\/wp-content\/uploads\/2025\/11\/WhatsApp-Image-2025-11-26-at-11.31.18-AM-800x534.jpeg 800w, https:\/\/www.fiscaliadecuentas.gob.pa\/wp-content\/uploads\/2025\/11\/WhatsApp-Image-2025-11-26-at-11.31.18-AM.jpeg 1280w\" sizes=\"auto, (max-width: 1030px) 100vw, 1030px\" \/><\/a><\/figure>\n\n\n\n<figure class=\"wp-block-image size-large\"><a href=\"https:\/\/www.fiscaliadecuentas.gob.pa\/wp-content\/uploads\/2025\/11\/WhatsApp-Image-2025-11-26-at-11.31.18-AM-2.jpeg\"><img loading=\"lazy\" decoding=\"async\" width=\"1030\" height=\"687\" src=\"https:\/\/www.fiscaliadecuentas.gob.pa\/wp-content\/uploads\/2025\/11\/WhatsApp-Image-2025-11-26-at-11.31.18-AM-2-1030x687.jpeg\" alt=\"\" class=\"wp-image-40316\" srcset=\"https:\/\/www.fiscaliadecuentas.gob.pa\/wp-content\/uploads\/2025\/11\/WhatsApp-Image-2025-11-26-at-11.31.18-AM-2-1030x687.jpeg 1030w, https:\/\/www.fiscaliadecuentas.gob.pa\/wp-content\/uploads\/2025\/11\/WhatsApp-Image-2025-11-26-at-11.31.18-AM-2-300x200.jpeg 300w, https:\/\/www.fiscaliadecuentas.gob.pa\/wp-content\/uploads\/2025\/11\/WhatsApp-Image-2025-11-26-at-11.31.18-AM-2-768x512.jpeg 768w, https:\/\/www.fiscaliadecuentas.gob.pa\/wp-content\/uploads\/2025\/11\/WhatsApp-Image-2025-11-26-at-11.31.18-AM-2-705x470.jpeg 705w, https:\/\/www.fiscaliadecuentas.gob.pa\/wp-content\/uploads\/2025\/11\/WhatsApp-Image-2025-11-26-at-11.31.18-AM-2-500x334.jpeg 500w, https:\/\/www.fiscaliadecuentas.gob.pa\/wp-content\/uploads\/2025\/11\/WhatsApp-Image-2025-11-26-at-11.31.18-AM-2-800x534.jpeg 800w, https:\/\/www.fiscaliadecuentas.gob.pa\/wp-content\/uploads\/2025\/11\/WhatsApp-Image-2025-11-26-at-11.31.18-AM-2.jpeg 1280w\" sizes=\"auto, (max-width: 1030px) 100vw, 1030px\" \/><\/a><\/figure>\n\n\n\n<figure class=\"wp-block-image size-large\"><a href=\"https:\/\/www.fiscaliadecuentas.gob.pa\/wp-content\/uploads\/2025\/11\/WhatsApp-Image-2025-11-26-at-11.31.17-AM-1.jpeg\"><img loading=\"lazy\" decoding=\"async\" width=\"1030\" height=\"687\" src=\"https:\/\/www.fiscaliadecuentas.gob.pa\/wp-content\/uploads\/2025\/11\/WhatsApp-Image-2025-11-26-at-11.31.17-AM-1-1030x687.jpeg\" alt=\"\" class=\"wp-image-40317\" srcset=\"https:\/\/www.fiscaliadecuentas.gob.pa\/wp-content\/uploads\/2025\/11\/WhatsApp-Image-2025-11-26-at-11.31.17-AM-1-1030x687.jpeg 1030w, https:\/\/www.fiscaliadecuentas.gob.pa\/wp-content\/uploads\/2025\/11\/WhatsApp-Image-2025-11-26-at-11.31.17-AM-1-300x200.jpeg 300w, https:\/\/www.fiscaliadecuentas.gob.pa\/wp-content\/uploads\/2025\/11\/WhatsApp-Image-2025-11-26-at-11.31.17-AM-1-768x512.jpeg 768w, https:\/\/www.fiscaliadecuentas.gob.pa\/wp-content\/uploads\/2025\/11\/WhatsApp-Image-2025-11-26-at-11.31.17-AM-1-705x470.jpeg 705w, https:\/\/www.fiscaliadecuentas.gob.pa\/wp-content\/uploads\/2025\/11\/WhatsApp-Image-2025-11-26-at-11.31.17-AM-1-500x334.jpeg 500w, https:\/\/www.fiscaliadecuentas.gob.pa\/wp-content\/uploads\/2025\/11\/WhatsApp-Image-2025-11-26-at-11.31.17-AM-1-800x534.jpeg 800w, https:\/\/www.fiscaliadecuentas.gob.pa\/wp-content\/uploads\/2025\/11\/WhatsApp-Image-2025-11-26-at-11.31.17-AM-1.jpeg 1280w\" sizes=\"auto, (max-width: 1030px) 100vw, 1030px\" \/><\/a><\/figure>\n\n\n\n<figure class=\"wp-block-image size-large\"><a href=\"https:\/\/www.fiscaliadecuentas.gob.pa\/wp-content\/uploads\/2025\/11\/WhatsApp-Image-2025-11-26-at-11.31.17-AM.jpeg\"><img loading=\"lazy\" decoding=\"async\" width=\"1030\" height=\"687\" src=\"https:\/\/www.fiscaliadecuentas.gob.pa\/wp-content\/uploads\/2025\/11\/WhatsApp-Image-2025-11-26-at-11.31.17-AM-1030x687.jpeg\" alt=\"\" class=\"wp-image-40318\" srcset=\"https:\/\/www.fiscaliadecuentas.gob.pa\/wp-content\/uploads\/2025\/11\/WhatsApp-Image-2025-11-26-at-11.31.17-AM-1030x687.jpeg 1030w, https:\/\/www.fiscaliadecuentas.gob.pa\/wp-content\/uploads\/2025\/11\/WhatsApp-Image-2025-11-26-at-11.31.17-AM-300x200.jpeg 300w, https:\/\/www.fiscaliadecuentas.gob.pa\/wp-content\/uploads\/2025\/11\/WhatsApp-Image-2025-11-26-at-11.31.17-AM-768x512.jpeg 768w, https:\/\/www.fiscaliadecuentas.gob.pa\/wp-content\/uploads\/2025\/11\/WhatsApp-Image-2025-11-26-at-11.31.17-AM-705x470.jpeg 705w, https:\/\/www.fiscaliadecuentas.gob.pa\/wp-content\/uploads\/2025\/11\/WhatsApp-Image-2025-11-26-at-11.31.17-AM-500x334.jpeg 500w, https:\/\/www.fiscaliadecuentas.gob.pa\/wp-content\/uploads\/2025\/11\/WhatsApp-Image-2025-11-26-at-11.31.17-AM-800x534.jpeg 800w, https:\/\/www.fiscaliadecuentas.gob.pa\/wp-content\/uploads\/2025\/11\/WhatsApp-Image-2025-11-26-at-11.31.17-AM.jpeg 1280w\" sizes=\"auto, (max-width: 1030px) 100vw, 1030px\" \/><\/a><\/figure>\n","protected":false},"excerpt":{"rendered":"<p>\u201cDeberes y Derechos de los Consumidores\u201d, fue el tema central de la capacitaci\u00f3n ofrecida por la Autoridad de Protecci\u00f3n al Consumidor y Defensa de la Competencia, a los funcionarios de [&hellip;]<\/p>\n","protected":false},"author":4,"featured_media":40314,"comment_status":"closed","ping_status":"closed","sticky":false,"template":"","format":"standard","meta":{"_EventAllDay":false,"_EventTimezone":"","_EventStartDate":"","_EventEndDate":"","_EventStartDateUTC":"","_EventEndDateUTC":"","_EventShowMap":false,"_EventShowMapLink":false,"_EventURL":"","_EventCost":"","_EventCostDescription":"","_EventCurrencySymbol":"","_EventCurrencyCode":"","_EventCurrencyPosition":"","_EventDateTimeSeparator":"","_EventTimeRangeSeparator":"","_EventOrganizerID":[],"_EventVenueID":[],"_OrganizerEmail":"","_OrganizerPhone":"","_OrganizerWebsite":"","_VenueAddress":"","_VenueCity":"","_VenueCountry":"","_VenueProvince":"","_VenueState":"","_VenueZip":"","_VenuePhone":"","_VenueURL":"","_VenueStateProvince":"","_VenueLat":"","_VenueLng":"","_VenueShowMap":false,"_VenueShowMapLink":false,"footnotes":""},"categories":[1],"tags":[],"class_list":["post-40313","post","type-post","status-publish","format-standard","has-post-thumbnail","hentry","category-noticias"],"_links":{"self":[{"href":"https:\/\/www.fiscaliadecuentas.gob.pa\/index.php?rest_route=\/wp\/v2\/posts\/40313","targetHints":{"allow":["GET"]}}],"collection":[{"href":"https:\/\/www.fiscaliadecuentas.gob.pa\/index.php?rest_route=\/wp\/v2\/posts"}],"about":[{"href":"https:\/\/www.fiscaliadecuentas.gob.pa\/index.php?rest_route=\/wp\/v2\/types\/post"}],"author":[{"embeddable":true,"href":"https:\/\/www.fiscaliadecuentas.gob.pa\/index.php?rest_route=\/wp\/v2\/users\/4"}],"replies":[{"embeddable":true,"href":"https:\/\/www.fiscaliadecuentas.gob.pa\/index.php?rest_route=%2Fwp%2Fv2%2Fcomments&post=40313"}],"version-history":[{"count":1,"href":"https:\/\/www.fiscaliadecuentas.gob.pa\/index.php?rest_route=\/wp\/v2\/posts\/40313\/revisions"}],"predecessor-version":[{"id":40319,"href":"https:\/\/www.fiscaliadecuentas.gob.pa\/index.php?rest_route=\/wp\/v2\/posts\/40313\/revisions\/40319"}],"wp:featuredmedia":[{"embeddable":true,"href":"https:\/\/www.fiscaliadecuentas.gob.pa\/index.php?rest_route=\/wp\/v2\/media\/40314"}],"wp:attachment":[{"href":"https:\/\/www.fiscaliadecuentas.gob.pa\/index.php?rest_route=%2Fwp%2Fv2%2Fmedia&parent=40313"}],"wp:term":[{"taxonomy":"category","embeddable":true,"href":"https:\/\/www.fiscaliadecuentas.gob.pa\/index.php?rest_route=%2Fwp%2Fv2%2Fcategories&post=40313"},{"taxonomy":"post_tag","embeddable":true,"href":"https:\/\/www.fiscaliadecuentas.gob.pa\/index.php?rest_route=%2Fwp%2Fv2%2Ftags&post=40313"}],"curies":[{"name":"wp","href":"https:\/\/api.w.org\/{rel}","templated":true}]}}