{"id":40337,"date":"2025-12-09T15:13:05","date_gmt":"2025-12-09T20:13:05","guid":{"rendered":"https:\/\/www.fiscaliadecuentas.gob.pa\/?p=40337"},"modified":"2025-12-09T15:13:19","modified_gmt":"2025-12-09T20:13:19","slug":"fiscalia-general-de-cuentas-protagoniza-jornada-de-instruccion-contra-la-corrupcion","status":"publish","type":"post","link":"https:\/\/www.fiscaliadecuentas.gob.pa\/?p=40337","title":{"rendered":"Fiscal\u00eda General de Cuentas protagoniza jornada de instrucci\u00f3n contra la corrupci\u00f3n"},"content":{"rendered":"\n<figure class=\"wp-block-image size-large\"><a href=\"https:\/\/www.fiscaliadecuentas.gob.pa\/wp-content\/uploads\/2025\/12\/WhatsApp-Image-2025-12-09-at-2.46.21-PM-1.jpeg\"><img loading=\"lazy\" decoding=\"async\" width=\"1030\" height=\"686\" src=\"https:\/\/www.fiscaliadecuentas.gob.pa\/wp-content\/uploads\/2025\/12\/WhatsApp-Image-2025-12-09-at-2.46.21-PM-1-1030x686.jpeg\" alt=\"\" class=\"wp-image-40338\" srcset=\"https:\/\/www.fiscaliadecuentas.gob.pa\/wp-content\/uploads\/2025\/12\/WhatsApp-Image-2025-12-09-at-2.46.21-PM-1-1030x686.jpeg 1030w, https:\/\/www.fiscaliadecuentas.gob.pa\/wp-content\/uploads\/2025\/12\/WhatsApp-Image-2025-12-09-at-2.46.21-PM-1-300x200.jpeg 300w, https:\/\/www.fiscaliadecuentas.gob.pa\/wp-content\/uploads\/2025\/12\/WhatsApp-Image-2025-12-09-at-2.46.21-PM-1-768x512.jpeg 768w, https:\/\/www.fiscaliadecuentas.gob.pa\/wp-content\/uploads\/2025\/12\/WhatsApp-Image-2025-12-09-at-2.46.21-PM-1-1536x1023.jpeg 1536w, https:\/\/www.fiscaliadecuentas.gob.pa\/wp-content\/uploads\/2025\/12\/WhatsApp-Image-2025-12-09-at-2.46.21-PM-1-1500x999.jpeg 1500w, https:\/\/www.fiscaliadecuentas.gob.pa\/wp-content\/uploads\/2025\/12\/WhatsApp-Image-2025-12-09-at-2.46.21-PM-1-705x470.jpeg 705w, https:\/\/www.fiscaliadecuentas.gob.pa\/wp-content\/uploads\/2025\/12\/WhatsApp-Image-2025-12-09-at-2.46.21-PM-1-500x333.jpeg 500w, https:\/\/www.fiscaliadecuentas.gob.pa\/wp-content\/uploads\/2025\/12\/WhatsApp-Image-2025-12-09-at-2.46.21-PM-1-800x533.jpeg 800w, https:\/\/www.fiscaliadecuentas.gob.pa\/wp-content\/uploads\/2025\/12\/WhatsApp-Image-2025-12-09-at-2.46.21-PM-1-1280x853.jpeg 1280w, https:\/\/www.fiscaliadecuentas.gob.pa\/wp-content\/uploads\/2025\/12\/WhatsApp-Image-2025-12-09-at-2.46.21-PM-1.jpeg 1600w\" sizes=\"auto, (max-width: 1030px) 100vw, 1030px\" \/><\/a><\/figure>\n\n\n<p style=\"text-align: justify;\">\u201cUnidos con los J\u00f3venes Contra la Corrupci\u00f3n\u201d, fue el tema de la jornada de instrucci\u00f3n que llev\u00f3 a cabo la Oficina de las Naciones Unidas contra la Droga y el Delito (UNODC), en estrecha colaboraci\u00f3n con la Fiscal\u00eda General de Cuentas, Tribunal de Cuentas, Antai, Procuradur\u00eda de la Administraci\u00f3n y el Tribunal Electoral.<\/p>\n<p style=\"text-align: justify;\">El evento que se desarroll\u00f3 con la finalidad de fomentar la participaci\u00f3n ciudadana y promover la transparencia y la rendici\u00f3n de cuentas, se celebr\u00f3 en el marco de la conmemoraci\u00f3n del D\u00eda Internacional Contra la Corrupci\u00f3n, hoy 9 de diciembre.<\/p>\n<p style=\"text-align: justify;\">Para el fiscal general de cuentas, Jaime Barroso Pinto, los j\u00f3venes a trav\u00e9s de los buenos valores, ser\u00e1n los encargados de promover una cultura de transparencia en todo el andamiaje pol\u00edtico y social, una tarea dif\u00edcil, pero no imposible.<\/p>\n<p style=\"text-align: justify;\">\u201cSer\u00e1n ellos, los j\u00f3venes, los promotores de construir un futuro libre de corrupci\u00f3n, creando conciencia, impulsando iniciativas y generando cambios positivos en sus entornos para restablecer la confianza en las instituciones, motivando a las nuevas generaciones a participar activamente en la construcci\u00f3n por un mejor futuro\u201d, subray\u00f3 el Fiscal General, ante un auditorio compuesto por m\u00e1s de 200 entre estudiantes y p\u00fablico en general.<\/p>\n<p style=\"text-align: justify;\">El acto adem\u00e1s cont\u00f3 con la participaci\u00f3n del contralor general de la Rep\u00fablica, Anel Flores, quien afirm\u00f3 que sin integridad no existe democracia plena, por lo que la entidad a su cargo esta comprometida con el combate a la corrupci\u00f3n. \u201cEstamos ordenando los procesos, elevando la transparencia y cuidando cada balboa de este pa\u00eds\u201d.<\/p>\n<p style=\"text-align: justify;\">Por su parte, el magistrado presidente del Tribunal de Cuentas, Rainer del Rosario, reafirm\u00f3, \u201cla corrupci\u00f3n tiene muchos problemas, afecta muchos sectores, pero saben una cosa, la corrupci\u00f3n es el archienemigo de la democracia\u201d.<\/p>\n<p style=\"text-align: justify;\">Por su parte, Melissa Flynn, Representante Regional Adjunta de UNODC, acot\u00f3 que para prevenir la corrupci\u00f3n requiere de un enfoque amplio y multidisciplinario, labor que viene realizando esta agencia de las Naciones Unidas, en su calidad de custodio de la Convenci\u00f3n de las Naciones Unidas contra la Corrupci\u00f3n (UNCAC).<\/p>\n<p style=\"text-align: justify;\">La relator\u00eda estuvo a cargo de la procuradora de la administraci\u00f3n, Grettel Villalaz de Allen, quien sintetiz\u00f3 las principales conclusiones antes del cierre oficial de la actividad, reafirmando el compromiso interinstitucional y el rol fundamental de los j\u00f3venes en la promoci\u00f3n de la integridad y la lucha contra la corrupci\u00f3n en Panam\u00e1.<\/p>\n\n\n<figure class=\"wp-block-image size-large\"><a href=\"https:\/\/www.fiscaliadecuentas.gob.pa\/wp-content\/uploads\/2025\/12\/WhatsApp-Image-2025-12-09-at-2.46.22-PM-1.jpeg\"><img loading=\"lazy\" decoding=\"async\" width=\"1030\" height=\"687\" src=\"https:\/\/www.fiscaliadecuentas.gob.pa\/wp-content\/uploads\/2025\/12\/WhatsApp-Image-2025-12-09-at-2.46.22-PM-1-1030x687.jpeg\" alt=\"\" class=\"wp-image-40339\" srcset=\"https:\/\/www.fiscaliadecuentas.gob.pa\/wp-content\/uploads\/2025\/12\/WhatsApp-Image-2025-12-09-at-2.46.22-PM-1-1030x687.jpeg 1030w, https:\/\/www.fiscaliadecuentas.gob.pa\/wp-content\/uploads\/2025\/12\/WhatsApp-Image-2025-12-09-at-2.46.22-PM-1-300x200.jpeg 300w, https:\/\/www.fiscaliadecuentas.gob.pa\/wp-content\/uploads\/2025\/12\/WhatsApp-Image-2025-12-09-at-2.46.22-PM-1-768x512.jpeg 768w, https:\/\/www.fiscaliadecuentas.gob.pa\/wp-content\/uploads\/2025\/12\/WhatsApp-Image-2025-12-09-at-2.46.22-PM-1-705x470.jpeg 705w, https:\/\/www.fiscaliadecuentas.gob.pa\/wp-content\/uploads\/2025\/12\/WhatsApp-Image-2025-12-09-at-2.46.22-PM-1-500x334.jpeg 500w, https:\/\/www.fiscaliadecuentas.gob.pa\/wp-content\/uploads\/2025\/12\/WhatsApp-Image-2025-12-09-at-2.46.22-PM-1-800x534.jpeg 800w, https:\/\/www.fiscaliadecuentas.gob.pa\/wp-content\/uploads\/2025\/12\/WhatsApp-Image-2025-12-09-at-2.46.22-PM-1.jpeg 1280w\" sizes=\"auto, (max-width: 1030px) 100vw, 1030px\" \/><\/a><\/figure>\n\n\n\n<figure class=\"wp-block-image size-large\"><a href=\"https:\/\/www.fiscaliadecuentas.gob.pa\/wp-content\/uploads\/2025\/12\/WhatsApp-Image-2025-12-09-at-2.46.22-PM.jpeg\"><img loading=\"lazy\" decoding=\"async\" width=\"1030\" height=\"686\" src=\"https:\/\/www.fiscaliadecuentas.gob.pa\/wp-content\/uploads\/2025\/12\/WhatsApp-Image-2025-12-09-at-2.46.22-PM-1030x686.jpeg\" alt=\"\" class=\"wp-image-40340\" srcset=\"https:\/\/www.fiscaliadecuentas.gob.pa\/wp-content\/uploads\/2025\/12\/WhatsApp-Image-2025-12-09-at-2.46.22-PM-1030x686.jpeg 1030w, https:\/\/www.fiscaliadecuentas.gob.pa\/wp-content\/uploads\/2025\/12\/WhatsApp-Image-2025-12-09-at-2.46.22-PM-300x200.jpeg 300w, https:\/\/www.fiscaliadecuentas.gob.pa\/wp-content\/uploads\/2025\/12\/WhatsApp-Image-2025-12-09-at-2.46.22-PM-768x512.jpeg 768w, https:\/\/www.fiscaliadecuentas.gob.pa\/wp-content\/uploads\/2025\/12\/WhatsApp-Image-2025-12-09-at-2.46.22-PM-1536x1023.jpeg 1536w, https:\/\/www.fiscaliadecuentas.gob.pa\/wp-content\/uploads\/2025\/12\/WhatsApp-Image-2025-12-09-at-2.46.22-PM-1500x999.jpeg 1500w, https:\/\/www.fiscaliadecuentas.gob.pa\/wp-content\/uploads\/2025\/12\/WhatsApp-Image-2025-12-09-at-2.46.22-PM-705x470.jpeg 705w, https:\/\/www.fiscaliadecuentas.gob.pa\/wp-content\/uploads\/2025\/12\/WhatsApp-Image-2025-12-09-at-2.46.22-PM-500x333.jpeg 500w, https:\/\/www.fiscaliadecuentas.gob.pa\/wp-content\/uploads\/2025\/12\/WhatsApp-Image-2025-12-09-at-2.46.22-PM-800x533.jpeg 800w, https:\/\/www.fiscaliadecuentas.gob.pa\/wp-content\/uploads\/2025\/12\/WhatsApp-Image-2025-12-09-at-2.46.22-PM-1280x853.jpeg 1280w, https:\/\/www.fiscaliadecuentas.gob.pa\/wp-content\/uploads\/2025\/12\/WhatsApp-Image-2025-12-09-at-2.46.22-PM.jpeg 1600w\" sizes=\"auto, (max-width: 1030px) 100vw, 1030px\" \/><\/a><\/figure>\n\n\n\n<figure class=\"wp-block-image size-large\"><a href=\"https:\/\/www.fiscaliadecuentas.gob.pa\/wp-content\/uploads\/2025\/12\/WhatsApp-Image-2025-12-09-at-2.46.19-PM-1.jpeg\"><img loading=\"lazy\" decoding=\"async\" width=\"1030\" height=\"687\" src=\"https:\/\/www.fiscaliadecuentas.gob.pa\/wp-content\/uploads\/2025\/12\/WhatsApp-Image-2025-12-09-at-2.46.19-PM-1-1030x687.jpeg\" alt=\"\" class=\"wp-image-40341\" srcset=\"https:\/\/www.fiscaliadecuentas.gob.pa\/wp-content\/uploads\/2025\/12\/WhatsApp-Image-2025-12-09-at-2.46.19-PM-1-1030x687.jpeg 1030w, https:\/\/www.fiscaliadecuentas.gob.pa\/wp-content\/uploads\/2025\/12\/WhatsApp-Image-2025-12-09-at-2.46.19-PM-1-300x200.jpeg 300w, https:\/\/www.fiscaliadecuentas.gob.pa\/wp-content\/uploads\/2025\/12\/WhatsApp-Image-2025-12-09-at-2.46.19-PM-1-768x512.jpeg 768w, https:\/\/www.fiscaliadecuentas.gob.pa\/wp-content\/uploads\/2025\/12\/WhatsApp-Image-2025-12-09-at-2.46.19-PM-1-705x470.jpeg 705w, https:\/\/www.fiscaliadecuentas.gob.pa\/wp-content\/uploads\/2025\/12\/WhatsApp-Image-2025-12-09-at-2.46.19-PM-1-500x334.jpeg 500w, https:\/\/www.fiscaliadecuentas.gob.pa\/wp-content\/uploads\/2025\/12\/WhatsApp-Image-2025-12-09-at-2.46.19-PM-1-800x534.jpeg 800w, https:\/\/www.fiscaliadecuentas.gob.pa\/wp-content\/uploads\/2025\/12\/WhatsApp-Image-2025-12-09-at-2.46.19-PM-1.jpeg 1280w\" sizes=\"auto, (max-width: 1030px) 100vw, 1030px\" \/><\/a><\/figure>\n\n\n\n<figure class=\"wp-block-image size-large\"><a href=\"https:\/\/www.fiscaliadecuentas.gob.pa\/wp-content\/uploads\/2025\/12\/WhatsApp-Image-2025-12-09-at-2.54.28-PM.jpeg\"><img loading=\"lazy\" decoding=\"async\" width=\"1030\" height=\"687\" src=\"https:\/\/www.fiscaliadecuentas.gob.pa\/wp-content\/uploads\/2025\/12\/WhatsApp-Image-2025-12-09-at-2.54.28-PM-1030x687.jpeg\" alt=\"\" class=\"wp-image-40342\" srcset=\"https:\/\/www.fiscaliadecuentas.gob.pa\/wp-content\/uploads\/2025\/12\/WhatsApp-Image-2025-12-09-at-2.54.28-PM-1030x687.jpeg 1030w, https:\/\/www.fiscaliadecuentas.gob.pa\/wp-content\/uploads\/2025\/12\/WhatsApp-Image-2025-12-09-at-2.54.28-PM-300x200.jpeg 300w, https:\/\/www.fiscaliadecuentas.gob.pa\/wp-content\/uploads\/2025\/12\/WhatsApp-Image-2025-12-09-at-2.54.28-PM-768x512.jpeg 768w, https:\/\/www.fiscaliadecuentas.gob.pa\/wp-content\/uploads\/2025\/12\/WhatsApp-Image-2025-12-09-at-2.54.28-PM-705x470.jpeg 705w, https:\/\/www.fiscaliadecuentas.gob.pa\/wp-content\/uploads\/2025\/12\/WhatsApp-Image-2025-12-09-at-2.54.28-PM-500x334.jpeg 500w, https:\/\/www.fiscaliadecuentas.gob.pa\/wp-content\/uploads\/2025\/12\/WhatsApp-Image-2025-12-09-at-2.54.28-PM-800x534.jpeg 800w, https:\/\/www.fiscaliadecuentas.gob.pa\/wp-content\/uploads\/2025\/12\/WhatsApp-Image-2025-12-09-at-2.54.28-PM.jpeg 1280w\" sizes=\"auto, (max-width: 1030px) 100vw, 1030px\" \/><\/a><\/figure>\n\n\n\n<figure class=\"wp-block-image size-large\"><a href=\"https:\/\/www.fiscaliadecuentas.gob.pa\/wp-content\/uploads\/2025\/12\/WhatsApp-Image-2025-12-09-at-2.46.19-PM.jpeg\"><img loading=\"lazy\" decoding=\"async\" width=\"1030\" height=\"687\" src=\"https:\/\/www.fiscaliadecuentas.gob.pa\/wp-content\/uploads\/2025\/12\/WhatsApp-Image-2025-12-09-at-2.46.19-PM-1030x687.jpeg\" alt=\"\" class=\"wp-image-40343\" srcset=\"https:\/\/www.fiscaliadecuentas.gob.pa\/wp-content\/uploads\/2025\/12\/WhatsApp-Image-2025-12-09-at-2.46.19-PM-1030x687.jpeg 1030w, https:\/\/www.fiscaliadecuentas.gob.pa\/wp-content\/uploads\/2025\/12\/WhatsApp-Image-2025-12-09-at-2.46.19-PM-300x200.jpeg 300w, https:\/\/www.fiscaliadecuentas.gob.pa\/wp-content\/uploads\/2025\/12\/WhatsApp-Image-2025-12-09-at-2.46.19-PM-768x512.jpeg 768w, https:\/\/www.fiscaliadecuentas.gob.pa\/wp-content\/uploads\/2025\/12\/WhatsApp-Image-2025-12-09-at-2.46.19-PM-705x470.jpeg 705w, https:\/\/www.fiscaliadecuentas.gob.pa\/wp-content\/uploads\/2025\/12\/WhatsApp-Image-2025-12-09-at-2.46.19-PM-500x334.jpeg 500w, https:\/\/www.fiscaliadecuentas.gob.pa\/wp-content\/uploads\/2025\/12\/WhatsApp-Image-2025-12-09-at-2.46.19-PM-800x534.jpeg 800w, https:\/\/www.fiscaliadecuentas.gob.pa\/wp-content\/uploads\/2025\/12\/WhatsApp-Image-2025-12-09-at-2.46.19-PM.jpeg 1280w\" sizes=\"auto, (max-width: 1030px) 100vw, 1030px\" \/><\/a><\/figure>\n","protected":false},"excerpt":{"rendered":"<p>\u201cUnidos con los J\u00f3venes Contra la Corrupci\u00f3n\u201d, fue el tema de la jornada de instrucci\u00f3n que llev\u00f3 a cabo la Oficina de las Naciones Unidas contra la Droga y el [&hellip;]<\/p>\n","protected":false},"author":4,"featured_media":40343,"comment_status":"closed","ping_status":"closed","sticky":false,"template":"","format":"standard","meta":{"_EventAllDay":false,"_EventTimezone":"","_EventStartDate":"","_EventEndDate":"","_EventStartDateUTC":"","_EventEndDateUTC":"","_EventShowMap":false,"_EventShowMapLink":false,"_EventURL":"","_EventCost":"","_EventCostDescription":"","_EventCurrencySymbol":"","_EventCurrencyCode":"","_EventCurrencyPosition":"","_EventDateTimeSeparator":"","_EventTimeRangeSeparator":"","_EventOrganizerID":[],"_EventVenueID":[],"_OrganizerEmail":"","_OrganizerPhone":"","_OrganizerWebsite":"","_VenueAddress":"","_VenueCity":"","_VenueCountry":"","_VenueProvince":"","_VenueState":"","_VenueZip":"","_VenuePhone":"","_VenueURL":"","_VenueStateProvince":"","_VenueLat":"","_VenueLng":"","_VenueShowMap":false,"_VenueShowMapLink":false,"footnotes":""},"categories":[1],"tags":[],"class_list":["post-40337","post","type-post","status-publish","format-standard","has-post-thumbnail","hentry","category-noticias"],"_links":{"self":[{"href":"https:\/\/www.fiscaliadecuentas.gob.pa\/index.php?rest_route=\/wp\/v2\/posts\/40337","targetHints":{"allow":["GET"]}}],"collection":[{"href":"https:\/\/www.fiscaliadecuentas.gob.pa\/index.php?rest_route=\/wp\/v2\/posts"}],"about":[{"href":"https:\/\/www.fiscaliadecuentas.gob.pa\/index.php?rest_route=\/wp\/v2\/types\/post"}],"author":[{"embeddable":true,"href":"https:\/\/www.fiscaliadecuentas.gob.pa\/index.php?rest_route=\/wp\/v2\/users\/4"}],"replies":[{"embeddable":true,"href":"https:\/\/www.fiscaliadecuentas.gob.pa\/index.php?rest_route=%2Fwp%2Fv2%2Fcomments&post=40337"}],"version-history":[{"count":1,"href":"https:\/\/www.fiscaliadecuentas.gob.pa\/index.php?rest_route=\/wp\/v2\/posts\/40337\/revisions"}],"predecessor-version":[{"id":40344,"href":"https:\/\/www.fiscaliadecuentas.gob.pa\/index.php?rest_route=\/wp\/v2\/posts\/40337\/revisions\/40344"}],"wp:featuredmedia":[{"embeddable":true,"href":"https:\/\/www.fiscaliadecuentas.gob.pa\/index.php?rest_route=\/wp\/v2\/media\/40343"}],"wp:attachment":[{"href":"https:\/\/www.fiscaliadecuentas.gob.pa\/index.php?rest_route=%2Fwp%2Fv2%2Fmedia&parent=40337"}],"wp:term":[{"taxonomy":"category","embeddable":true,"href":"https:\/\/www.fiscaliadecuentas.gob.pa\/index.php?rest_route=%2Fwp%2Fv2%2Fcategories&post=40337"},{"taxonomy":"post_tag","embeddable":true,"href":"https:\/\/www.fiscaliadecuentas.gob.pa\/index.php?rest_route=%2Fwp%2Fv2%2Ftags&post=40337"}],"curies":[{"name":"wp","href":"https:\/\/api.w.org\/{rel}","templated":true}]}}