{"id":40449,"date":"2026-01-13T13:21:25","date_gmt":"2026-01-13T18:21:25","guid":{"rendered":"https:\/\/www.fiscaliadecuentas.gob.pa\/?p=40449"},"modified":"2026-01-13T13:21:35","modified_gmt":"2026-01-13T18:21:35","slug":"fiscalia-general-de-cuentas-prosigue-con-su-labor-social-con-el-cuerpo-de-bomberos-de-panama","status":"publish","type":"post","link":"https:\/\/www.fiscaliadecuentas.gob.pa\/?p=40449","title":{"rendered":"Fiscal\u00eda General de Cuentas prosigue con su labor social con el Cuerpo de Bomberos de Panam\u00e1"},"content":{"rendered":"\n<figure class=\"wp-block-image size-large\"><a href=\"https:\/\/www.fiscaliadecuentas.gob.pa\/wp-content\/uploads\/2026\/01\/WhatsApp-Image-2026-01-13-at-11.07.37-AM-2.jpeg\"><img loading=\"lazy\" decoding=\"async\" width=\"1030\" height=\"687\" src=\"https:\/\/www.fiscaliadecuentas.gob.pa\/wp-content\/uploads\/2026\/01\/WhatsApp-Image-2026-01-13-at-11.07.37-AM-2-1030x687.jpeg\" alt=\"\" class=\"wp-image-40450\" srcset=\"https:\/\/www.fiscaliadecuentas.gob.pa\/wp-content\/uploads\/2026\/01\/WhatsApp-Image-2026-01-13-at-11.07.37-AM-2-1030x687.jpeg 1030w, https:\/\/www.fiscaliadecuentas.gob.pa\/wp-content\/uploads\/2026\/01\/WhatsApp-Image-2026-01-13-at-11.07.37-AM-2-300x200.jpeg 300w, https:\/\/www.fiscaliadecuentas.gob.pa\/wp-content\/uploads\/2026\/01\/WhatsApp-Image-2026-01-13-at-11.07.37-AM-2-768x512.jpeg 768w, https:\/\/www.fiscaliadecuentas.gob.pa\/wp-content\/uploads\/2026\/01\/WhatsApp-Image-2026-01-13-at-11.07.37-AM-2-705x470.jpeg 705w, https:\/\/www.fiscaliadecuentas.gob.pa\/wp-content\/uploads\/2026\/01\/WhatsApp-Image-2026-01-13-at-11.07.37-AM-2-500x334.jpeg 500w, https:\/\/www.fiscaliadecuentas.gob.pa\/wp-content\/uploads\/2026\/01\/WhatsApp-Image-2026-01-13-at-11.07.37-AM-2-800x534.jpeg 800w, https:\/\/www.fiscaliadecuentas.gob.pa\/wp-content\/uploads\/2026\/01\/WhatsApp-Image-2026-01-13-at-11.07.37-AM-2.jpeg 1280w\" sizes=\"auto, (max-width: 1030px) 100vw, 1030px\" \/><\/a><\/figure>\n\n\n<p style=\"text-align: justify;\">La Fiscal\u00eda General de Cuentas prosigue con su labor social interinstitucional con la donaci\u00f3n de un veh\u00edculo tipo panel, al Benem\u00e9rito Cuerpo de Bomberos de Panam\u00e1.<\/p>\n<p style=\"text-align: justify;\">El bien dej\u00f3 ser funcional para la instituci\u00f3n, por lo que ahora pasar\u00e1 a ser, para los camisas rojas, una herramienta clave para robustecer las capacidades de respuesta ante emergencias, desastres naturales y acciones de asistencia humanitaria. Es importante indicar que la donaci\u00f3n fue verificada por funcionarios de la Direcci\u00f3n de Bienes Patrimoniales del Ministerio de Econom\u00eda y Finanzas y la Direcci\u00f3n de Fiscalizaci\u00f3n General de la Contralor\u00eda General de la Rep\u00fablica.<\/p>\n<p style=\"text-align: justify;\">\u201cEsta donaci\u00f3n que nos est\u00e1 entregando hoy el fiscal general Jaime Barroso, es fundamental para el desplazamiento de las unidades; estamos comprometidos en poder utilizar esta herramienta para el transporte de equipos y materiales peligrosos\u201d, dijo Gonzalo Chan, subdirector general de la entidad de seguridad ciudadana.<\/p>\n\n\n<figure class=\"wp-block-gallery has-nested-images columns-default is-cropped wp-block-gallery-1 is-layout-flex wp-block-gallery-is-layout-flex\">\n<figure class=\"wp-block-image size-large\"><a href=\"https:\/\/www.fiscaliadecuentas.gob.pa\/wp-content\/uploads\/2026\/01\/WhatsApp-Image-2026-01-13-at-11.07.38-AM-2.jpeg\"><img loading=\"lazy\" decoding=\"async\" width=\"1030\" height=\"687\" data-id=\"40451\" src=\"https:\/\/www.fiscaliadecuentas.gob.pa\/wp-content\/uploads\/2026\/01\/WhatsApp-Image-2026-01-13-at-11.07.38-AM-2-1030x687.jpeg\" alt=\"\" class=\"wp-image-40451\" srcset=\"https:\/\/www.fiscaliadecuentas.gob.pa\/wp-content\/uploads\/2026\/01\/WhatsApp-Image-2026-01-13-at-11.07.38-AM-2-1030x687.jpeg 1030w, https:\/\/www.fiscaliadecuentas.gob.pa\/wp-content\/uploads\/2026\/01\/WhatsApp-Image-2026-01-13-at-11.07.38-AM-2-300x200.jpeg 300w, https:\/\/www.fiscaliadecuentas.gob.pa\/wp-content\/uploads\/2026\/01\/WhatsApp-Image-2026-01-13-at-11.07.38-AM-2-768x512.jpeg 768w, https:\/\/www.fiscaliadecuentas.gob.pa\/wp-content\/uploads\/2026\/01\/WhatsApp-Image-2026-01-13-at-11.07.38-AM-2-705x470.jpeg 705w, https:\/\/www.fiscaliadecuentas.gob.pa\/wp-content\/uploads\/2026\/01\/WhatsApp-Image-2026-01-13-at-11.07.38-AM-2-500x334.jpeg 500w, https:\/\/www.fiscaliadecuentas.gob.pa\/wp-content\/uploads\/2026\/01\/WhatsApp-Image-2026-01-13-at-11.07.38-AM-2-800x534.jpeg 800w, https:\/\/www.fiscaliadecuentas.gob.pa\/wp-content\/uploads\/2026\/01\/WhatsApp-Image-2026-01-13-at-11.07.38-AM-2.jpeg 1280w\" sizes=\"auto, (max-width: 1030px) 100vw, 1030px\" \/><\/a><\/figure>\n<\/figure>\n\n\n\n<figure class=\"wp-block-image size-large\"><a href=\"https:\/\/www.fiscaliadecuentas.gob.pa\/wp-content\/uploads\/2026\/01\/WhatsApp-Image-2026-01-13-at-11.07.37-AM-3.jpeg\"><img loading=\"lazy\" decoding=\"async\" width=\"1030\" height=\"687\" src=\"https:\/\/www.fiscaliadecuentas.gob.pa\/wp-content\/uploads\/2026\/01\/WhatsApp-Image-2026-01-13-at-11.07.37-AM-3-1030x687.jpeg\" alt=\"\" class=\"wp-image-40452\" srcset=\"https:\/\/www.fiscaliadecuentas.gob.pa\/wp-content\/uploads\/2026\/01\/WhatsApp-Image-2026-01-13-at-11.07.37-AM-3-1030x687.jpeg 1030w, https:\/\/www.fiscaliadecuentas.gob.pa\/wp-content\/uploads\/2026\/01\/WhatsApp-Image-2026-01-13-at-11.07.37-AM-3-300x200.jpeg 300w, https:\/\/www.fiscaliadecuentas.gob.pa\/wp-content\/uploads\/2026\/01\/WhatsApp-Image-2026-01-13-at-11.07.37-AM-3-768x512.jpeg 768w, https:\/\/www.fiscaliadecuentas.gob.pa\/wp-content\/uploads\/2026\/01\/WhatsApp-Image-2026-01-13-at-11.07.37-AM-3-705x470.jpeg 705w, https:\/\/www.fiscaliadecuentas.gob.pa\/wp-content\/uploads\/2026\/01\/WhatsApp-Image-2026-01-13-at-11.07.37-AM-3-500x334.jpeg 500w, https:\/\/www.fiscaliadecuentas.gob.pa\/wp-content\/uploads\/2026\/01\/WhatsApp-Image-2026-01-13-at-11.07.37-AM-3-800x534.jpeg 800w, https:\/\/www.fiscaliadecuentas.gob.pa\/wp-content\/uploads\/2026\/01\/WhatsApp-Image-2026-01-13-at-11.07.37-AM-3.jpeg 1280w\" sizes=\"auto, (max-width: 1030px) 100vw, 1030px\" \/><\/a><\/figure>\n\n\n\n<figure class=\"wp-block-image size-large\"><a href=\"https:\/\/www.fiscaliadecuentas.gob.pa\/wp-content\/uploads\/2026\/01\/WhatsApp-Image-2026-01-13-at-11.07.38-AM-4.jpeg\"><img loading=\"lazy\" decoding=\"async\" width=\"1030\" height=\"687\" src=\"https:\/\/www.fiscaliadecuentas.gob.pa\/wp-content\/uploads\/2026\/01\/WhatsApp-Image-2026-01-13-at-11.07.38-AM-4-1030x687.jpeg\" alt=\"\" class=\"wp-image-40453\" srcset=\"https:\/\/www.fiscaliadecuentas.gob.pa\/wp-content\/uploads\/2026\/01\/WhatsApp-Image-2026-01-13-at-11.07.38-AM-4-1030x687.jpeg 1030w, https:\/\/www.fiscaliadecuentas.gob.pa\/wp-content\/uploads\/2026\/01\/WhatsApp-Image-2026-01-13-at-11.07.38-AM-4-300x200.jpeg 300w, https:\/\/www.fiscaliadecuentas.gob.pa\/wp-content\/uploads\/2026\/01\/WhatsApp-Image-2026-01-13-at-11.07.38-AM-4-768x512.jpeg 768w, https:\/\/www.fiscaliadecuentas.gob.pa\/wp-content\/uploads\/2026\/01\/WhatsApp-Image-2026-01-13-at-11.07.38-AM-4-705x470.jpeg 705w, https:\/\/www.fiscaliadecuentas.gob.pa\/wp-content\/uploads\/2026\/01\/WhatsApp-Image-2026-01-13-at-11.07.38-AM-4-500x334.jpeg 500w, https:\/\/www.fiscaliadecuentas.gob.pa\/wp-content\/uploads\/2026\/01\/WhatsApp-Image-2026-01-13-at-11.07.38-AM-4-800x534.jpeg 800w, https:\/\/www.fiscaliadecuentas.gob.pa\/wp-content\/uploads\/2026\/01\/WhatsApp-Image-2026-01-13-at-11.07.38-AM-4.jpeg 1280w\" sizes=\"auto, (max-width: 1030px) 100vw, 1030px\" \/><\/a><\/figure>\n","protected":false},"excerpt":{"rendered":"<p>La Fiscal\u00eda General de Cuentas prosigue con su labor social interinstitucional con la donaci\u00f3n de un veh\u00edculo tipo panel, al Benem\u00e9rito Cuerpo de Bomberos de Panam\u00e1. El bien dej\u00f3 ser [&hellip;]<\/p>\n","protected":false},"author":4,"featured_media":40450,"comment_status":"closed","ping_status":"closed","sticky":false,"template":"","format":"standard","meta":{"_EventAllDay":false,"_EventTimezone":"","_EventStartDate":"","_EventEndDate":"","_EventStartDateUTC":"","_EventEndDateUTC":"","_EventShowMap":false,"_EventShowMapLink":false,"_EventURL":"","_EventCost":"","_EventCostDescription":"","_EventCurrencySymbol":"","_EventCurrencyCode":"","_EventCurrencyPosition":"","_EventDateTimeSeparator":"","_EventTimeRangeSeparator":"","_EventOrganizerID":[],"_EventVenueID":[],"_OrganizerEmail":"","_OrganizerPhone":"","_OrganizerWebsite":"","_VenueAddress":"","_VenueCity":"","_VenueCountry":"","_VenueProvince":"","_VenueState":"","_VenueZip":"","_VenuePhone":"","_VenueURL":"","_VenueStateProvince":"","_VenueLat":"","_VenueLng":"","_VenueShowMap":false,"_VenueShowMapLink":false,"footnotes":""},"categories":[1],"tags":[],"class_list":["post-40449","post","type-post","status-publish","format-standard","has-post-thumbnail","hentry","category-noticias"],"_links":{"self":[{"href":"https:\/\/www.fiscaliadecuentas.gob.pa\/index.php?rest_route=\/wp\/v2\/posts\/40449","targetHints":{"allow":["GET"]}}],"collection":[{"href":"https:\/\/www.fiscaliadecuentas.gob.pa\/index.php?rest_route=\/wp\/v2\/posts"}],"about":[{"href":"https:\/\/www.fiscaliadecuentas.gob.pa\/index.php?rest_route=\/wp\/v2\/types\/post"}],"author":[{"embeddable":true,"href":"https:\/\/www.fiscaliadecuentas.gob.pa\/index.php?rest_route=\/wp\/v2\/users\/4"}],"replies":[{"embeddable":true,"href":"https:\/\/www.fiscaliadecuentas.gob.pa\/index.php?rest_route=%2Fwp%2Fv2%2Fcomments&post=40449"}],"version-history":[{"count":2,"href":"https:\/\/www.fiscaliadecuentas.gob.pa\/index.php?rest_route=\/wp\/v2\/posts\/40449\/revisions"}],"predecessor-version":[{"id":40455,"href":"https:\/\/www.fiscaliadecuentas.gob.pa\/index.php?rest_route=\/wp\/v2\/posts\/40449\/revisions\/40455"}],"wp:featuredmedia":[{"embeddable":true,"href":"https:\/\/www.fiscaliadecuentas.gob.pa\/index.php?rest_route=\/wp\/v2\/media\/40450"}],"wp:attachment":[{"href":"https:\/\/www.fiscaliadecuentas.gob.pa\/index.php?rest_route=%2Fwp%2Fv2%2Fmedia&parent=40449"}],"wp:term":[{"taxonomy":"category","embeddable":true,"href":"https:\/\/www.fiscaliadecuentas.gob.pa\/index.php?rest_route=%2Fwp%2Fv2%2Fcategories&post=40449"},{"taxonomy":"post_tag","embeddable":true,"href":"https:\/\/www.fiscaliadecuentas.gob.pa\/index.php?rest_route=%2Fwp%2Fv2%2Ftags&post=40449"}],"curies":[{"name":"wp","href":"https:\/\/api.w.org\/{rel}","templated":true}]}}