{"id":40478,"date":"2026-01-15T09:28:12","date_gmt":"2026-01-15T14:28:12","guid":{"rendered":"https:\/\/www.fiscaliadecuentas.gob.pa\/?p=40478"},"modified":"2026-01-28T09:14:39","modified_gmt":"2026-01-28T14:14:39","slug":"funcionarios-de-la-fiscalia-general-de-cuentas-dona-canastillas-en-xvii-aniversario","status":"publish","type":"post","link":"https:\/\/www.fiscaliadecuentas.gob.pa\/?p=40478","title":{"rendered":"Funcionarios de la Fiscal\u00eda General de Cuentas dona canastillas en XVII aniversario"},"content":{"rendered":"\n<figure class=\"wp-block-image size-large\"><a href=\"https:\/\/www.fiscaliadecuentas.gob.pa\/wp-content\/uploads\/2026\/01\/WhatsApp-Image-2026-01-14-at-11.15.57-AM-1.jpeg\"><img loading=\"lazy\" decoding=\"async\" width=\"1030\" height=\"687\" src=\"https:\/\/www.fiscaliadecuentas.gob.pa\/wp-content\/uploads\/2026\/01\/WhatsApp-Image-2026-01-14-at-11.15.57-AM-1-1030x687.jpeg\" alt=\"\" class=\"wp-image-40479\" srcset=\"https:\/\/www.fiscaliadecuentas.gob.pa\/wp-content\/uploads\/2026\/01\/WhatsApp-Image-2026-01-14-at-11.15.57-AM-1-1030x687.jpeg 1030w, https:\/\/www.fiscaliadecuentas.gob.pa\/wp-content\/uploads\/2026\/01\/WhatsApp-Image-2026-01-14-at-11.15.57-AM-1-300x200.jpeg 300w, https:\/\/www.fiscaliadecuentas.gob.pa\/wp-content\/uploads\/2026\/01\/WhatsApp-Image-2026-01-14-at-11.15.57-AM-1-768x512.jpeg 768w, https:\/\/www.fiscaliadecuentas.gob.pa\/wp-content\/uploads\/2026\/01\/WhatsApp-Image-2026-01-14-at-11.15.57-AM-1-705x470.jpeg 705w, https:\/\/www.fiscaliadecuentas.gob.pa\/wp-content\/uploads\/2026\/01\/WhatsApp-Image-2026-01-14-at-11.15.57-AM-1-500x334.jpeg 500w, https:\/\/www.fiscaliadecuentas.gob.pa\/wp-content\/uploads\/2026\/01\/WhatsApp-Image-2026-01-14-at-11.15.57-AM-1-800x534.jpeg 800w, https:\/\/www.fiscaliadecuentas.gob.pa\/wp-content\/uploads\/2026\/01\/WhatsApp-Image-2026-01-14-at-11.15.57-AM-1.jpeg 1280w\" sizes=\"auto, (max-width: 1030px) 100vw, 1030px\" \/><\/a><\/figure>\n\n\n<p style=\"text-align: justify;\">Funcionarios de la Fiscal\u00eda de Cuentas, hicieron entrega de canastillas a dos bebes nacidos en la maternidad, del Hospital Santo Tom\u00e1s, dentro del marco de las actividades alusivas al d\u00e9cimo s\u00e9ptimo aniversario de la entrada en vigor de la ley que crea la Jurisdicci\u00f3n de Cuentas.\u00a0<\/p>\n<p style=\"text-align: justify;\">Noah Gabriel y G\u00e9nesis, cuyos nacimientos se registraron el 13 y 14 de enero, respectivamente, recibieron junto a sus madres, sendas canastas, dotadas con diversos art\u00edculos, entre ellos, pa\u00f1ales desechables, ropa, sabanillas, toallitas, mamaderas, broches y pa\u00f1itos h\u00famedos, entre otros.<\/p>\n<p style=\"text-align: justify;\">Los art\u00edculos fueron entregados por Yamileth Atencio Cede\u00f1o, secretaria general; Biodys Cede\u00f1o, secretaria de Administraci\u00f3n y Finanzas; Abelardo Mu\u00f1oz, jefe de Recursos Humanos y Ronny Ramos, jefe de Asesor\u00eda Legal, en representaci\u00f3n de todo el personal de la instituci\u00f3n.<\/p>\n<p style=\"text-align: justify;\">Ambas madres mostraron su complacencia y agradecimiento por los obsequios recibidos, puesto que son de escasos recursos econ\u00f3micos.<\/p>\n\n\n<figure class=\"wp-block-image size-large\"><a href=\"https:\/\/www.fiscaliadecuentas.gob.pa\/wp-content\/uploads\/2026\/01\/WhatsApp-Image-2026-01-14-at-11.15.58-AM-3.jpeg\"><img loading=\"lazy\" decoding=\"async\" width=\"1030\" height=\"687\" src=\"https:\/\/www.fiscaliadecuentas.gob.pa\/wp-content\/uploads\/2026\/01\/WhatsApp-Image-2026-01-14-at-11.15.58-AM-3-1030x687.jpeg\" alt=\"\" class=\"wp-image-40480\" srcset=\"https:\/\/www.fiscaliadecuentas.gob.pa\/wp-content\/uploads\/2026\/01\/WhatsApp-Image-2026-01-14-at-11.15.58-AM-3-1030x687.jpeg 1030w, https:\/\/www.fiscaliadecuentas.gob.pa\/wp-content\/uploads\/2026\/01\/WhatsApp-Image-2026-01-14-at-11.15.58-AM-3-300x200.jpeg 300w, https:\/\/www.fiscaliadecuentas.gob.pa\/wp-content\/uploads\/2026\/01\/WhatsApp-Image-2026-01-14-at-11.15.58-AM-3-768x512.jpeg 768w, https:\/\/www.fiscaliadecuentas.gob.pa\/wp-content\/uploads\/2026\/01\/WhatsApp-Image-2026-01-14-at-11.15.58-AM-3-705x470.jpeg 705w, https:\/\/www.fiscaliadecuentas.gob.pa\/wp-content\/uploads\/2026\/01\/WhatsApp-Image-2026-01-14-at-11.15.58-AM-3-500x334.jpeg 500w, https:\/\/www.fiscaliadecuentas.gob.pa\/wp-content\/uploads\/2026\/01\/WhatsApp-Image-2026-01-14-at-11.15.58-AM-3-800x534.jpeg 800w, https:\/\/www.fiscaliadecuentas.gob.pa\/wp-content\/uploads\/2026\/01\/WhatsApp-Image-2026-01-14-at-11.15.58-AM-3.jpeg 1280w\" sizes=\"auto, (max-width: 1030px) 100vw, 1030px\" \/><\/a><\/figure>\n\n\n\n<figure class=\"wp-block-image size-large\"><a href=\"https:\/\/www.fiscaliadecuentas.gob.pa\/wp-content\/uploads\/2026\/01\/WhatsApp-Image-2026-01-14-at-11.15.58-AM-4.jpeg\"><img loading=\"lazy\" decoding=\"async\" width=\"1030\" height=\"687\" src=\"https:\/\/www.fiscaliadecuentas.gob.pa\/wp-content\/uploads\/2026\/01\/WhatsApp-Image-2026-01-14-at-11.15.58-AM-4-1030x687.jpeg\" alt=\"\" class=\"wp-image-40482\" srcset=\"https:\/\/www.fiscaliadecuentas.gob.pa\/wp-content\/uploads\/2026\/01\/WhatsApp-Image-2026-01-14-at-11.15.58-AM-4-1030x687.jpeg 1030w, https:\/\/www.fiscaliadecuentas.gob.pa\/wp-content\/uploads\/2026\/01\/WhatsApp-Image-2026-01-14-at-11.15.58-AM-4-300x200.jpeg 300w, https:\/\/www.fiscaliadecuentas.gob.pa\/wp-content\/uploads\/2026\/01\/WhatsApp-Image-2026-01-14-at-11.15.58-AM-4-768x512.jpeg 768w, https:\/\/www.fiscaliadecuentas.gob.pa\/wp-content\/uploads\/2026\/01\/WhatsApp-Image-2026-01-14-at-11.15.58-AM-4-705x470.jpeg 705w, https:\/\/www.fiscaliadecuentas.gob.pa\/wp-content\/uploads\/2026\/01\/WhatsApp-Image-2026-01-14-at-11.15.58-AM-4-500x334.jpeg 500w, https:\/\/www.fiscaliadecuentas.gob.pa\/wp-content\/uploads\/2026\/01\/WhatsApp-Image-2026-01-14-at-11.15.58-AM-4-800x534.jpeg 800w, https:\/\/www.fiscaliadecuentas.gob.pa\/wp-content\/uploads\/2026\/01\/WhatsApp-Image-2026-01-14-at-11.15.58-AM-4.jpeg 1280w\" sizes=\"auto, (max-width: 1030px) 100vw, 1030px\" \/><\/a><\/figure>\n\n\n\n<figure class=\"wp-block-image size-large\"><a href=\"https:\/\/www.fiscaliadecuentas.gob.pa\/wp-content\/uploads\/2026\/01\/WhatsApp-Image-2026-01-14-at-11.15.58-AM-2.jpeg\"><img loading=\"lazy\" decoding=\"async\" width=\"1030\" height=\"687\" src=\"https:\/\/www.fiscaliadecuentas.gob.pa\/wp-content\/uploads\/2026\/01\/WhatsApp-Image-2026-01-14-at-11.15.58-AM-2-1030x687.jpeg\" alt=\"\" class=\"wp-image-40481\" srcset=\"https:\/\/www.fiscaliadecuentas.gob.pa\/wp-content\/uploads\/2026\/01\/WhatsApp-Image-2026-01-14-at-11.15.58-AM-2-1030x687.jpeg 1030w, https:\/\/www.fiscaliadecuentas.gob.pa\/wp-content\/uploads\/2026\/01\/WhatsApp-Image-2026-01-14-at-11.15.58-AM-2-300x200.jpeg 300w, https:\/\/www.fiscaliadecuentas.gob.pa\/wp-content\/uploads\/2026\/01\/WhatsApp-Image-2026-01-14-at-11.15.58-AM-2-768x512.jpeg 768w, https:\/\/www.fiscaliadecuentas.gob.pa\/wp-content\/uploads\/2026\/01\/WhatsApp-Image-2026-01-14-at-11.15.58-AM-2-705x470.jpeg 705w, https:\/\/www.fiscaliadecuentas.gob.pa\/wp-content\/uploads\/2026\/01\/WhatsApp-Image-2026-01-14-at-11.15.58-AM-2-500x334.jpeg 500w, https:\/\/www.fiscaliadecuentas.gob.pa\/wp-content\/uploads\/2026\/01\/WhatsApp-Image-2026-01-14-at-11.15.58-AM-2-800x534.jpeg 800w, https:\/\/www.fiscaliadecuentas.gob.pa\/wp-content\/uploads\/2026\/01\/WhatsApp-Image-2026-01-14-at-11.15.58-AM-2.jpeg 1280w\" sizes=\"auto, (max-width: 1030px) 100vw, 1030px\" \/><\/a><\/figure>\n\n\n\n<figure class=\"wp-block-image size-large\"><a href=\"https:\/\/www.fiscaliadecuentas.gob.pa\/wp-content\/uploads\/2026\/01\/WhatsApp-Image-2026-01-14-at-11.15.59-AM.jpeg\"><img loading=\"lazy\" decoding=\"async\" width=\"1030\" height=\"687\" src=\"https:\/\/www.fiscaliadecuentas.gob.pa\/wp-content\/uploads\/2026\/01\/WhatsApp-Image-2026-01-14-at-11.15.59-AM-1030x687.jpeg\" alt=\"\" class=\"wp-image-40484\" srcset=\"https:\/\/www.fiscaliadecuentas.gob.pa\/wp-content\/uploads\/2026\/01\/WhatsApp-Image-2026-01-14-at-11.15.59-AM-1030x687.jpeg 1030w, https:\/\/www.fiscaliadecuentas.gob.pa\/wp-content\/uploads\/2026\/01\/WhatsApp-Image-2026-01-14-at-11.15.59-AM-300x200.jpeg 300w, https:\/\/www.fiscaliadecuentas.gob.pa\/wp-content\/uploads\/2026\/01\/WhatsApp-Image-2026-01-14-at-11.15.59-AM-768x512.jpeg 768w, https:\/\/www.fiscaliadecuentas.gob.pa\/wp-content\/uploads\/2026\/01\/WhatsApp-Image-2026-01-14-at-11.15.59-AM-705x470.jpeg 705w, https:\/\/www.fiscaliadecuentas.gob.pa\/wp-content\/uploads\/2026\/01\/WhatsApp-Image-2026-01-14-at-11.15.59-AM-500x334.jpeg 500w, https:\/\/www.fiscaliadecuentas.gob.pa\/wp-content\/uploads\/2026\/01\/WhatsApp-Image-2026-01-14-at-11.15.59-AM-800x534.jpeg 800w, https:\/\/www.fiscaliadecuentas.gob.pa\/wp-content\/uploads\/2026\/01\/WhatsApp-Image-2026-01-14-at-11.15.59-AM.jpeg 1280w\" sizes=\"auto, (max-width: 1030px) 100vw, 1030px\" \/><\/a><\/figure>\n\n\n\n<figure class=\"wp-block-image size-large\"><a href=\"https:\/\/www.fiscaliadecuentas.gob.pa\/wp-content\/uploads\/2026\/01\/WhatsApp-Image-2026-01-14-at-11.15.57-AM.jpeg\"><img loading=\"lazy\" decoding=\"async\" width=\"1030\" height=\"687\" src=\"https:\/\/www.fiscaliadecuentas.gob.pa\/wp-content\/uploads\/2026\/01\/WhatsApp-Image-2026-01-14-at-11.15.57-AM-1030x687.jpeg\" alt=\"\" class=\"wp-image-40485\" srcset=\"https:\/\/www.fiscaliadecuentas.gob.pa\/wp-content\/uploads\/2026\/01\/WhatsApp-Image-2026-01-14-at-11.15.57-AM-1030x687.jpeg 1030w, https:\/\/www.fiscaliadecuentas.gob.pa\/wp-content\/uploads\/2026\/01\/WhatsApp-Image-2026-01-14-at-11.15.57-AM-300x200.jpeg 300w, https:\/\/www.fiscaliadecuentas.gob.pa\/wp-content\/uploads\/2026\/01\/WhatsApp-Image-2026-01-14-at-11.15.57-AM-768x512.jpeg 768w, https:\/\/www.fiscaliadecuentas.gob.pa\/wp-content\/uploads\/2026\/01\/WhatsApp-Image-2026-01-14-at-11.15.57-AM-705x470.jpeg 705w, https:\/\/www.fiscaliadecuentas.gob.pa\/wp-content\/uploads\/2026\/01\/WhatsApp-Image-2026-01-14-at-11.15.57-AM-500x334.jpeg 500w, https:\/\/www.fiscaliadecuentas.gob.pa\/wp-content\/uploads\/2026\/01\/WhatsApp-Image-2026-01-14-at-11.15.57-AM-800x534.jpeg 800w, https:\/\/www.fiscaliadecuentas.gob.pa\/wp-content\/uploads\/2026\/01\/WhatsApp-Image-2026-01-14-at-11.15.57-AM.jpeg 1280w\" sizes=\"auto, (max-width: 1030px) 100vw, 1030px\" \/><\/a><\/figure>\n\n\n\n<figure class=\"wp-block-image size-large\"><a href=\"https:\/\/www.fiscaliadecuentas.gob.pa\/wp-content\/uploads\/2026\/01\/WhatsApp-Image-2026-01-14-at-11.15.58-AM.jpeg\"><img loading=\"lazy\" decoding=\"async\" width=\"1030\" height=\"687\" src=\"https:\/\/www.fiscaliadecuentas.gob.pa\/wp-content\/uploads\/2026\/01\/WhatsApp-Image-2026-01-14-at-11.15.58-AM-1030x687.jpeg\" alt=\"\" class=\"wp-image-40486\" srcset=\"https:\/\/www.fiscaliadecuentas.gob.pa\/wp-content\/uploads\/2026\/01\/WhatsApp-Image-2026-01-14-at-11.15.58-AM-1030x687.jpeg 1030w, https:\/\/www.fiscaliadecuentas.gob.pa\/wp-content\/uploads\/2026\/01\/WhatsApp-Image-2026-01-14-at-11.15.58-AM-300x200.jpeg 300w, https:\/\/www.fiscaliadecuentas.gob.pa\/wp-content\/uploads\/2026\/01\/WhatsApp-Image-2026-01-14-at-11.15.58-AM-768x512.jpeg 768w, https:\/\/www.fiscaliadecuentas.gob.pa\/wp-content\/uploads\/2026\/01\/WhatsApp-Image-2026-01-14-at-11.15.58-AM-705x470.jpeg 705w, https:\/\/www.fiscaliadecuentas.gob.pa\/wp-content\/uploads\/2026\/01\/WhatsApp-Image-2026-01-14-at-11.15.58-AM-500x334.jpeg 500w, https:\/\/www.fiscaliadecuentas.gob.pa\/wp-content\/uploads\/2026\/01\/WhatsApp-Image-2026-01-14-at-11.15.58-AM-800x534.jpeg 800w, https:\/\/www.fiscaliadecuentas.gob.pa\/wp-content\/uploads\/2026\/01\/WhatsApp-Image-2026-01-14-at-11.15.58-AM.jpeg 1280w\" sizes=\"auto, (max-width: 1030px) 100vw, 1030px\" \/><\/a><\/figure>\n","protected":false},"excerpt":{"rendered":"<p>Funcionarios de la Fiscal\u00eda de Cuentas, hicieron entrega de canastillas a dos bebes nacidos en la maternidad, del Hospital Santo Tom\u00e1s, dentro del marco de las actividades alusivas al d\u00e9cimo [&hellip;]<\/p>\n","protected":false},"author":4,"featured_media":40479,"comment_status":"closed","ping_status":"closed","sticky":false,"template":"","format":"standard","meta":{"_EventAllDay":false,"_EventTimezone":"","_EventStartDate":"","_EventEndDate":"","_EventStartDateUTC":"","_EventEndDateUTC":"","_EventShowMap":false,"_EventShowMapLink":false,"_EventURL":"","_EventCost":"","_EventCostDescription":"","_EventCurrencySymbol":"","_EventCurrencyCode":"","_EventCurrencyPosition":"","_EventDateTimeSeparator":"","_EventTimeRangeSeparator":"","_EventOrganizerID":[],"_EventVenueID":[],"_OrganizerEmail":"","_OrganizerPhone":"","_OrganizerWebsite":"","_VenueAddress":"","_VenueCity":"","_VenueCountry":"","_VenueProvince":"","_VenueState":"","_VenueZip":"","_VenuePhone":"","_VenueURL":"","_VenueStateProvince":"","_VenueLat":"","_VenueLng":"","_VenueShowMap":false,"_VenueShowMapLink":false,"footnotes":""},"categories":[1],"tags":[],"class_list":["post-40478","post","type-post","status-publish","format-standard","has-post-thumbnail","hentry","category-noticias"],"_links":{"self":[{"href":"https:\/\/www.fiscaliadecuentas.gob.pa\/index.php?rest_route=\/wp\/v2\/posts\/40478","targetHints":{"allow":["GET"]}}],"collection":[{"href":"https:\/\/www.fiscaliadecuentas.gob.pa\/index.php?rest_route=\/wp\/v2\/posts"}],"about":[{"href":"https:\/\/www.fiscaliadecuentas.gob.pa\/index.php?rest_route=\/wp\/v2\/types\/post"}],"author":[{"embeddable":true,"href":"https:\/\/www.fiscaliadecuentas.gob.pa\/index.php?rest_route=\/wp\/v2\/users\/4"}],"replies":[{"embeddable":true,"href":"https:\/\/www.fiscaliadecuentas.gob.pa\/index.php?rest_route=%2Fwp%2Fv2%2Fcomments&post=40478"}],"version-history":[{"count":3,"href":"https:\/\/www.fiscaliadecuentas.gob.pa\/index.php?rest_route=\/wp\/v2\/posts\/40478\/revisions"}],"predecessor-version":[{"id":40522,"href":"https:\/\/www.fiscaliadecuentas.gob.pa\/index.php?rest_route=\/wp\/v2\/posts\/40478\/revisions\/40522"}],"wp:featuredmedia":[{"embeddable":true,"href":"https:\/\/www.fiscaliadecuentas.gob.pa\/index.php?rest_route=\/wp\/v2\/media\/40479"}],"wp:attachment":[{"href":"https:\/\/www.fiscaliadecuentas.gob.pa\/index.php?rest_route=%2Fwp%2Fv2%2Fmedia&parent=40478"}],"wp:term":[{"taxonomy":"category","embeddable":true,"href":"https:\/\/www.fiscaliadecuentas.gob.pa\/index.php?rest_route=%2Fwp%2Fv2%2Fcategories&post=40478"},{"taxonomy":"post_tag","embeddable":true,"href":"https:\/\/www.fiscaliadecuentas.gob.pa\/index.php?rest_route=%2Fwp%2Fv2%2Ftags&post=40478"}],"curies":[{"name":"wp","href":"https:\/\/api.w.org\/{rel}","templated":true}]}}