{"id":40597,"date":"2026-03-09T16:27:57","date_gmt":"2026-03-09T21:27:57","guid":{"rendered":"https:\/\/www.fiscaliadecuentas.gob.pa\/?p=40597"},"modified":"2026-03-09T16:28:09","modified_gmt":"2026-03-09T21:28:09","slug":"fiscalia-general-de-cuentas-realiza-conferencia-sobre-liderazgo-femenino","status":"publish","type":"post","link":"https:\/\/www.fiscaliadecuentas.gob.pa\/?p=40597","title":{"rendered":"Fiscal\u00eda General de Cuentas realiza conferencia sobre liderazgo femenino"},"content":{"rendered":"\n<figure class=\"wp-block-image size-large\"><a href=\"https:\/\/www.fiscaliadecuentas.gob.pa\/wp-content\/uploads\/2026\/03\/WhatsApp-Image-2026-03-09-at-12.14.55-PM.jpeg\"><img loading=\"lazy\" decoding=\"async\" width=\"1030\" height=\"687\" src=\"https:\/\/www.fiscaliadecuentas.gob.pa\/wp-content\/uploads\/2026\/03\/WhatsApp-Image-2026-03-09-at-12.14.55-PM-1030x687.jpeg\" alt=\"\" class=\"wp-image-40598\" srcset=\"https:\/\/www.fiscaliadecuentas.gob.pa\/wp-content\/uploads\/2026\/03\/WhatsApp-Image-2026-03-09-at-12.14.55-PM-1030x687.jpeg 1030w, https:\/\/www.fiscaliadecuentas.gob.pa\/wp-content\/uploads\/2026\/03\/WhatsApp-Image-2026-03-09-at-12.14.55-PM-300x200.jpeg 300w, https:\/\/www.fiscaliadecuentas.gob.pa\/wp-content\/uploads\/2026\/03\/WhatsApp-Image-2026-03-09-at-12.14.55-PM-768x512.jpeg 768w, https:\/\/www.fiscaliadecuentas.gob.pa\/wp-content\/uploads\/2026\/03\/WhatsApp-Image-2026-03-09-at-12.14.55-PM-705x470.jpeg 705w, https:\/\/www.fiscaliadecuentas.gob.pa\/wp-content\/uploads\/2026\/03\/WhatsApp-Image-2026-03-09-at-12.14.55-PM-500x334.jpeg 500w, https:\/\/www.fiscaliadecuentas.gob.pa\/wp-content\/uploads\/2026\/03\/WhatsApp-Image-2026-03-09-at-12.14.55-PM-800x534.jpeg 800w, https:\/\/www.fiscaliadecuentas.gob.pa\/wp-content\/uploads\/2026\/03\/WhatsApp-Image-2026-03-09-at-12.14.55-PM.jpeg 1280w\" sizes=\"auto, (max-width: 1030px) 100vw, 1030px\" \/><\/a><\/figure>\n\n\n<p style=\"text-align: justify;\">Con la conferencia, \u201cMujeres en el Liderazgo: barreras y oportunidades\u201d, la Fiscal\u00eda General de Cuentas llev\u00f3 a cabo una jornada de capacitaci\u00f3n en el marco del D\u00eda Internacional de la Mujer, con el prop\u00f3sito de resaltar la importancia de su participaci\u00f3n en la toma de decisiones, desaf\u00edos y obst\u00e1culos que enfrentan.<\/p>\n<p style=\"text-align: justify;\">Aracelly De Le\u00f3n, directora del Instituto de la Mujer de la Universidad de Panam\u00e1, fue la encargada del encuentro, donde abord\u00f3 temas como la Certeza sobre la Paternidad, La Lucha por los Derechos Civiles, Lucha por el Sufragio y el Poder femenino en el mundo, entre otros t\u00f3picos, todos apegados a la conmemoraci\u00f3n.<\/p>\n<p style=\"text-align: justify;\">En tanto, el fiscal general de cuentas, Jaime Barroso Pinto, expres\u00f3 que este \u201ces un d\u00eda reflexionar y valorar donde estamos parados con respecto a la equidad de oportunidades, y que esta conmemoraci\u00f3n sea un punto de convergencia de las actividades en favor de sus derechos y la participaci\u00f3n de la mujer en la vida pol\u00edtica y econ\u00f3mica paname\u00f1a\u201d.<\/p>\n<p style=\"text-align: justify;\">La actividad reuni\u00f3 a las colaboradoras de la entidad en un ambiente de intercambio de experiencias y un llamado a continuar desarrollando sus capacidades de liderazgo tanto en el \u00e1mbito profesional como personal.<\/p>\n\n\n<figure class=\"wp-block-image size-large\"><a href=\"https:\/\/www.fiscaliadecuentas.gob.pa\/wp-content\/uploads\/2026\/03\/WhatsApp-Image-2026-03-09-at-12.14.56-PM.jpeg\"><img loading=\"lazy\" decoding=\"async\" width=\"1030\" height=\"687\" src=\"https:\/\/www.fiscaliadecuentas.gob.pa\/wp-content\/uploads\/2026\/03\/WhatsApp-Image-2026-03-09-at-12.14.56-PM-1030x687.jpeg\" alt=\"\" class=\"wp-image-40604\" srcset=\"https:\/\/www.fiscaliadecuentas.gob.pa\/wp-content\/uploads\/2026\/03\/WhatsApp-Image-2026-03-09-at-12.14.56-PM-1030x687.jpeg 1030w, https:\/\/www.fiscaliadecuentas.gob.pa\/wp-content\/uploads\/2026\/03\/WhatsApp-Image-2026-03-09-at-12.14.56-PM-300x200.jpeg 300w, https:\/\/www.fiscaliadecuentas.gob.pa\/wp-content\/uploads\/2026\/03\/WhatsApp-Image-2026-03-09-at-12.14.56-PM-768x512.jpeg 768w, https:\/\/www.fiscaliadecuentas.gob.pa\/wp-content\/uploads\/2026\/03\/WhatsApp-Image-2026-03-09-at-12.14.56-PM-705x470.jpeg 705w, https:\/\/www.fiscaliadecuentas.gob.pa\/wp-content\/uploads\/2026\/03\/WhatsApp-Image-2026-03-09-at-12.14.56-PM-500x334.jpeg 500w, https:\/\/www.fiscaliadecuentas.gob.pa\/wp-content\/uploads\/2026\/03\/WhatsApp-Image-2026-03-09-at-12.14.56-PM-800x534.jpeg 800w, https:\/\/www.fiscaliadecuentas.gob.pa\/wp-content\/uploads\/2026\/03\/WhatsApp-Image-2026-03-09-at-12.14.56-PM.jpeg 1280w\" sizes=\"auto, (max-width: 1030px) 100vw, 1030px\" \/><\/a><\/figure>\n\n\n\n<figure class=\"wp-block-image size-large\"><a href=\"https:\/\/www.fiscaliadecuentas.gob.pa\/wp-content\/uploads\/2026\/03\/WhatsApp-Image-2026-03-09-at-12.14.59-PM-1.jpeg\"><img loading=\"lazy\" decoding=\"async\" width=\"1030\" height=\"687\" src=\"https:\/\/www.fiscaliadecuentas.gob.pa\/wp-content\/uploads\/2026\/03\/WhatsApp-Image-2026-03-09-at-12.14.59-PM-1-1030x687.jpeg\" alt=\"\" class=\"wp-image-40601\" srcset=\"https:\/\/www.fiscaliadecuentas.gob.pa\/wp-content\/uploads\/2026\/03\/WhatsApp-Image-2026-03-09-at-12.14.59-PM-1-1030x687.jpeg 1030w, https:\/\/www.fiscaliadecuentas.gob.pa\/wp-content\/uploads\/2026\/03\/WhatsApp-Image-2026-03-09-at-12.14.59-PM-1-300x200.jpeg 300w, https:\/\/www.fiscaliadecuentas.gob.pa\/wp-content\/uploads\/2026\/03\/WhatsApp-Image-2026-03-09-at-12.14.59-PM-1-768x512.jpeg 768w, https:\/\/www.fiscaliadecuentas.gob.pa\/wp-content\/uploads\/2026\/03\/WhatsApp-Image-2026-03-09-at-12.14.59-PM-1-705x470.jpeg 705w, https:\/\/www.fiscaliadecuentas.gob.pa\/wp-content\/uploads\/2026\/03\/WhatsApp-Image-2026-03-09-at-12.14.59-PM-1-500x334.jpeg 500w, https:\/\/www.fiscaliadecuentas.gob.pa\/wp-content\/uploads\/2026\/03\/WhatsApp-Image-2026-03-09-at-12.14.59-PM-1-800x534.jpeg 800w, https:\/\/www.fiscaliadecuentas.gob.pa\/wp-content\/uploads\/2026\/03\/WhatsApp-Image-2026-03-09-at-12.14.59-PM-1.jpeg 1280w\" sizes=\"auto, (max-width: 1030px) 100vw, 1030px\" \/><\/a><\/figure>\n\n\n\n<figure class=\"wp-block-image size-large\"><a href=\"https:\/\/www.fiscaliadecuentas.gob.pa\/wp-content\/uploads\/2026\/03\/WhatsApp-Image-2026-03-09-at-12.14.52-PM-1.jpeg\"><img loading=\"lazy\" decoding=\"async\" width=\"1030\" height=\"687\" src=\"https:\/\/www.fiscaliadecuentas.gob.pa\/wp-content\/uploads\/2026\/03\/WhatsApp-Image-2026-03-09-at-12.14.52-PM-1-1030x687.jpeg\" alt=\"\" class=\"wp-image-40599\" srcset=\"https:\/\/www.fiscaliadecuentas.gob.pa\/wp-content\/uploads\/2026\/03\/WhatsApp-Image-2026-03-09-at-12.14.52-PM-1-1030x687.jpeg 1030w, https:\/\/www.fiscaliadecuentas.gob.pa\/wp-content\/uploads\/2026\/03\/WhatsApp-Image-2026-03-09-at-12.14.52-PM-1-300x200.jpeg 300w, https:\/\/www.fiscaliadecuentas.gob.pa\/wp-content\/uploads\/2026\/03\/WhatsApp-Image-2026-03-09-at-12.14.52-PM-1-768x512.jpeg 768w, https:\/\/www.fiscaliadecuentas.gob.pa\/wp-content\/uploads\/2026\/03\/WhatsApp-Image-2026-03-09-at-12.14.52-PM-1-705x470.jpeg 705w, https:\/\/www.fiscaliadecuentas.gob.pa\/wp-content\/uploads\/2026\/03\/WhatsApp-Image-2026-03-09-at-12.14.52-PM-1-500x334.jpeg 500w, https:\/\/www.fiscaliadecuentas.gob.pa\/wp-content\/uploads\/2026\/03\/WhatsApp-Image-2026-03-09-at-12.14.52-PM-1-800x534.jpeg 800w, https:\/\/www.fiscaliadecuentas.gob.pa\/wp-content\/uploads\/2026\/03\/WhatsApp-Image-2026-03-09-at-12.14.52-PM-1.jpeg 1280w\" sizes=\"auto, (max-width: 1030px) 100vw, 1030px\" \/><\/a><\/figure>\n\n\n\n<figure class=\"wp-block-image size-large\"><a href=\"https:\/\/www.fiscaliadecuentas.gob.pa\/wp-content\/uploads\/2026\/03\/WhatsApp-Image-2026-03-09-at-12.14.58-PM-1.jpeg\"><img loading=\"lazy\" decoding=\"async\" width=\"1030\" height=\"687\" src=\"https:\/\/www.fiscaliadecuentas.gob.pa\/wp-content\/uploads\/2026\/03\/WhatsApp-Image-2026-03-09-at-12.14.58-PM-1-1030x687.jpeg\" alt=\"\" class=\"wp-image-40602\" srcset=\"https:\/\/www.fiscaliadecuentas.gob.pa\/wp-content\/uploads\/2026\/03\/WhatsApp-Image-2026-03-09-at-12.14.58-PM-1-1030x687.jpeg 1030w, https:\/\/www.fiscaliadecuentas.gob.pa\/wp-content\/uploads\/2026\/03\/WhatsApp-Image-2026-03-09-at-12.14.58-PM-1-300x200.jpeg 300w, https:\/\/www.fiscaliadecuentas.gob.pa\/wp-content\/uploads\/2026\/03\/WhatsApp-Image-2026-03-09-at-12.14.58-PM-1-768x512.jpeg 768w, https:\/\/www.fiscaliadecuentas.gob.pa\/wp-content\/uploads\/2026\/03\/WhatsApp-Image-2026-03-09-at-12.14.58-PM-1-705x470.jpeg 705w, https:\/\/www.fiscaliadecuentas.gob.pa\/wp-content\/uploads\/2026\/03\/WhatsApp-Image-2026-03-09-at-12.14.58-PM-1-500x334.jpeg 500w, https:\/\/www.fiscaliadecuentas.gob.pa\/wp-content\/uploads\/2026\/03\/WhatsApp-Image-2026-03-09-at-12.14.58-PM-1-800x534.jpeg 800w, https:\/\/www.fiscaliadecuentas.gob.pa\/wp-content\/uploads\/2026\/03\/WhatsApp-Image-2026-03-09-at-12.14.58-PM-1.jpeg 1280w\" sizes=\"auto, (max-width: 1030px) 100vw, 1030px\" \/><\/a><\/figure>\n","protected":false},"excerpt":{"rendered":"<p>Con la conferencia, \u201cMujeres en el Liderazgo: barreras y oportunidades\u201d, la Fiscal\u00eda General de Cuentas llev\u00f3 a cabo una jornada de capacitaci\u00f3n en el marco del D\u00eda Internacional de la [&hellip;]<\/p>\n","protected":false},"author":4,"featured_media":40598,"comment_status":"closed","ping_status":"closed","sticky":false,"template":"","format":"standard","meta":{"_EventAllDay":false,"_EventTimezone":"","_EventStartDate":"","_EventEndDate":"","_EventStartDateUTC":"","_EventEndDateUTC":"","_EventShowMap":false,"_EventShowMapLink":false,"_EventURL":"","_EventCost":"","_EventCostDescription":"","_EventCurrencySymbol":"","_EventCurrencyCode":"","_EventCurrencyPosition":"","_EventDateTimeSeparator":"","_EventTimeRangeSeparator":"","_EventOrganizerID":[],"_EventVenueID":[],"_OrganizerEmail":"","_OrganizerPhone":"","_OrganizerWebsite":"","_VenueAddress":"","_VenueCity":"","_VenueCountry":"","_VenueProvince":"","_VenueState":"","_VenueZip":"","_VenuePhone":"","_VenueURL":"","_VenueStateProvince":"","_VenueLat":"","_VenueLng":"","_VenueShowMap":false,"_VenueShowMapLink":false,"footnotes":""},"categories":[1],"tags":[],"class_list":["post-40597","post","type-post","status-publish","format-standard","has-post-thumbnail","hentry","category-noticias"],"_links":{"self":[{"href":"https:\/\/www.fiscaliadecuentas.gob.pa\/index.php?rest_route=\/wp\/v2\/posts\/40597","targetHints":{"allow":["GET"]}}],"collection":[{"href":"https:\/\/www.fiscaliadecuentas.gob.pa\/index.php?rest_route=\/wp\/v2\/posts"}],"about":[{"href":"https:\/\/www.fiscaliadecuentas.gob.pa\/index.php?rest_route=\/wp\/v2\/types\/post"}],"author":[{"embeddable":true,"href":"https:\/\/www.fiscaliadecuentas.gob.pa\/index.php?rest_route=\/wp\/v2\/users\/4"}],"replies":[{"embeddable":true,"href":"https:\/\/www.fiscaliadecuentas.gob.pa\/index.php?rest_route=%2Fwp%2Fv2%2Fcomments&post=40597"}],"version-history":[{"count":2,"href":"https:\/\/www.fiscaliadecuentas.gob.pa\/index.php?rest_route=\/wp\/v2\/posts\/40597\/revisions"}],"predecessor-version":[{"id":40605,"href":"https:\/\/www.fiscaliadecuentas.gob.pa\/index.php?rest_route=\/wp\/v2\/posts\/40597\/revisions\/40605"}],"wp:featuredmedia":[{"embeddable":true,"href":"https:\/\/www.fiscaliadecuentas.gob.pa\/index.php?rest_route=\/wp\/v2\/media\/40598"}],"wp:attachment":[{"href":"https:\/\/www.fiscaliadecuentas.gob.pa\/index.php?rest_route=%2Fwp%2Fv2%2Fmedia&parent=40597"}],"wp:term":[{"taxonomy":"category","embeddable":true,"href":"https:\/\/www.fiscaliadecuentas.gob.pa\/index.php?rest_route=%2Fwp%2Fv2%2Fcategories&post=40597"},{"taxonomy":"post_tag","embeddable":true,"href":"https:\/\/www.fiscaliadecuentas.gob.pa\/index.php?rest_route=%2Fwp%2Fv2%2Ftags&post=40597"}],"curies":[{"name":"wp","href":"https:\/\/api.w.org\/{rel}","templated":true}]}}