{"id":40625,"date":"2026-03-11T16:49:04","date_gmt":"2026-03-11T21:49:04","guid":{"rendered":"https:\/\/www.fiscaliadecuentas.gob.pa\/?p=40625"},"modified":"2026-03-11T16:49:19","modified_gmt":"2026-03-11T21:49:19","slug":"realizan-jornada-informativa-para-personas-con-discapacidad-y-familiares","status":"publish","type":"post","link":"https:\/\/www.fiscaliadecuentas.gob.pa\/?p=40625","title":{"rendered":"Realizan jornada informativa para personas con discapacidad y familiares"},"content":{"rendered":"\n<figure class=\"wp-block-image size-large\"><a href=\"https:\/\/www.fiscaliadecuentas.gob.pa\/wp-content\/uploads\/2026\/03\/WhatsApp-Image-2026-03-11-at-2.14.43-PM-3.jpeg\"><img loading=\"lazy\" decoding=\"async\" width=\"1030\" height=\"687\" src=\"https:\/\/www.fiscaliadecuentas.gob.pa\/wp-content\/uploads\/2026\/03\/WhatsApp-Image-2026-03-11-at-2.14.43-PM-3-1030x687.jpeg\" alt=\"\" class=\"wp-image-40626\" srcset=\"https:\/\/www.fiscaliadecuentas.gob.pa\/wp-content\/uploads\/2026\/03\/WhatsApp-Image-2026-03-11-at-2.14.43-PM-3-1030x687.jpeg 1030w, https:\/\/www.fiscaliadecuentas.gob.pa\/wp-content\/uploads\/2026\/03\/WhatsApp-Image-2026-03-11-at-2.14.43-PM-3-300x200.jpeg 300w, https:\/\/www.fiscaliadecuentas.gob.pa\/wp-content\/uploads\/2026\/03\/WhatsApp-Image-2026-03-11-at-2.14.43-PM-3-768x512.jpeg 768w, https:\/\/www.fiscaliadecuentas.gob.pa\/wp-content\/uploads\/2026\/03\/WhatsApp-Image-2026-03-11-at-2.14.43-PM-3-705x470.jpeg 705w, https:\/\/www.fiscaliadecuentas.gob.pa\/wp-content\/uploads\/2026\/03\/WhatsApp-Image-2026-03-11-at-2.14.43-PM-3-500x334.jpeg 500w, https:\/\/www.fiscaliadecuentas.gob.pa\/wp-content\/uploads\/2026\/03\/WhatsApp-Image-2026-03-11-at-2.14.43-PM-3-800x534.jpeg 800w, https:\/\/www.fiscaliadecuentas.gob.pa\/wp-content\/uploads\/2026\/03\/WhatsApp-Image-2026-03-11-at-2.14.43-PM-3.jpeg 1280w\" sizes=\"auto, (max-width: 1030px) 100vw, 1030px\" \/><\/a><\/figure>\n\n\n<p style=\"text-align: justify;\">En cumplimiento a la ley 15 del 31 de mayo 2016, la Fiscal\u00eda General de Cuentas desarroll\u00f3 una jornada informativa sobre las horas de permiso que tienen las personas con discapacidad y sus familiares.<\/p>\n<p style=\"text-align: justify;\">De acuerdo con la normativa, se obliga a los empleadores a otorgar hasta 144 horas (18 d\u00edas), laborables anuales de permiso remunerado a trabajadores que sean padres, madres, tutores o familiares hasta cuarto grado de consanguinidad\/segundo de afinidad) de personas con discapacidad.<\/p>\n<p style=\"text-align: justify;\">La jornada tuvo como expositores a Virgilio Carrion y Mosee Peralta, de las Oficinas de Equiparaci\u00f3n de Oportunidades de la Procuradur\u00eda de la Administraci\u00f3n y la Autoridad Nacional de Aduanas, respectivamente.<\/p>\n<p style=\"text-align: justify;\">La finalidad de esta capacitaci\u00f3n se bas\u00f3 en reforzar los conocimientos de los funcionarios para asistir o acompa\u00f1ar a las citas m\u00e9dicas, terapias, tratamientos o actividades educativas relacionadas con la discapacidad del familiar o del propio trabajador. En la charla participaron, adem\u00e1s funcionarios del Banco Nacional de Panam\u00e1 y Aduanas.<\/p>\n\n\n<figure class=\"wp-block-image size-large\"><a href=\"https:\/\/www.fiscaliadecuentas.gob.pa\/wp-content\/uploads\/2026\/03\/WhatsApp-Image-2026-03-11-at-2.14.45-PM.jpeg\"><img loading=\"lazy\" decoding=\"async\" width=\"1030\" height=\"687\" src=\"https:\/\/www.fiscaliadecuentas.gob.pa\/wp-content\/uploads\/2026\/03\/WhatsApp-Image-2026-03-11-at-2.14.45-PM-1030x687.jpeg\" alt=\"\" class=\"wp-image-40627\" srcset=\"https:\/\/www.fiscaliadecuentas.gob.pa\/wp-content\/uploads\/2026\/03\/WhatsApp-Image-2026-03-11-at-2.14.45-PM-1030x687.jpeg 1030w, https:\/\/www.fiscaliadecuentas.gob.pa\/wp-content\/uploads\/2026\/03\/WhatsApp-Image-2026-03-11-at-2.14.45-PM-300x200.jpeg 300w, https:\/\/www.fiscaliadecuentas.gob.pa\/wp-content\/uploads\/2026\/03\/WhatsApp-Image-2026-03-11-at-2.14.45-PM-768x512.jpeg 768w, https:\/\/www.fiscaliadecuentas.gob.pa\/wp-content\/uploads\/2026\/03\/WhatsApp-Image-2026-03-11-at-2.14.45-PM-705x470.jpeg 705w, https:\/\/www.fiscaliadecuentas.gob.pa\/wp-content\/uploads\/2026\/03\/WhatsApp-Image-2026-03-11-at-2.14.45-PM-500x334.jpeg 500w, https:\/\/www.fiscaliadecuentas.gob.pa\/wp-content\/uploads\/2026\/03\/WhatsApp-Image-2026-03-11-at-2.14.45-PM-800x534.jpeg 800w, https:\/\/www.fiscaliadecuentas.gob.pa\/wp-content\/uploads\/2026\/03\/WhatsApp-Image-2026-03-11-at-2.14.45-PM.jpeg 1280w\" sizes=\"auto, (max-width: 1030px) 100vw, 1030px\" \/><\/a><\/figure>\n\n\n\n<figure class=\"wp-block-image size-large\"><a href=\"https:\/\/www.fiscaliadecuentas.gob.pa\/wp-content\/uploads\/2026\/03\/WhatsApp-Image-2026-03-11-at-2.14.44-PM-1.jpeg\"><img loading=\"lazy\" decoding=\"async\" width=\"1030\" height=\"687\" src=\"https:\/\/www.fiscaliadecuentas.gob.pa\/wp-content\/uploads\/2026\/03\/WhatsApp-Image-2026-03-11-at-2.14.44-PM-1-1030x687.jpeg\" alt=\"\" class=\"wp-image-40628\" srcset=\"https:\/\/www.fiscaliadecuentas.gob.pa\/wp-content\/uploads\/2026\/03\/WhatsApp-Image-2026-03-11-at-2.14.44-PM-1-1030x687.jpeg 1030w, https:\/\/www.fiscaliadecuentas.gob.pa\/wp-content\/uploads\/2026\/03\/WhatsApp-Image-2026-03-11-at-2.14.44-PM-1-300x200.jpeg 300w, https:\/\/www.fiscaliadecuentas.gob.pa\/wp-content\/uploads\/2026\/03\/WhatsApp-Image-2026-03-11-at-2.14.44-PM-1-768x512.jpeg 768w, https:\/\/www.fiscaliadecuentas.gob.pa\/wp-content\/uploads\/2026\/03\/WhatsApp-Image-2026-03-11-at-2.14.44-PM-1-705x470.jpeg 705w, https:\/\/www.fiscaliadecuentas.gob.pa\/wp-content\/uploads\/2026\/03\/WhatsApp-Image-2026-03-11-at-2.14.44-PM-1-500x334.jpeg 500w, https:\/\/www.fiscaliadecuentas.gob.pa\/wp-content\/uploads\/2026\/03\/WhatsApp-Image-2026-03-11-at-2.14.44-PM-1-800x534.jpeg 800w, https:\/\/www.fiscaliadecuentas.gob.pa\/wp-content\/uploads\/2026\/03\/WhatsApp-Image-2026-03-11-at-2.14.44-PM-1.jpeg 1280w\" sizes=\"auto, (max-width: 1030px) 100vw, 1030px\" \/><\/a><\/figure>\n\n\n\n<figure class=\"wp-block-image size-large\"><a href=\"https:\/\/www.fiscaliadecuentas.gob.pa\/wp-content\/uploads\/2026\/03\/WhatsApp-Image-2026-03-11-at-2.14.45-PM-1.jpeg\"><img loading=\"lazy\" decoding=\"async\" width=\"1030\" height=\"687\" src=\"https:\/\/www.fiscaliadecuentas.gob.pa\/wp-content\/uploads\/2026\/03\/WhatsApp-Image-2026-03-11-at-2.14.45-PM-1-1030x687.jpeg\" alt=\"\" class=\"wp-image-40629\" srcset=\"https:\/\/www.fiscaliadecuentas.gob.pa\/wp-content\/uploads\/2026\/03\/WhatsApp-Image-2026-03-11-at-2.14.45-PM-1-1030x687.jpeg 1030w, https:\/\/www.fiscaliadecuentas.gob.pa\/wp-content\/uploads\/2026\/03\/WhatsApp-Image-2026-03-11-at-2.14.45-PM-1-300x200.jpeg 300w, https:\/\/www.fiscaliadecuentas.gob.pa\/wp-content\/uploads\/2026\/03\/WhatsApp-Image-2026-03-11-at-2.14.45-PM-1-768x512.jpeg 768w, https:\/\/www.fiscaliadecuentas.gob.pa\/wp-content\/uploads\/2026\/03\/WhatsApp-Image-2026-03-11-at-2.14.45-PM-1-705x470.jpeg 705w, https:\/\/www.fiscaliadecuentas.gob.pa\/wp-content\/uploads\/2026\/03\/WhatsApp-Image-2026-03-11-at-2.14.45-PM-1-500x334.jpeg 500w, https:\/\/www.fiscaliadecuentas.gob.pa\/wp-content\/uploads\/2026\/03\/WhatsApp-Image-2026-03-11-at-2.14.45-PM-1-800x534.jpeg 800w, https:\/\/www.fiscaliadecuentas.gob.pa\/wp-content\/uploads\/2026\/03\/WhatsApp-Image-2026-03-11-at-2.14.45-PM-1.jpeg 1280w\" sizes=\"auto, (max-width: 1030px) 100vw, 1030px\" \/><\/a><\/figure>\n\n\n\n<figure class=\"wp-block-image size-large\"><a href=\"https:\/\/www.fiscaliadecuentas.gob.pa\/wp-content\/uploads\/2026\/03\/WhatsApp-Image-2026-03-11-at-2.14.45-PM-2.jpeg\"><img loading=\"lazy\" decoding=\"async\" width=\"1030\" height=\"687\" src=\"https:\/\/www.fiscaliadecuentas.gob.pa\/wp-content\/uploads\/2026\/03\/WhatsApp-Image-2026-03-11-at-2.14.45-PM-2-1030x687.jpeg\" alt=\"\" class=\"wp-image-40630\" srcset=\"https:\/\/www.fiscaliadecuentas.gob.pa\/wp-content\/uploads\/2026\/03\/WhatsApp-Image-2026-03-11-at-2.14.45-PM-2-1030x687.jpeg 1030w, https:\/\/www.fiscaliadecuentas.gob.pa\/wp-content\/uploads\/2026\/03\/WhatsApp-Image-2026-03-11-at-2.14.45-PM-2-300x200.jpeg 300w, https:\/\/www.fiscaliadecuentas.gob.pa\/wp-content\/uploads\/2026\/03\/WhatsApp-Image-2026-03-11-at-2.14.45-PM-2-768x512.jpeg 768w, https:\/\/www.fiscaliadecuentas.gob.pa\/wp-content\/uploads\/2026\/03\/WhatsApp-Image-2026-03-11-at-2.14.45-PM-2-705x470.jpeg 705w, https:\/\/www.fiscaliadecuentas.gob.pa\/wp-content\/uploads\/2026\/03\/WhatsApp-Image-2026-03-11-at-2.14.45-PM-2-500x334.jpeg 500w, https:\/\/www.fiscaliadecuentas.gob.pa\/wp-content\/uploads\/2026\/03\/WhatsApp-Image-2026-03-11-at-2.14.45-PM-2-800x534.jpeg 800w, https:\/\/www.fiscaliadecuentas.gob.pa\/wp-content\/uploads\/2026\/03\/WhatsApp-Image-2026-03-11-at-2.14.45-PM-2.jpeg 1280w\" sizes=\"auto, (max-width: 1030px) 100vw, 1030px\" \/><\/a><\/figure>\n\n\n\n<figure class=\"wp-block-image size-large\"><a href=\"https:\/\/www.fiscaliadecuentas.gob.pa\/wp-content\/uploads\/2026\/03\/WhatsApp-Image-2026-03-11-at-2.14.43-PM.jpeg\"><img loading=\"lazy\" decoding=\"async\" width=\"1030\" height=\"687\" src=\"https:\/\/www.fiscaliadecuentas.gob.pa\/wp-content\/uploads\/2026\/03\/WhatsApp-Image-2026-03-11-at-2.14.43-PM-1030x687.jpeg\" alt=\"\" class=\"wp-image-40631\" srcset=\"https:\/\/www.fiscaliadecuentas.gob.pa\/wp-content\/uploads\/2026\/03\/WhatsApp-Image-2026-03-11-at-2.14.43-PM-1030x687.jpeg 1030w, https:\/\/www.fiscaliadecuentas.gob.pa\/wp-content\/uploads\/2026\/03\/WhatsApp-Image-2026-03-11-at-2.14.43-PM-300x200.jpeg 300w, https:\/\/www.fiscaliadecuentas.gob.pa\/wp-content\/uploads\/2026\/03\/WhatsApp-Image-2026-03-11-at-2.14.43-PM-768x512.jpeg 768w, https:\/\/www.fiscaliadecuentas.gob.pa\/wp-content\/uploads\/2026\/03\/WhatsApp-Image-2026-03-11-at-2.14.43-PM-705x470.jpeg 705w, https:\/\/www.fiscaliadecuentas.gob.pa\/wp-content\/uploads\/2026\/03\/WhatsApp-Image-2026-03-11-at-2.14.43-PM-500x334.jpeg 500w, https:\/\/www.fiscaliadecuentas.gob.pa\/wp-content\/uploads\/2026\/03\/WhatsApp-Image-2026-03-11-at-2.14.43-PM-800x534.jpeg 800w, https:\/\/www.fiscaliadecuentas.gob.pa\/wp-content\/uploads\/2026\/03\/WhatsApp-Image-2026-03-11-at-2.14.43-PM.jpeg 1280w\" sizes=\"auto, (max-width: 1030px) 100vw, 1030px\" \/><\/a><\/figure>\n\n\n\n<figure class=\"wp-block-image size-large\"><a href=\"https:\/\/www.fiscaliadecuentas.gob.pa\/wp-content\/uploads\/2026\/03\/WhatsApp-Image-2026-03-11-at-2.14.42-PM.jpeg\"><img loading=\"lazy\" decoding=\"async\" width=\"1030\" height=\"687\" src=\"https:\/\/www.fiscaliadecuentas.gob.pa\/wp-content\/uploads\/2026\/03\/WhatsApp-Image-2026-03-11-at-2.14.42-PM-1030x687.jpeg\" alt=\"\" class=\"wp-image-40632\" srcset=\"https:\/\/www.fiscaliadecuentas.gob.pa\/wp-content\/uploads\/2026\/03\/WhatsApp-Image-2026-03-11-at-2.14.42-PM-1030x687.jpeg 1030w, https:\/\/www.fiscaliadecuentas.gob.pa\/wp-content\/uploads\/2026\/03\/WhatsApp-Image-2026-03-11-at-2.14.42-PM-300x200.jpeg 300w, https:\/\/www.fiscaliadecuentas.gob.pa\/wp-content\/uploads\/2026\/03\/WhatsApp-Image-2026-03-11-at-2.14.42-PM-768x512.jpeg 768w, https:\/\/www.fiscaliadecuentas.gob.pa\/wp-content\/uploads\/2026\/03\/WhatsApp-Image-2026-03-11-at-2.14.42-PM-705x470.jpeg 705w, https:\/\/www.fiscaliadecuentas.gob.pa\/wp-content\/uploads\/2026\/03\/WhatsApp-Image-2026-03-11-at-2.14.42-PM-500x334.jpeg 500w, https:\/\/www.fiscaliadecuentas.gob.pa\/wp-content\/uploads\/2026\/03\/WhatsApp-Image-2026-03-11-at-2.14.42-PM-800x534.jpeg 800w, https:\/\/www.fiscaliadecuentas.gob.pa\/wp-content\/uploads\/2026\/03\/WhatsApp-Image-2026-03-11-at-2.14.42-PM.jpeg 1280w\" sizes=\"auto, (max-width: 1030px) 100vw, 1030px\" \/><\/a><\/figure>\n","protected":false},"excerpt":{"rendered":"<p>En cumplimiento a la ley 15 del 31 de mayo 2016, la Fiscal\u00eda General de Cuentas desarroll\u00f3 una jornada informativa sobre las horas de permiso que tienen las personas con [&hellip;]<\/p>\n","protected":false},"author":4,"featured_media":40627,"comment_status":"closed","ping_status":"closed","sticky":false,"template":"","format":"standard","meta":{"_EventAllDay":false,"_EventTimezone":"","_EventStartDate":"","_EventEndDate":"","_EventStartDateUTC":"","_EventEndDateUTC":"","_EventShowMap":false,"_EventShowMapLink":false,"_EventURL":"","_EventCost":"","_EventCostDescription":"","_EventCurrencySymbol":"","_EventCurrencyCode":"","_EventCurrencyPosition":"","_EventDateTimeSeparator":"","_EventTimeRangeSeparator":"","_EventOrganizerID":[],"_EventVenueID":[],"_OrganizerEmail":"","_OrganizerPhone":"","_OrganizerWebsite":"","_VenueAddress":"","_VenueCity":"","_VenueCountry":"","_VenueProvince":"","_VenueState":"","_VenueZip":"","_VenuePhone":"","_VenueURL":"","_VenueStateProvince":"","_VenueLat":"","_VenueLng":"","_VenueShowMap":false,"_VenueShowMapLink":false,"footnotes":""},"categories":[1],"tags":[],"class_list":["post-40625","post","type-post","status-publish","format-standard","has-post-thumbnail","hentry","category-noticias"],"_links":{"self":[{"href":"https:\/\/www.fiscaliadecuentas.gob.pa\/index.php?rest_route=\/wp\/v2\/posts\/40625","targetHints":{"allow":["GET"]}}],"collection":[{"href":"https:\/\/www.fiscaliadecuentas.gob.pa\/index.php?rest_route=\/wp\/v2\/posts"}],"about":[{"href":"https:\/\/www.fiscaliadecuentas.gob.pa\/index.php?rest_route=\/wp\/v2\/types\/post"}],"author":[{"embeddable":true,"href":"https:\/\/www.fiscaliadecuentas.gob.pa\/index.php?rest_route=\/wp\/v2\/users\/4"}],"replies":[{"embeddable":true,"href":"https:\/\/www.fiscaliadecuentas.gob.pa\/index.php?rest_route=%2Fwp%2Fv2%2Fcomments&post=40625"}],"version-history":[{"count":1,"href":"https:\/\/www.fiscaliadecuentas.gob.pa\/index.php?rest_route=\/wp\/v2\/posts\/40625\/revisions"}],"predecessor-version":[{"id":40633,"href":"https:\/\/www.fiscaliadecuentas.gob.pa\/index.php?rest_route=\/wp\/v2\/posts\/40625\/revisions\/40633"}],"wp:featuredmedia":[{"embeddable":true,"href":"https:\/\/www.fiscaliadecuentas.gob.pa\/index.php?rest_route=\/wp\/v2\/media\/40627"}],"wp:attachment":[{"href":"https:\/\/www.fiscaliadecuentas.gob.pa\/index.php?rest_route=%2Fwp%2Fv2%2Fmedia&parent=40625"}],"wp:term":[{"taxonomy":"category","embeddable":true,"href":"https:\/\/www.fiscaliadecuentas.gob.pa\/index.php?rest_route=%2Fwp%2Fv2%2Fcategories&post=40625"},{"taxonomy":"post_tag","embeddable":true,"href":"https:\/\/www.fiscaliadecuentas.gob.pa\/index.php?rest_route=%2Fwp%2Fv2%2Ftags&post=40625"}],"curies":[{"name":"wp","href":"https:\/\/api.w.org\/{rel}","templated":true}]}}