{"id":40661,"date":"2026-03-16T15:03:44","date_gmt":"2026-03-16T20:03:44","guid":{"rendered":"https:\/\/www.fiscaliadecuentas.gob.pa\/?p=40661"},"modified":"2026-03-27T08:46:57","modified_gmt":"2026-03-27T13:46:57","slug":"campana-de-prevencion-de-la-fgc-llega-al-municipio-de-san-miguelito","status":"publish","type":"post","link":"https:\/\/www.fiscaliadecuentas.gob.pa\/?p=40661","title":{"rendered":"Campa\u00f1a de prevenci\u00f3n de la FGC llega al Municipio de San Miguelito"},"content":{"rendered":"\n<figure class=\"wp-block-image size-large\"><a href=\"https:\/\/www.fiscaliadecuentas.gob.pa\/wp-content\/uploads\/2026\/03\/WhatsApp-Image-2026-03-16-at-3.00.58-PM.jpeg\"><img loading=\"lazy\" decoding=\"async\" width=\"1030\" height=\"687\" src=\"https:\/\/www.fiscaliadecuentas.gob.pa\/wp-content\/uploads\/2026\/03\/WhatsApp-Image-2026-03-16-at-3.00.58-PM-1030x687.jpeg\" alt=\"\" class=\"wp-image-40669\" srcset=\"https:\/\/www.fiscaliadecuentas.gob.pa\/wp-content\/uploads\/2026\/03\/WhatsApp-Image-2026-03-16-at-3.00.58-PM-1030x687.jpeg 1030w, https:\/\/www.fiscaliadecuentas.gob.pa\/wp-content\/uploads\/2026\/03\/WhatsApp-Image-2026-03-16-at-3.00.58-PM-300x200.jpeg 300w, https:\/\/www.fiscaliadecuentas.gob.pa\/wp-content\/uploads\/2026\/03\/WhatsApp-Image-2026-03-16-at-3.00.58-PM-768x512.jpeg 768w, https:\/\/www.fiscaliadecuentas.gob.pa\/wp-content\/uploads\/2026\/03\/WhatsApp-Image-2026-03-16-at-3.00.58-PM-705x470.jpeg 705w, https:\/\/www.fiscaliadecuentas.gob.pa\/wp-content\/uploads\/2026\/03\/WhatsApp-Image-2026-03-16-at-3.00.58-PM-500x334.jpeg 500w, https:\/\/www.fiscaliadecuentas.gob.pa\/wp-content\/uploads\/2026\/03\/WhatsApp-Image-2026-03-16-at-3.00.58-PM-800x534.jpeg 800w, https:\/\/www.fiscaliadecuentas.gob.pa\/wp-content\/uploads\/2026\/03\/WhatsApp-Image-2026-03-16-at-3.00.58-PM.jpeg 1280w\" sizes=\"auto, (max-width: 1030px) 100vw, 1030px\" \/><\/a><\/figure>\n\n\n<p style=\"text-align: justify;\">Un total de 30 funcionarios administrativos del Municipio de San Miguelito participaron de una docencia sobre la normativa que rige la Jurisdicci\u00f3n de Cuentas.<\/p>\n<p style=\"text-align: justify;\">Uso, Administraci\u00f3n y Manejo de Fondos P\u00fablicos, fue el tema de la capacitaci\u00f3n como parte de la campa\u00f1a de prevenci\u00f3n, \u201cAlto a la Corrupci\u00f3n\u201d, que viene impulsando la Fiscal\u00eda General de Cuentas a diversas instituciones del Estado.<\/p>\n<p style=\"text-align: justify;\">Saray Perea, auditora forense de la instituci\u00f3n, llev\u00f3 a cabo la jornada de instrucci\u00f3n, donde abarc\u00f3 una serie de temas referentes a esta jurisdicci\u00f3n como las diferencias entre empleado y agente de manejo, las normas de control interno gubernamental, los protagonistas dentro de un proceso patrimonial y las facultades que otorga la ley a la Fiscal\u00eda General de Cuentas para el inicio de las investigaciones.<\/p>\n<p style=\"text-align: justify;\">Los funcionarios de la comuna, tuvieron la oportunidad de despejar sus dudas sobre este importante tema como recomendaciones para evitar posibles lesiones al Estado.\u00a0<\/p>\n\n\n<figure class=\"wp-block-image size-large\"><a href=\"https:\/\/www.fiscaliadecuentas.gob.pa\/wp-content\/uploads\/2026\/03\/WhatsApp-Image-2026-03-16-at-11.12.34-AM-3.jpeg\"><img loading=\"lazy\" decoding=\"async\" width=\"1030\" height=\"687\" src=\"https:\/\/www.fiscaliadecuentas.gob.pa\/wp-content\/uploads\/2026\/03\/WhatsApp-Image-2026-03-16-at-11.12.34-AM-3-1030x687.jpeg\" alt=\"\" class=\"wp-image-40663\" srcset=\"https:\/\/www.fiscaliadecuentas.gob.pa\/wp-content\/uploads\/2026\/03\/WhatsApp-Image-2026-03-16-at-11.12.34-AM-3-1030x687.jpeg 1030w, https:\/\/www.fiscaliadecuentas.gob.pa\/wp-content\/uploads\/2026\/03\/WhatsApp-Image-2026-03-16-at-11.12.34-AM-3-300x200.jpeg 300w, https:\/\/www.fiscaliadecuentas.gob.pa\/wp-content\/uploads\/2026\/03\/WhatsApp-Image-2026-03-16-at-11.12.34-AM-3-768x512.jpeg 768w, https:\/\/www.fiscaliadecuentas.gob.pa\/wp-content\/uploads\/2026\/03\/WhatsApp-Image-2026-03-16-at-11.12.34-AM-3-705x470.jpeg 705w, https:\/\/www.fiscaliadecuentas.gob.pa\/wp-content\/uploads\/2026\/03\/WhatsApp-Image-2026-03-16-at-11.12.34-AM-3-500x334.jpeg 500w, https:\/\/www.fiscaliadecuentas.gob.pa\/wp-content\/uploads\/2026\/03\/WhatsApp-Image-2026-03-16-at-11.12.34-AM-3-800x534.jpeg 800w, https:\/\/www.fiscaliadecuentas.gob.pa\/wp-content\/uploads\/2026\/03\/WhatsApp-Image-2026-03-16-at-11.12.34-AM-3.jpeg 1280w\" sizes=\"auto, (max-width: 1030px) 100vw, 1030px\" \/><\/a><\/figure>\n\n\n\n<figure class=\"wp-block-image size-large\"><a href=\"https:\/\/www.fiscaliadecuentas.gob.pa\/wp-content\/uploads\/2026\/03\/WhatsApp-Image-2026-03-16-at-11.12.34-AM.jpeg\"><img loading=\"lazy\" decoding=\"async\" width=\"1030\" height=\"687\" src=\"https:\/\/www.fiscaliadecuentas.gob.pa\/wp-content\/uploads\/2026\/03\/WhatsApp-Image-2026-03-16-at-11.12.34-AM-1030x687.jpeg\" alt=\"\" class=\"wp-image-40664\" srcset=\"https:\/\/www.fiscaliadecuentas.gob.pa\/wp-content\/uploads\/2026\/03\/WhatsApp-Image-2026-03-16-at-11.12.34-AM-1030x687.jpeg 1030w, https:\/\/www.fiscaliadecuentas.gob.pa\/wp-content\/uploads\/2026\/03\/WhatsApp-Image-2026-03-16-at-11.12.34-AM-300x200.jpeg 300w, https:\/\/www.fiscaliadecuentas.gob.pa\/wp-content\/uploads\/2026\/03\/WhatsApp-Image-2026-03-16-at-11.12.34-AM-768x512.jpeg 768w, https:\/\/www.fiscaliadecuentas.gob.pa\/wp-content\/uploads\/2026\/03\/WhatsApp-Image-2026-03-16-at-11.12.34-AM-705x470.jpeg 705w, https:\/\/www.fiscaliadecuentas.gob.pa\/wp-content\/uploads\/2026\/03\/WhatsApp-Image-2026-03-16-at-11.12.34-AM-500x334.jpeg 500w, https:\/\/www.fiscaliadecuentas.gob.pa\/wp-content\/uploads\/2026\/03\/WhatsApp-Image-2026-03-16-at-11.12.34-AM-800x534.jpeg 800w, https:\/\/www.fiscaliadecuentas.gob.pa\/wp-content\/uploads\/2026\/03\/WhatsApp-Image-2026-03-16-at-11.12.34-AM.jpeg 1280w\" sizes=\"auto, (max-width: 1030px) 100vw, 1030px\" \/><\/a><\/figure>\n\n\n\n<figure class=\"wp-block-image size-large\"><a href=\"https:\/\/www.fiscaliadecuentas.gob.pa\/wp-content\/uploads\/2026\/03\/WhatsApp-Image-2026-03-16-at-12.07.34-PM-1-scaled.jpeg\"><img loading=\"lazy\" decoding=\"async\" width=\"1030\" height=\"687\" src=\"https:\/\/www.fiscaliadecuentas.gob.pa\/wp-content\/uploads\/2026\/03\/WhatsApp-Image-2026-03-16-at-12.07.34-PM-1-1030x687.jpeg\" alt=\"\" class=\"wp-image-40665\" srcset=\"https:\/\/www.fiscaliadecuentas.gob.pa\/wp-content\/uploads\/2026\/03\/WhatsApp-Image-2026-03-16-at-12.07.34-PM-1-1030x687.jpeg 1030w, https:\/\/www.fiscaliadecuentas.gob.pa\/wp-content\/uploads\/2026\/03\/WhatsApp-Image-2026-03-16-at-12.07.34-PM-1-300x200.jpeg 300w, https:\/\/www.fiscaliadecuentas.gob.pa\/wp-content\/uploads\/2026\/03\/WhatsApp-Image-2026-03-16-at-12.07.34-PM-1-768x512.jpeg 768w, https:\/\/www.fiscaliadecuentas.gob.pa\/wp-content\/uploads\/2026\/03\/WhatsApp-Image-2026-03-16-at-12.07.34-PM-1-1536x1024.jpeg 1536w, https:\/\/www.fiscaliadecuentas.gob.pa\/wp-content\/uploads\/2026\/03\/WhatsApp-Image-2026-03-16-at-12.07.34-PM-1-2048x1366.jpeg 2048w, https:\/\/www.fiscaliadecuentas.gob.pa\/wp-content\/uploads\/2026\/03\/WhatsApp-Image-2026-03-16-at-12.07.34-PM-1-1500x1000.jpeg 1500w, https:\/\/www.fiscaliadecuentas.gob.pa\/wp-content\/uploads\/2026\/03\/WhatsApp-Image-2026-03-16-at-12.07.34-PM-1-705x470.jpeg 705w, https:\/\/www.fiscaliadecuentas.gob.pa\/wp-content\/uploads\/2026\/03\/WhatsApp-Image-2026-03-16-at-12.07.34-PM-1-500x333.jpeg 500w, https:\/\/www.fiscaliadecuentas.gob.pa\/wp-content\/uploads\/2026\/03\/WhatsApp-Image-2026-03-16-at-12.07.34-PM-1-800x533.jpeg 800w, https:\/\/www.fiscaliadecuentas.gob.pa\/wp-content\/uploads\/2026\/03\/WhatsApp-Image-2026-03-16-at-12.07.34-PM-1-1280x854.jpeg 1280w, https:\/\/www.fiscaliadecuentas.gob.pa\/wp-content\/uploads\/2026\/03\/WhatsApp-Image-2026-03-16-at-12.07.34-PM-1-1920x1280.jpeg 1920w\" sizes=\"auto, (max-width: 1030px) 100vw, 1030px\" \/><\/a><\/figure>\n\n\n\n<figure class=\"wp-block-image size-large\"><a href=\"https:\/\/www.fiscaliadecuentas.gob.pa\/wp-content\/uploads\/2026\/03\/WhatsApp-Image-2026-03-16-at-11.12.34-AM-1.jpeg\"><img loading=\"lazy\" decoding=\"async\" width=\"1030\" height=\"687\" src=\"https:\/\/www.fiscaliadecuentas.gob.pa\/wp-content\/uploads\/2026\/03\/WhatsApp-Image-2026-03-16-at-11.12.34-AM-1-1030x687.jpeg\" alt=\"\" class=\"wp-image-40666\" srcset=\"https:\/\/www.fiscaliadecuentas.gob.pa\/wp-content\/uploads\/2026\/03\/WhatsApp-Image-2026-03-16-at-11.12.34-AM-1-1030x687.jpeg 1030w, https:\/\/www.fiscaliadecuentas.gob.pa\/wp-content\/uploads\/2026\/03\/WhatsApp-Image-2026-03-16-at-11.12.34-AM-1-300x200.jpeg 300w, https:\/\/www.fiscaliadecuentas.gob.pa\/wp-content\/uploads\/2026\/03\/WhatsApp-Image-2026-03-16-at-11.12.34-AM-1-768x512.jpeg 768w, https:\/\/www.fiscaliadecuentas.gob.pa\/wp-content\/uploads\/2026\/03\/WhatsApp-Image-2026-03-16-at-11.12.34-AM-1-705x470.jpeg 705w, https:\/\/www.fiscaliadecuentas.gob.pa\/wp-content\/uploads\/2026\/03\/WhatsApp-Image-2026-03-16-at-11.12.34-AM-1-500x334.jpeg 500w, https:\/\/www.fiscaliadecuentas.gob.pa\/wp-content\/uploads\/2026\/03\/WhatsApp-Image-2026-03-16-at-11.12.34-AM-1-800x534.jpeg 800w, https:\/\/www.fiscaliadecuentas.gob.pa\/wp-content\/uploads\/2026\/03\/WhatsApp-Image-2026-03-16-at-11.12.34-AM-1.jpeg 1280w\" sizes=\"auto, (max-width: 1030px) 100vw, 1030px\" \/><\/a><\/figure>\n\n\n\n<figure class=\"wp-block-image size-large\"><a href=\"https:\/\/www.fiscaliadecuentas.gob.pa\/wp-content\/uploads\/2026\/03\/WhatsApp-Image-2026-03-16-at-12.07.34-PM.jpeg\"><img loading=\"lazy\" decoding=\"async\" width=\"1030\" height=\"687\" src=\"https:\/\/www.fiscaliadecuentas.gob.pa\/wp-content\/uploads\/2026\/03\/WhatsApp-Image-2026-03-16-at-12.07.34-PM-1030x687.jpeg\" alt=\"\" class=\"wp-image-40667\" srcset=\"https:\/\/www.fiscaliadecuentas.gob.pa\/wp-content\/uploads\/2026\/03\/WhatsApp-Image-2026-03-16-at-12.07.34-PM-1030x687.jpeg 1030w, https:\/\/www.fiscaliadecuentas.gob.pa\/wp-content\/uploads\/2026\/03\/WhatsApp-Image-2026-03-16-at-12.07.34-PM-300x200.jpeg 300w, https:\/\/www.fiscaliadecuentas.gob.pa\/wp-content\/uploads\/2026\/03\/WhatsApp-Image-2026-03-16-at-12.07.34-PM-768x512.jpeg 768w, https:\/\/www.fiscaliadecuentas.gob.pa\/wp-content\/uploads\/2026\/03\/WhatsApp-Image-2026-03-16-at-12.07.34-PM-705x470.jpeg 705w, https:\/\/www.fiscaliadecuentas.gob.pa\/wp-content\/uploads\/2026\/03\/WhatsApp-Image-2026-03-16-at-12.07.34-PM-500x334.jpeg 500w, https:\/\/www.fiscaliadecuentas.gob.pa\/wp-content\/uploads\/2026\/03\/WhatsApp-Image-2026-03-16-at-12.07.34-PM-800x534.jpeg 800w, https:\/\/www.fiscaliadecuentas.gob.pa\/wp-content\/uploads\/2026\/03\/WhatsApp-Image-2026-03-16-at-12.07.34-PM.jpeg 1280w\" sizes=\"auto, (max-width: 1030px) 100vw, 1030px\" \/><\/a><\/figure>\n","protected":false},"excerpt":{"rendered":"<p>Un total de 30 funcionarios administrativos del Municipio de San Miguelito participaron de una docencia sobre la normativa que rige la Jurisdicci\u00f3n de Cuentas. Uso, Administraci\u00f3n y Manejo de Fondos [&hellip;]<\/p>\n","protected":false},"author":4,"featured_media":40662,"comment_status":"closed","ping_status":"closed","sticky":false,"template":"","format":"standard","meta":{"_EventAllDay":false,"_EventTimezone":"","_EventStartDate":"","_EventEndDate":"","_EventStartDateUTC":"","_EventEndDateUTC":"","_EventShowMap":false,"_EventShowMapLink":false,"_EventURL":"","_EventCost":"","_EventCostDescription":"","_EventCurrencySymbol":"","_EventCurrencyCode":"","_EventCurrencyPosition":"","_EventDateTimeSeparator":"","_EventTimeRangeSeparator":"","_EventOrganizerID":[],"_EventVenueID":[],"_OrganizerEmail":"","_OrganizerPhone":"","_OrganizerWebsite":"","_VenueAddress":"","_VenueCity":"","_VenueCountry":"","_VenueProvince":"","_VenueState":"","_VenueZip":"","_VenuePhone":"","_VenueURL":"","_VenueStateProvince":"","_VenueLat":"","_VenueLng":"","_VenueShowMap":false,"_VenueShowMapLink":false,"footnotes":""},"categories":[1],"tags":[],"class_list":["post-40661","post","type-post","status-publish","format-standard","has-post-thumbnail","hentry","category-noticias"],"_links":{"self":[{"href":"https:\/\/www.fiscaliadecuentas.gob.pa\/index.php?rest_route=\/wp\/v2\/posts\/40661","targetHints":{"allow":["GET"]}}],"collection":[{"href":"https:\/\/www.fiscaliadecuentas.gob.pa\/index.php?rest_route=\/wp\/v2\/posts"}],"about":[{"href":"https:\/\/www.fiscaliadecuentas.gob.pa\/index.php?rest_route=\/wp\/v2\/types\/post"}],"author":[{"embeddable":true,"href":"https:\/\/www.fiscaliadecuentas.gob.pa\/index.php?rest_route=\/wp\/v2\/users\/4"}],"replies":[{"embeddable":true,"href":"https:\/\/www.fiscaliadecuentas.gob.pa\/index.php?rest_route=%2Fwp%2Fv2%2Fcomments&post=40661"}],"version-history":[{"count":5,"href":"https:\/\/www.fiscaliadecuentas.gob.pa\/index.php?rest_route=\/wp\/v2\/posts\/40661\/revisions"}],"predecessor-version":[{"id":40683,"href":"https:\/\/www.fiscaliadecuentas.gob.pa\/index.php?rest_route=\/wp\/v2\/posts\/40661\/revisions\/40683"}],"wp:featuredmedia":[{"embeddable":true,"href":"https:\/\/www.fiscaliadecuentas.gob.pa\/index.php?rest_route=\/wp\/v2\/media\/40662"}],"wp:attachment":[{"href":"https:\/\/www.fiscaliadecuentas.gob.pa\/index.php?rest_route=%2Fwp%2Fv2%2Fmedia&parent=40661"}],"wp:term":[{"taxonomy":"category","embeddable":true,"href":"https:\/\/www.fiscaliadecuentas.gob.pa\/index.php?rest_route=%2Fwp%2Fv2%2Fcategories&post=40661"},{"taxonomy":"post_tag","embeddable":true,"href":"https:\/\/www.fiscaliadecuentas.gob.pa\/index.php?rest_route=%2Fwp%2Fv2%2Ftags&post=40661"}],"curies":[{"name":"wp","href":"https:\/\/api.w.org\/{rel}","templated":true}]}}