{"id":40777,"date":"2026-04-29T16:46:10","date_gmt":"2026-04-29T21:46:10","guid":{"rendered":"https:\/\/www.fiscaliadecuentas.gob.pa\/?p=40777"},"modified":"2026-04-29T16:46:20","modified_gmt":"2026-04-29T21:46:20","slug":"realizan-jornada-de-actualizacion-formativa-en-la-jurisdiccion-de-cuentas","status":"publish","type":"post","link":"https:\/\/www.fiscaliadecuentas.gob.pa\/?p=40777","title":{"rendered":"Realizan jornada de actualizaci\u00f3n formativa en la Jurisdicci\u00f3n de Cuentas"},"content":{"rendered":"\n<figure class=\"wp-block-image size-large\"><a href=\"https:\/\/www.fiscaliadecuentas.gob.pa\/wp-content\/uploads\/2026\/04\/WhatsApp-Image-2026-04-29-at-3.05.59-PM-1.jpeg\"><img loading=\"lazy\" decoding=\"async\" width=\"1030\" height=\"686\" src=\"https:\/\/www.fiscaliadecuentas.gob.pa\/wp-content\/uploads\/2026\/04\/WhatsApp-Image-2026-04-29-at-3.05.59-PM-1-1030x686.jpeg\" alt=\"\" class=\"wp-image-40778\" srcset=\"https:\/\/www.fiscaliadecuentas.gob.pa\/wp-content\/uploads\/2026\/04\/WhatsApp-Image-2026-04-29-at-3.05.59-PM-1-1030x686.jpeg 1030w, https:\/\/www.fiscaliadecuentas.gob.pa\/wp-content\/uploads\/2026\/04\/WhatsApp-Image-2026-04-29-at-3.05.59-PM-1-300x200.jpeg 300w, https:\/\/www.fiscaliadecuentas.gob.pa\/wp-content\/uploads\/2026\/04\/WhatsApp-Image-2026-04-29-at-3.05.59-PM-1-768x512.jpeg 768w, https:\/\/www.fiscaliadecuentas.gob.pa\/wp-content\/uploads\/2026\/04\/WhatsApp-Image-2026-04-29-at-3.05.59-PM-1-1536x1023.jpeg 1536w, https:\/\/www.fiscaliadecuentas.gob.pa\/wp-content\/uploads\/2026\/04\/WhatsApp-Image-2026-04-29-at-3.05.59-PM-1-1500x999.jpeg 1500w, https:\/\/www.fiscaliadecuentas.gob.pa\/wp-content\/uploads\/2026\/04\/WhatsApp-Image-2026-04-29-at-3.05.59-PM-1-705x470.jpeg 705w, https:\/\/www.fiscaliadecuentas.gob.pa\/wp-content\/uploads\/2026\/04\/WhatsApp-Image-2026-04-29-at-3.05.59-PM-1-500x333.jpeg 500w, https:\/\/www.fiscaliadecuentas.gob.pa\/wp-content\/uploads\/2026\/04\/WhatsApp-Image-2026-04-29-at-3.05.59-PM-1-800x533.jpeg 800w, https:\/\/www.fiscaliadecuentas.gob.pa\/wp-content\/uploads\/2026\/04\/WhatsApp-Image-2026-04-29-at-3.05.59-PM-1-1280x853.jpeg 1280w, https:\/\/www.fiscaliadecuentas.gob.pa\/wp-content\/uploads\/2026\/04\/WhatsApp-Image-2026-04-29-at-3.05.59-PM-1.jpeg 1600w\" sizes=\"auto, (max-width: 1030px) 100vw, 1030px\" \/><\/a><\/figure>\n\n\n<p style=\"text-align: justify;\">Desaf\u00edos de la Contrataci\u00f3n P\u00fablica y las Reformas al C\u00f3digo Procesal Civil, fueron los temas puntuales durante la jornada de actualizaci\u00f3n formativa en la Jurisdicci\u00f3n de Cuentas, que realiz\u00f3 la Fiscal\u00eda General de Cuentas y el Tribunal de Cuentas, con el auspicio de la Oficina de las Naciones Unidas Contra La Droga y el Delito.<\/p>\n<p style=\"text-align: justify;\">Actividad que forma parte del proyecto para fortalecimiento de capacidades y evaluaci\u00f3n preliminar para la futura construcci\u00f3n de la \u201cCuidad de Cuentas\u201d.<\/p>\n<p style=\"text-align: justify;\">Este nuevo rengl\u00f3n acad\u00e9mico fue aprovechado por m\u00e1s de 40 funcionarios de esta esfera de afectaci\u00f3n patrimonial, con el prop\u00f3sito de reafirmar el profesionalismo, compartir conocimientos pr\u00e1cticos y estar a tono con las normativas vigentes.<\/p>\n<p style=\"text-align: justify;\">Anabelle Padilla, asesora legal de Ministerio de la Presidencia; Onofres Rivas de la Direcci\u00f3n General de Contrataciones P\u00fablicas; Helmut Flores de la UNODC y el jurista Ricardo Fuller conformaron la carta de expositores de esta tercera capacitaci\u00f3n que se lleva a cabo con apoyo del organismo regional.<\/p>\n<p style=\"text-align: justify;\">Durante la apertura del evento el fiscal general, Jaime Barroso Pinto, se\u00f1al\u00f3 que \u201cesta jornada de docencia proyecta el compromiso que tiene la Fiscal\u00eda General de Cuentas con el intercambio de nuevas ideas, la formaci\u00f3n constante e integral del recurso humano a cargo de las investigaciones de las posibles afectaciones al estado, as\u00ed como con las ciencias aplicadas a la administraci\u00f3n de justicia\u201d.\u00a0\u00a0<\/p>\n<p style=\"text-align: justify;\">Por su parte, el magistrado presidente del Tribunal de Cuentas, Rainier Del Rosario subray\u00f3, \u201clos temas a tratar son muy importantes, con expositores de primera l\u00ednea, todo ello para fortalecer nuestra jurisdicci\u00f3n d\u00eda a d\u00eda\u201d.<\/p>\n\n\n<figure class=\"wp-block-image size-large\"><a href=\"https:\/\/www.fiscaliadecuentas.gob.pa\/wp-content\/uploads\/2026\/04\/WhatsApp-Image-2026-04-29-at-3.05.59-PM.jpeg\"><img loading=\"lazy\" decoding=\"async\" width=\"1030\" height=\"686\" src=\"https:\/\/www.fiscaliadecuentas.gob.pa\/wp-content\/uploads\/2026\/04\/WhatsApp-Image-2026-04-29-at-3.05.59-PM-1030x686.jpeg\" alt=\"\" class=\"wp-image-40779\" srcset=\"https:\/\/www.fiscaliadecuentas.gob.pa\/wp-content\/uploads\/2026\/04\/WhatsApp-Image-2026-04-29-at-3.05.59-PM-1030x686.jpeg 1030w, https:\/\/www.fiscaliadecuentas.gob.pa\/wp-content\/uploads\/2026\/04\/WhatsApp-Image-2026-04-29-at-3.05.59-PM-300x200.jpeg 300w, https:\/\/www.fiscaliadecuentas.gob.pa\/wp-content\/uploads\/2026\/04\/WhatsApp-Image-2026-04-29-at-3.05.59-PM-768x512.jpeg 768w, https:\/\/www.fiscaliadecuentas.gob.pa\/wp-content\/uploads\/2026\/04\/WhatsApp-Image-2026-04-29-at-3.05.59-PM-1536x1023.jpeg 1536w, https:\/\/www.fiscaliadecuentas.gob.pa\/wp-content\/uploads\/2026\/04\/WhatsApp-Image-2026-04-29-at-3.05.59-PM-1500x999.jpeg 1500w, https:\/\/www.fiscaliadecuentas.gob.pa\/wp-content\/uploads\/2026\/04\/WhatsApp-Image-2026-04-29-at-3.05.59-PM-705x470.jpeg 705w, https:\/\/www.fiscaliadecuentas.gob.pa\/wp-content\/uploads\/2026\/04\/WhatsApp-Image-2026-04-29-at-3.05.59-PM-500x333.jpeg 500w, https:\/\/www.fiscaliadecuentas.gob.pa\/wp-content\/uploads\/2026\/04\/WhatsApp-Image-2026-04-29-at-3.05.59-PM-800x533.jpeg 800w, https:\/\/www.fiscaliadecuentas.gob.pa\/wp-content\/uploads\/2026\/04\/WhatsApp-Image-2026-04-29-at-3.05.59-PM-1280x853.jpeg 1280w, https:\/\/www.fiscaliadecuentas.gob.pa\/wp-content\/uploads\/2026\/04\/WhatsApp-Image-2026-04-29-at-3.05.59-PM.jpeg 1600w\" sizes=\"auto, (max-width: 1030px) 100vw, 1030px\" \/><\/a><\/figure>\n\n\n\n<figure class=\"wp-block-image size-large\"><a href=\"https:\/\/www.fiscaliadecuentas.gob.pa\/wp-content\/uploads\/2026\/04\/IMG_7387.JPG-scaled.jpeg\"><img loading=\"lazy\" decoding=\"async\" width=\"1030\" height=\"687\" src=\"https:\/\/www.fiscaliadecuentas.gob.pa\/wp-content\/uploads\/2026\/04\/IMG_7387.JPG-1030x687.jpeg\" alt=\"\" class=\"wp-image-40784\" srcset=\"https:\/\/www.fiscaliadecuentas.gob.pa\/wp-content\/uploads\/2026\/04\/IMG_7387.JPG-1030x687.jpeg 1030w, https:\/\/www.fiscaliadecuentas.gob.pa\/wp-content\/uploads\/2026\/04\/IMG_7387.JPG-300x200.jpeg 300w, https:\/\/www.fiscaliadecuentas.gob.pa\/wp-content\/uploads\/2026\/04\/IMG_7387.JPG-768x512.jpeg 768w, https:\/\/www.fiscaliadecuentas.gob.pa\/wp-content\/uploads\/2026\/04\/IMG_7387.JPG-1536x1024.jpeg 1536w, https:\/\/www.fiscaliadecuentas.gob.pa\/wp-content\/uploads\/2026\/04\/IMG_7387.JPG-2048x1365.jpeg 2048w, https:\/\/www.fiscaliadecuentas.gob.pa\/wp-content\/uploads\/2026\/04\/IMG_7387.JPG-1500x1000.jpeg 1500w, https:\/\/www.fiscaliadecuentas.gob.pa\/wp-content\/uploads\/2026\/04\/IMG_7387.JPG-705x470.jpeg 705w, https:\/\/www.fiscaliadecuentas.gob.pa\/wp-content\/uploads\/2026\/04\/IMG_7387.JPG-500x333.jpeg 500w, https:\/\/www.fiscaliadecuentas.gob.pa\/wp-content\/uploads\/2026\/04\/IMG_7387.JPG-800x533.jpeg 800w, https:\/\/www.fiscaliadecuentas.gob.pa\/wp-content\/uploads\/2026\/04\/IMG_7387.JPG-1280x853.jpeg 1280w, https:\/\/www.fiscaliadecuentas.gob.pa\/wp-content\/uploads\/2026\/04\/IMG_7387.JPG-1920x1280.jpeg 1920w\" sizes=\"auto, (max-width: 1030px) 100vw, 1030px\" \/><\/a><\/figure>\n\n\n\n<figure class=\"wp-block-image size-large\"><a href=\"https:\/\/www.fiscaliadecuentas.gob.pa\/wp-content\/uploads\/2026\/04\/WhatsApp-Image-2026-04-29-at-3.05.59-PM-4.jpeg\"><img loading=\"lazy\" decoding=\"async\" width=\"1030\" height=\"686\" src=\"https:\/\/www.fiscaliadecuentas.gob.pa\/wp-content\/uploads\/2026\/04\/WhatsApp-Image-2026-04-29-at-3.05.59-PM-4-1030x686.jpeg\" alt=\"\" class=\"wp-image-40780\" srcset=\"https:\/\/www.fiscaliadecuentas.gob.pa\/wp-content\/uploads\/2026\/04\/WhatsApp-Image-2026-04-29-at-3.05.59-PM-4-1030x686.jpeg 1030w, https:\/\/www.fiscaliadecuentas.gob.pa\/wp-content\/uploads\/2026\/04\/WhatsApp-Image-2026-04-29-at-3.05.59-PM-4-300x200.jpeg 300w, https:\/\/www.fiscaliadecuentas.gob.pa\/wp-content\/uploads\/2026\/04\/WhatsApp-Image-2026-04-29-at-3.05.59-PM-4-768x512.jpeg 768w, https:\/\/www.fiscaliadecuentas.gob.pa\/wp-content\/uploads\/2026\/04\/WhatsApp-Image-2026-04-29-at-3.05.59-PM-4-1536x1023.jpeg 1536w, https:\/\/www.fiscaliadecuentas.gob.pa\/wp-content\/uploads\/2026\/04\/WhatsApp-Image-2026-04-29-at-3.05.59-PM-4-1500x999.jpeg 1500w, https:\/\/www.fiscaliadecuentas.gob.pa\/wp-content\/uploads\/2026\/04\/WhatsApp-Image-2026-04-29-at-3.05.59-PM-4-705x470.jpeg 705w, https:\/\/www.fiscaliadecuentas.gob.pa\/wp-content\/uploads\/2026\/04\/WhatsApp-Image-2026-04-29-at-3.05.59-PM-4-500x333.jpeg 500w, https:\/\/www.fiscaliadecuentas.gob.pa\/wp-content\/uploads\/2026\/04\/WhatsApp-Image-2026-04-29-at-3.05.59-PM-4-800x533.jpeg 800w, https:\/\/www.fiscaliadecuentas.gob.pa\/wp-content\/uploads\/2026\/04\/WhatsApp-Image-2026-04-29-at-3.05.59-PM-4-1280x853.jpeg 1280w, https:\/\/www.fiscaliadecuentas.gob.pa\/wp-content\/uploads\/2026\/04\/WhatsApp-Image-2026-04-29-at-3.05.59-PM-4.jpeg 1600w\" sizes=\"auto, (max-width: 1030px) 100vw, 1030px\" \/><\/a><\/figure>\n\n\n\n<figure class=\"wp-block-image size-large\"><a href=\"https:\/\/www.fiscaliadecuentas.gob.pa\/wp-content\/uploads\/2026\/04\/WhatsApp-Image-2026-04-29-at-3.05.59-PM-3.jpeg\"><img loading=\"lazy\" decoding=\"async\" width=\"1030\" height=\"686\" src=\"https:\/\/www.fiscaliadecuentas.gob.pa\/wp-content\/uploads\/2026\/04\/WhatsApp-Image-2026-04-29-at-3.05.59-PM-3-1030x686.jpeg\" alt=\"\" class=\"wp-image-40781\" srcset=\"https:\/\/www.fiscaliadecuentas.gob.pa\/wp-content\/uploads\/2026\/04\/WhatsApp-Image-2026-04-29-at-3.05.59-PM-3-1030x686.jpeg 1030w, https:\/\/www.fiscaliadecuentas.gob.pa\/wp-content\/uploads\/2026\/04\/WhatsApp-Image-2026-04-29-at-3.05.59-PM-3-300x200.jpeg 300w, https:\/\/www.fiscaliadecuentas.gob.pa\/wp-content\/uploads\/2026\/04\/WhatsApp-Image-2026-04-29-at-3.05.59-PM-3-768x512.jpeg 768w, https:\/\/www.fiscaliadecuentas.gob.pa\/wp-content\/uploads\/2026\/04\/WhatsApp-Image-2026-04-29-at-3.05.59-PM-3-1536x1023.jpeg 1536w, https:\/\/www.fiscaliadecuentas.gob.pa\/wp-content\/uploads\/2026\/04\/WhatsApp-Image-2026-04-29-at-3.05.59-PM-3-1500x999.jpeg 1500w, https:\/\/www.fiscaliadecuentas.gob.pa\/wp-content\/uploads\/2026\/04\/WhatsApp-Image-2026-04-29-at-3.05.59-PM-3-705x470.jpeg 705w, https:\/\/www.fiscaliadecuentas.gob.pa\/wp-content\/uploads\/2026\/04\/WhatsApp-Image-2026-04-29-at-3.05.59-PM-3-500x333.jpeg 500w, https:\/\/www.fiscaliadecuentas.gob.pa\/wp-content\/uploads\/2026\/04\/WhatsApp-Image-2026-04-29-at-3.05.59-PM-3-800x533.jpeg 800w, https:\/\/www.fiscaliadecuentas.gob.pa\/wp-content\/uploads\/2026\/04\/WhatsApp-Image-2026-04-29-at-3.05.59-PM-3-1280x853.jpeg 1280w, https:\/\/www.fiscaliadecuentas.gob.pa\/wp-content\/uploads\/2026\/04\/WhatsApp-Image-2026-04-29-at-3.05.59-PM-3.jpeg 1600w\" sizes=\"auto, (max-width: 1030px) 100vw, 1030px\" \/><\/a><\/figure>\n\n\n\n<figure class=\"wp-block-image size-large\"><a href=\"https:\/\/www.fiscaliadecuentas.gob.pa\/wp-content\/uploads\/2026\/04\/IMG_7358.JPG-scaled.jpeg\"><img loading=\"lazy\" decoding=\"async\" width=\"1030\" height=\"687\" src=\"https:\/\/www.fiscaliadecuentas.gob.pa\/wp-content\/uploads\/2026\/04\/IMG_7358.JPG-1030x687.jpeg\" alt=\"\" class=\"wp-image-40782\" srcset=\"https:\/\/www.fiscaliadecuentas.gob.pa\/wp-content\/uploads\/2026\/04\/IMG_7358.JPG-1030x687.jpeg 1030w, https:\/\/www.fiscaliadecuentas.gob.pa\/wp-content\/uploads\/2026\/04\/IMG_7358.JPG-300x200.jpeg 300w, https:\/\/www.fiscaliadecuentas.gob.pa\/wp-content\/uploads\/2026\/04\/IMG_7358.JPG-768x512.jpeg 768w, https:\/\/www.fiscaliadecuentas.gob.pa\/wp-content\/uploads\/2026\/04\/IMG_7358.JPG-1536x1024.jpeg 1536w, https:\/\/www.fiscaliadecuentas.gob.pa\/wp-content\/uploads\/2026\/04\/IMG_7358.JPG-2048x1365.jpeg 2048w, https:\/\/www.fiscaliadecuentas.gob.pa\/wp-content\/uploads\/2026\/04\/IMG_7358.JPG-1500x1000.jpeg 1500w, https:\/\/www.fiscaliadecuentas.gob.pa\/wp-content\/uploads\/2026\/04\/IMG_7358.JPG-705x470.jpeg 705w, https:\/\/www.fiscaliadecuentas.gob.pa\/wp-content\/uploads\/2026\/04\/IMG_7358.JPG-500x333.jpeg 500w, https:\/\/www.fiscaliadecuentas.gob.pa\/wp-content\/uploads\/2026\/04\/IMG_7358.JPG-800x533.jpeg 800w, https:\/\/www.fiscaliadecuentas.gob.pa\/wp-content\/uploads\/2026\/04\/IMG_7358.JPG-1280x853.jpeg 1280w, https:\/\/www.fiscaliadecuentas.gob.pa\/wp-content\/uploads\/2026\/04\/IMG_7358.JPG-1920x1280.jpeg 1920w\" sizes=\"auto, (max-width: 1030px) 100vw, 1030px\" \/><\/a><\/figure>\n\n\n\n<figure class=\"wp-block-image size-large\"><a href=\"https:\/\/www.fiscaliadecuentas.gob.pa\/wp-content\/uploads\/2026\/04\/WhatsApp-Image-2026-04-29-at-3.06.00-PM-1.jpeg\"><img loading=\"lazy\" decoding=\"async\" width=\"1030\" height=\"686\" src=\"https:\/\/www.fiscaliadecuentas.gob.pa\/wp-content\/uploads\/2026\/04\/WhatsApp-Image-2026-04-29-at-3.06.00-PM-1-1030x686.jpeg\" alt=\"\" class=\"wp-image-40783\" srcset=\"https:\/\/www.fiscaliadecuentas.gob.pa\/wp-content\/uploads\/2026\/04\/WhatsApp-Image-2026-04-29-at-3.06.00-PM-1-1030x686.jpeg 1030w, https:\/\/www.fiscaliadecuentas.gob.pa\/wp-content\/uploads\/2026\/04\/WhatsApp-Image-2026-04-29-at-3.06.00-PM-1-300x200.jpeg 300w, https:\/\/www.fiscaliadecuentas.gob.pa\/wp-content\/uploads\/2026\/04\/WhatsApp-Image-2026-04-29-at-3.06.00-PM-1-768x512.jpeg 768w, https:\/\/www.fiscaliadecuentas.gob.pa\/wp-content\/uploads\/2026\/04\/WhatsApp-Image-2026-04-29-at-3.06.00-PM-1-1536x1023.jpeg 1536w, https:\/\/www.fiscaliadecuentas.gob.pa\/wp-content\/uploads\/2026\/04\/WhatsApp-Image-2026-04-29-at-3.06.00-PM-1-1500x999.jpeg 1500w, https:\/\/www.fiscaliadecuentas.gob.pa\/wp-content\/uploads\/2026\/04\/WhatsApp-Image-2026-04-29-at-3.06.00-PM-1-705x470.jpeg 705w, https:\/\/www.fiscaliadecuentas.gob.pa\/wp-content\/uploads\/2026\/04\/WhatsApp-Image-2026-04-29-at-3.06.00-PM-1-500x333.jpeg 500w, https:\/\/www.fiscaliadecuentas.gob.pa\/wp-content\/uploads\/2026\/04\/WhatsApp-Image-2026-04-29-at-3.06.00-PM-1-800x533.jpeg 800w, https:\/\/www.fiscaliadecuentas.gob.pa\/wp-content\/uploads\/2026\/04\/WhatsApp-Image-2026-04-29-at-3.06.00-PM-1-1280x853.jpeg 1280w, https:\/\/www.fiscaliadecuentas.gob.pa\/wp-content\/uploads\/2026\/04\/WhatsApp-Image-2026-04-29-at-3.06.00-PM-1.jpeg 1600w\" sizes=\"auto, (max-width: 1030px) 100vw, 1030px\" \/><\/a><\/figure>\n\n\n\n<figure class=\"wp-block-image size-large\"><a href=\"https:\/\/www.fiscaliadecuentas.gob.pa\/wp-content\/uploads\/2026\/04\/WhatsApp-Image-2026-04-29-at-3.05.59-PM-2.jpeg\"><img loading=\"lazy\" decoding=\"async\" width=\"1030\" height=\"686\" src=\"https:\/\/www.fiscaliadecuentas.gob.pa\/wp-content\/uploads\/2026\/04\/WhatsApp-Image-2026-04-29-at-3.05.59-PM-2-1030x686.jpeg\" alt=\"\" class=\"wp-image-40785\" srcset=\"https:\/\/www.fiscaliadecuentas.gob.pa\/wp-content\/uploads\/2026\/04\/WhatsApp-Image-2026-04-29-at-3.05.59-PM-2-1030x686.jpeg 1030w, https:\/\/www.fiscaliadecuentas.gob.pa\/wp-content\/uploads\/2026\/04\/WhatsApp-Image-2026-04-29-at-3.05.59-PM-2-300x200.jpeg 300w, https:\/\/www.fiscaliadecuentas.gob.pa\/wp-content\/uploads\/2026\/04\/WhatsApp-Image-2026-04-29-at-3.05.59-PM-2-768x512.jpeg 768w, https:\/\/www.fiscaliadecuentas.gob.pa\/wp-content\/uploads\/2026\/04\/WhatsApp-Image-2026-04-29-at-3.05.59-PM-2-1536x1023.jpeg 1536w, https:\/\/www.fiscaliadecuentas.gob.pa\/wp-content\/uploads\/2026\/04\/WhatsApp-Image-2026-04-29-at-3.05.59-PM-2-1500x999.jpeg 1500w, https:\/\/www.fiscaliadecuentas.gob.pa\/wp-content\/uploads\/2026\/04\/WhatsApp-Image-2026-04-29-at-3.05.59-PM-2-705x470.jpeg 705w, https:\/\/www.fiscaliadecuentas.gob.pa\/wp-content\/uploads\/2026\/04\/WhatsApp-Image-2026-04-29-at-3.05.59-PM-2-500x333.jpeg 500w, https:\/\/www.fiscaliadecuentas.gob.pa\/wp-content\/uploads\/2026\/04\/WhatsApp-Image-2026-04-29-at-3.05.59-PM-2-800x533.jpeg 800w, https:\/\/www.fiscaliadecuentas.gob.pa\/wp-content\/uploads\/2026\/04\/WhatsApp-Image-2026-04-29-at-3.05.59-PM-2-1280x853.jpeg 1280w, https:\/\/www.fiscaliadecuentas.gob.pa\/wp-content\/uploads\/2026\/04\/WhatsApp-Image-2026-04-29-at-3.05.59-PM-2.jpeg 1600w\" sizes=\"auto, (max-width: 1030px) 100vw, 1030px\" \/><\/a><\/figure>\n","protected":false},"excerpt":{"rendered":"<p>Desaf\u00edos de la Contrataci\u00f3n P\u00fablica y las Reformas al C\u00f3digo Procesal Civil, fueron los temas puntuales durante la jornada de actualizaci\u00f3n formativa en la Jurisdicci\u00f3n de Cuentas, que realiz\u00f3 la [&hellip;]<\/p>\n","protected":false},"author":4,"featured_media":40778,"comment_status":"closed","ping_status":"closed","sticky":false,"template":"","format":"standard","meta":{"_EventAllDay":false,"_EventTimezone":"","_EventStartDate":"","_EventEndDate":"","_EventStartDateUTC":"","_EventEndDateUTC":"","_EventShowMap":false,"_EventShowMapLink":false,"_EventURL":"","_EventCost":"","_EventCostDescription":"","_EventCurrencySymbol":"","_EventCurrencyCode":"","_EventCurrencyPosition":"","_EventDateTimeSeparator":"","_EventTimeRangeSeparator":"","_EventOrganizerID":[],"_EventVenueID":[],"_OrganizerEmail":"","_OrganizerPhone":"","_OrganizerWebsite":"","_VenueAddress":"","_VenueCity":"","_VenueCountry":"","_VenueProvince":"","_VenueState":"","_VenueZip":"","_VenuePhone":"","_VenueURL":"","_VenueStateProvince":"","_VenueLat":"","_VenueLng":"","_VenueShowMap":false,"_VenueShowMapLink":false,"footnotes":""},"categories":[1],"tags":[],"class_list":["post-40777","post","type-post","status-publish","format-standard","has-post-thumbnail","hentry","category-noticias"],"_links":{"self":[{"href":"https:\/\/www.fiscaliadecuentas.gob.pa\/index.php?rest_route=\/wp\/v2\/posts\/40777","targetHints":{"allow":["GET"]}}],"collection":[{"href":"https:\/\/www.fiscaliadecuentas.gob.pa\/index.php?rest_route=\/wp\/v2\/posts"}],"about":[{"href":"https:\/\/www.fiscaliadecuentas.gob.pa\/index.php?rest_route=\/wp\/v2\/types\/post"}],"author":[{"embeddable":true,"href":"https:\/\/www.fiscaliadecuentas.gob.pa\/index.php?rest_route=\/wp\/v2\/users\/4"}],"replies":[{"embeddable":true,"href":"https:\/\/www.fiscaliadecuentas.gob.pa\/index.php?rest_route=%2Fwp%2Fv2%2Fcomments&post=40777"}],"version-history":[{"count":1,"href":"https:\/\/www.fiscaliadecuentas.gob.pa\/index.php?rest_route=\/wp\/v2\/posts\/40777\/revisions"}],"predecessor-version":[{"id":40786,"href":"https:\/\/www.fiscaliadecuentas.gob.pa\/index.php?rest_route=\/wp\/v2\/posts\/40777\/revisions\/40786"}],"wp:featuredmedia":[{"embeddable":true,"href":"https:\/\/www.fiscaliadecuentas.gob.pa\/index.php?rest_route=\/wp\/v2\/media\/40778"}],"wp:attachment":[{"href":"https:\/\/www.fiscaliadecuentas.gob.pa\/index.php?rest_route=%2Fwp%2Fv2%2Fmedia&parent=40777"}],"wp:term":[{"taxonomy":"category","embeddable":true,"href":"https:\/\/www.fiscaliadecuentas.gob.pa\/index.php?rest_route=%2Fwp%2Fv2%2Fcategories&post=40777"},{"taxonomy":"post_tag","embeddable":true,"href":"https:\/\/www.fiscaliadecuentas.gob.pa\/index.php?rest_route=%2Fwp%2Fv2%2Ftags&post=40777"}],"curies":[{"name":"wp","href":"https:\/\/api.w.org\/{rel}","templated":true}]}}